{"id":8222,"date":"2025-12-13T12:50:13","date_gmt":"2025-12-13T09:50:13","guid":{"rendered":"https:\/\/habermarmaratv.com\/?p=8222"},"modified":"2025-12-13T12:50:13","modified_gmt":"2025-12-13T09:50:13","slug":"marmarada-hava-nasil-olacak","status":"publish","type":"post","link":"https:\/\/habermarmaratv.com\/index.php\/2025\/12\/13\/marmarada-hava-nasil-olacak\/","title":{"rendered":"Marmara\u2019da Hava Nas\u0131l Olacak?"},"content":{"rendered":"\n<p>Marmara B\u00f6lgesi genelinde bug\u00fcn hava <strong>par\u00e7al\u0131 ve \u00e7ok bulutlu<\/strong> ge\u00e7ecek. B\u00f6lge genelinde <strong>ya\u011f\u0131\u015f beklenmezken<\/strong>, s\u0131cakl\u0131klar mevsim normalleri civar\u0131nda seyredecek. Sabah ve gece saatlerinde yer yer <strong>serin hava<\/strong> etkili olurken, g\u00fcn i\u00e7inde s\u0131cakl\u0131klar art\u0131\u015f g\u00f6sterecek.<\/p>\n\n\n\n<p>R\u00fczgar\u0131n genellikle <strong>hafif ve orta kuvvette<\/strong> esmesi bekleniyor. \u00d6zellikle k\u0131y\u0131 kesimlerde zaman zaman bulutlar\u0131n a\u00e7\u0131lmas\u0131yla birlikte <strong>g\u00fcne\u015fli aral\u0131klar<\/strong> g\u00f6r\u00fclebilecek.<\/p>\n\n\n\n<p>Yetkililer, sabah saatlerinde olu\u015fabilecek <strong>pus ve sis<\/strong>e kar\u015f\u0131 s\u00fcr\u00fcc\u00fcleri dikkatli olmalar\u0131 konusunda uyar\u0131yor.<\/p>\n\n\n\n<h3 class=\"wp-block-heading\">B\u00f6lge Genelinde Beklenen S\u0131cakl\u0131klar:<\/h3>\n\n\n\n<ul class=\"wp-block-list\">\n<li><strong>\u0130stanbul:<\/strong> 10\u201312\u00b0C<\/li>\n\n\n\n<li><strong>Bursa:<\/strong> 9\u201311\u00b0C<\/li>\n\n\n\n<li><strong>Kocaeli:<\/strong> 10\u201312\u00b0C<\/li>\n\n\n\n<li><strong>Tekirda\u011f:<\/strong> 9\u201311\u00b0C<\/li>\n\n\n\n<li><strong>Bal\u0131kesir:<\/strong> 8\u201310\u00b0C<\/li>\n<\/ul>\n\n\n\n<p>Marmara\u2019da \u00f6n\u00fcm\u00fczdeki g\u00fcnlerde de hava ko\u015fullar\u0131n\u0131n <strong>ya\u011f\u0131\u015fs\u0131z ve \u0131l\u0131man<\/strong> seyretmesi bekleniyor.<\/p>\n\n\n<figure class=\"wp-block-post-featured-image\"><img loading=\"lazy\" decoding=\"async\" width=\"300\" height=\"168\" src=\"https:\/\/habermarmaratv.com\/wp-content\/uploads\/2025\/12\/DDDDD.jpe\" class=\"attachment-post-thumbnail size-post-thumbnail wp-post-image\" alt=\"\" style=\"object-fit:cover;\" \/><\/figure>","protected":false},"excerpt":{"rendered":"<p>Marmara B\u00f6lgesi genelinde bug\u00fcn hava par\u00e7al\u0131 ve \u00e7ok bulutlu ge\u00e7ecek. B\u00f6lge genelinde ya\u011f\u0131\u015f beklenmezken, s\u0131cakl\u0131klar mevsim normalleri civar\u0131nda seyredecek. Sabah ve gece saatlerinde yer yer serin hava etkili olurken, g\u00fcn i\u00e7inde s\u0131cakl\u0131klar art\u0131\u015f g\u00f6sterecek. R\u00fczgar\u0131n genellikle hafif ve orta kuvvette esmesi bekleniyor. \u00d6zellikle k\u0131y\u0131 kesimlerde zaman zaman bulutlar\u0131n a\u00e7\u0131lmas\u0131yla birlikte g\u00fcne\u015fli aral\u0131klar g\u00f6r\u00fclebilecek. Yetkililer, sabah [&hellip;]<\/p>\n","protected":false},"author":1,"featured_media":8223,"comment_status":"open","ping_status":"open","sticky":false,"template":"","format":"standard","meta":{"footnotes":""},"categories":[10],"tags":[],"class_list":["post-8222","post","type-post","status-publish","format-standard","has-post-thumbnail","hentry","category-gundem"],"_links":{"self":[{"href":"https:\/\/habermarmaratv.com\/index.php\/wp-json\/wp\/v2\/posts\/8222","targetHints":{"allow":["GET"]}}],"collection":[{"href":"https:\/\/habermarmaratv.com\/index.php\/wp-json\/wp\/v2\/posts"}],"about":[{"href":"https:\/\/habermarmaratv.com\/index.php\/wp-json\/wp\/v2\/types\/post"}],"author":[{"embeddable":true,"href":"https:\/\/habermarmaratv.com\/index.php\/wp-json\/wp\/v2\/users\/1"}],"replies":[{"embeddable":true,"href":"https:\/\/habermarmaratv.com\/index.php\/wp-json\/wp\/v2\/comments?post=8222"}],"version-history":[{"count":1,"href":"https:\/\/habermarmaratv.com\/index.php\/wp-json\/wp\/v2\/posts\/8222\/revisions"}],"predecessor-version":[{"id":8224,"href":"https:\/\/habermarmaratv.com\/index.php\/wp-json\/wp\/v2\/posts\/8222\/revisions\/8224"}],"wp:featuredmedia":[{"embeddable":true,"href":"https:\/\/habermarmaratv.com\/index.php\/wp-json\/wp\/v2\/media\/8223"}],"wp:attachment":[{"href":"https:\/\/habermarmaratv.com\/index.php\/wp-json\/wp\/v2\/media?parent=8222"}],"wp:term":[{"taxonomy":"category","embeddable":true,"href":"https:\/\/habermarmaratv.com\/index.php\/wp-json\/wp\/v2\/categories?post=8222"},{"taxonomy":"post_tag","embeddable":true,"href":"https:\/\/habermarmaratv.com\/index.php\/wp-json\/wp\/v2\/tags?post=8222"}],"curies":[{"name":"wp","href":"https:\/\/api.w.org\/{rel}","templated":true}]}}