{"id":8219,"date":"2025-12-13T12:45:14","date_gmt":"2025-12-13T09:45:14","guid":{"rendered":"https:\/\/habermarmaratv.com\/?p=8219"},"modified":"2025-12-13T12:45:14","modified_gmt":"2025-12-13T09:45:14","slug":"unluler-gundemde-sosyal-medyayi-sallayan-paylasimlar-ve-surpriz-gelismeler","status":"publish","type":"post","link":"https:\/\/habermarmaratv.com\/index.php\/2025\/12\/13\/unluler-gundemde-sosyal-medyayi-sallayan-paylasimlar-ve-surpriz-gelismeler\/","title":{"rendered":"\u00dcnl\u00fcler G\u00fcndemde: Sosyal Medyay\u0131 Sallayan Payla\u015f\u0131mlar ve S\u00fcrpriz Geli\u015fmeler"},"content":{"rendered":"\n<p>Magazin d\u00fcnyas\u0131 yeni haftaya h\u0131zl\u0131 bir giri\u015f yapt\u0131. Sanat, m\u00fczik ve televizyon d\u00fcnyas\u0131n\u0131n tan\u0131nm\u0131\u015f isimleri hem projeleri hem de sosyal medya payla\u015f\u0131mlar\u0131yla g\u00fcndem olmaya devam ediyor.<\/p>\n\n\n\n<h2 class=\"wp-block-heading\">Sosyal Medyada Dikkat \u00c7eken Payla\u015f\u0131mlar<\/h2>\n\n\n\n<p>Son g\u00fcnlerde bir\u00e7ok \u00fcnl\u00fc isim, ki\u015fisel hesaplar\u0131ndan yapt\u0131\u011f\u0131 payla\u015f\u0131mlarla takip\u00e7ilerinin ilgisini \u00e7ekti. Yeni imajlar, tatil kareleri ve \u00f6zel hayatlar\u0131na dair payla\u015f\u0131mlar k\u0131sa s\u00fcrede binlerce be\u011feni ve yorum ald\u0131.<\/p>\n\n\n\n<h2 class=\"wp-block-heading\">Yeni Projeler Pe\u015f Pe\u015fe Geliyor<\/h2>\n\n\n\n<p>Dizi ve sinema d\u00fcnyas\u0131nda da hareketlilik s\u00fcr\u00fcyor. Sevilen oyuncular\u0131n yer alaca\u011f\u0131 yeni projeler i\u00e7in haz\u0131rl\u0131klar h\u0131z kazand\u0131. Yap\u0131m \u015firketlerinden gelen ilk bilgiler, izleyiciyi ekrana kilitleyecek yap\u0131mlar\u0131n yolda oldu\u011funu g\u00f6steriyor.<\/p>\n\n\n\n<h2 class=\"wp-block-heading\">M\u00fczik D\u00fcnyas\u0131nda Yo\u011fun Tempo<\/h2>\n\n\n\n<p>Pop\u00fcler \u015fark\u0131c\u0131lar konser maratonuna devam ederken, st\u00fcdyo \u00e7al\u0131\u015fmalar\u0131n\u0131 s\u00fcrd\u00fcren isimler de bulunuyor. \u00d6n\u00fcm\u00fczdeki d\u00f6nemde yay\u0131mlanmas\u0131 beklenen yeni alb\u00fcm ve single\u2019lar m\u00fczik listelerinde b\u00fcy\u00fck rekabet yaratacak.<\/p>\n\n\n\n<h2 class=\"wp-block-heading\">Magazin Kulisi Hareketli<\/h2>\n\n\n\n<p>\u00dcnl\u00fc isimlerin \u00f6zel hayatlar\u0131na dair iddialar magazin kulislerinde konu\u015fulmaya devam ediyor. Baz\u0131 \u00fcnl\u00fc \u00e7iftlerin evlilik haz\u0131rl\u0131\u011f\u0131nda oldu\u011fu, baz\u0131 isimlerin ise yollar\u0131n\u0131 ay\u0131rd\u0131\u011f\u0131 \u00f6ne s\u00fcr\u00fcl\u00fcyor.<\/p>\n\n\n\n<h2 class=\"wp-block-heading\">G\u00f6zler A\u00e7\u0131klamalarda<\/h2>\n\n\n\n<p>G\u00fcndeme gelen iddialarla ilgili \u00fcnl\u00fc isimlerden gelecek resmi a\u00e7\u0131klamalar merakla bekleniyor. Magazin d\u00fcnyas\u0131ndaki geli\u015fmeler \u00f6n\u00fcm\u00fczdeki g\u00fcnlerde de yak\u0131ndan takip edilecek.<\/p>\n\n\n\n<hr class=\"wp-block-separator has-alpha-channel-opacity\"\/>\n\n\n<figure class=\"wp-block-post-featured-image\"><img loading=\"lazy\" decoding=\"async\" width=\"1024\" height=\"1536\" src=\"https:\/\/habermarmaratv.com\/wp-content\/uploads\/2025\/12\/AAAA.png\" class=\"attachment-post-thumbnail size-post-thumbnail wp-post-image\" alt=\"\" style=\"object-fit:cover;\" srcset=\"https:\/\/habermarmaratv.com\/wp-content\/uploads\/2025\/12\/AAAA.png 1024w, https:\/\/habermarmaratv.com\/wp-content\/uploads\/2025\/12\/AAAA-200x300.png 200w, https:\/\/habermarmaratv.com\/wp-content\/uploads\/2025\/12\/AAAA-683x1024.png 683w, https:\/\/habermarmaratv.com\/wp-content\/uploads\/2025\/12\/AAAA-768x1152.png 768w\" sizes=\"auto, (max-width: 1024px) 100vw, 1024px\" \/><\/figure>\n\n\n<p><\/p>\n","protected":false},"excerpt":{"rendered":"<p>Magazin d\u00fcnyas\u0131 yeni haftaya h\u0131zl\u0131 bir giri\u015f yapt\u0131. Sanat, m\u00fczik ve televizyon d\u00fcnyas\u0131n\u0131n tan\u0131nm\u0131\u015f isimleri hem projeleri hem de sosyal medya payla\u015f\u0131mlar\u0131yla g\u00fcndem olmaya devam ediyor. Sosyal Medyada Dikkat \u00c7eken Payla\u015f\u0131mlar Son g\u00fcnlerde bir\u00e7ok \u00fcnl\u00fc isim, ki\u015fisel hesaplar\u0131ndan yapt\u0131\u011f\u0131 payla\u015f\u0131mlarla takip\u00e7ilerinin ilgisini \u00e7ekti. Yeni imajlar, tatil kareleri ve \u00f6zel hayatlar\u0131na dair payla\u015f\u0131mlar k\u0131sa s\u00fcrede binlerce [&hellip;]<\/p>\n","protected":false},"author":1,"featured_media":8220,"comment_status":"open","ping_status":"open","sticky":false,"template":"","format":"standard","meta":{"footnotes":""},"categories":[9],"tags":[],"class_list":["post-8219","post","type-post","status-publish","format-standard","has-post-thumbnail","hentry","category-magazin"],"_links":{"self":[{"href":"https:\/\/habermarmaratv.com\/index.php\/wp-json\/wp\/v2\/posts\/8219","targetHints":{"allow":["GET"]}}],"collection":[{"href":"https:\/\/habermarmaratv.com\/index.php\/wp-json\/wp\/v2\/posts"}],"about":[{"href":"https:\/\/habermarmaratv.com\/index.php\/wp-json\/wp\/v2\/types\/post"}],"author":[{"embeddable":true,"href":"https:\/\/habermarmaratv.com\/index.php\/wp-json\/wp\/v2\/users\/1"}],"replies":[{"embeddable":true,"href":"https:\/\/habermarmaratv.com\/index.php\/wp-json\/wp\/v2\/comments?post=8219"}],"version-history":[{"count":1,"href":"https:\/\/habermarmaratv.com\/index.php\/wp-json\/wp\/v2\/posts\/8219\/revisions"}],"predecessor-version":[{"id":8221,"href":"https:\/\/habermarmaratv.com\/index.php\/wp-json\/wp\/v2\/posts\/8219\/revisions\/8221"}],"wp:featuredmedia":[{"embeddable":true,"href":"https:\/\/habermarmaratv.com\/index.php\/wp-json\/wp\/v2\/media\/8220"}],"wp:attachment":[{"href":"https:\/\/habermarmaratv.com\/index.php\/wp-json\/wp\/v2\/media?parent=8219"}],"wp:term":[{"taxonomy":"category","embeddable":true,"href":"https:\/\/habermarmaratv.com\/index.php\/wp-json\/wp\/v2\/categories?post=8219"},{"taxonomy":"post_tag","embeddable":true,"href":"https:\/\/habermarmaratv.com\/index.php\/wp-json\/wp\/v2\/tags?post=8219"}],"curies":[{"name":"wp","href":"https:\/\/api.w.org\/{rel}","templated":true}]}}