{"id":6975,"date":"2024-07-03T20:42:57","date_gmt":"2024-07-03T17:42:57","guid":{"rendered":"https:\/\/habermarmaratv.com\/index.php\/2024\/07\/03\/cumhuriyet-bassavcisi-yilmazdan-habere-veda-ziyareti\/"},"modified":"2024-07-03T20:42:57","modified_gmt":"2024-07-03T17:42:57","slug":"cumhuriyet-bassavcisi-yilmazdan-habere-veda-ziyareti","status":"publish","type":"post","link":"https:\/\/habermarmaratv.com\/index.php\/2024\/07\/03\/cumhuriyet-bassavcisi-yilmazdan-habere-veda-ziyareti\/","title":{"rendered":"Cumhuriyet Ba\u015fsavc\u0131s\u0131 Y\u0131lmaz\u2019dan Haber\u2019e veda ziyareti"},"content":{"rendered":"<p> [ad_1]<br \/>\n<br \/><img decoding=\"async\" src=\"https:\/\/www.marmarahaber.com.tr\/resimler\/2024-7\/3\/843161405806787.webp\" \/><\/p>\n<div id=\"detaymetin\">\n<p><span class=\"text-big\">2021 y\u0131l\u0131ndan bu yana \u00c7erkezk\u00f6y Cumhuriyet Ba\u015fsavc\u0131l\u0131\u011f\u0131 g\u00f6revine y\u00fcr\u00fcten ve ge\u00e7ti\u011fimiz haftalarda yay\u0131mlanan kararname ile Bayburt Cumhuriyet Ba\u015fsavc\u0131l\u0131\u011f\u0131\u2019na atanan Burak Y\u0131lmaz, Marmara Haber ve \u00c7erkezk\u00f6y Haber Gazetelerine veda ziyaretinde bulundu.\u00a0<\/span><\/p>\n<p>\u00a0<\/p>\n<p>\u00a0<\/p>\n<p><span class=\"text-big\">Bayburt Cumhuriyet Ba\u015fsavc\u0131l\u0131\u011f\u0131\u2019na atanmas\u0131n\u0131n ard\u0131ndan veda ziyaretlerine ba\u015flayan \u00c7erkezk\u00f6y Cumhuriyet Ba\u015fsavc\u0131s\u0131 Burak Y\u0131lmaz d\u00fcn de Marmara Haber ve \u00c7erkezk\u00f6y Haber Gazetelerine veda ziyaretinde bulundu. Gazeteci \u015eaban Karde\u015f ile g\u00f6r\u00fc\u015fen \u00c7erkezk\u00f6y Cumhuriyet Ba\u015fsavc\u0131s\u0131 Burak Y\u0131lmaz, g\u00f6rev s\u00fcresince \u00c7erkezk\u00f6y\u2019de bas\u0131nla seviyeli bir ili\u015fki y\u00fcr\u00fctt\u00fcklerini, \u00c7erkezk\u00f6y\u2019den g\u00fczel bir \u015fekilde ayr\u0131laca\u011f\u0131n\u0131 belirterek \u201cElimizden geldi\u011fince g\u00f6revimizi en iyi \u015fekilde yapmaya \u00e7al\u0131\u015ft\u0131k. Kanuna, hukuka ayk\u0131r\u0131 hi\u00e7bir i\u015fleme g\u00f6z yummad\u0131k. Hukuka ayk\u0131r\u0131 hi\u00e7bir i\u015flem yapmaman\u0131n vicdani rahatl\u0131\u011f\u0131yla \u00c7erkezk\u00f6y\u2019den ayr\u0131l\u0131yoruz\u201d dedi.\u00a0<\/span><\/p>\n<p>\u00a0<\/p>\n<p><span class=\"text-big\"><strong>\u201cBAKANLIKTAN ONAY BEKL\u0130YORUZ\u201d<\/strong><\/span><\/p>\n<p>\u00a0<\/p>\n<p><span class=\"text-big\">G\u00f6rev s\u00fcresince kamu kurum ve kurulu\u015flar\u0131 ba\u015fta olmak \u00fczere \u00c7erkezk\u00f6y halk\u0131yla milletin devlete ve adalete olan sayg\u0131nl\u0131\u011f\u0131n\u0131 peki\u015ftirdiklerini dile getiren Cumhuriyet Ba\u015fsavc\u0131s\u0131 Burak Y\u0131lmaz, \u00c7erkezk\u00f6y\u2019de yakla\u015f\u0131k 3 ay \u00f6nce kurulan A\u011f\u0131r Ceza Mahkemesi i\u00e7in Barbaros Caddesi \u00fczerinde kiralanacak ek bina i\u00e7in Bakanl\u0131ktan onay beklediklerini belirterek \u201c\u0130cra M\u00fcd\u00fcrl\u00fc\u011f\u00fc ve Hukuk Mahkemelerini ek binaya ta\u015f\u0131y\u0131p, Ceza Mahkemeleri mevcut yerinde kalacak \u015fekilde bir projemiz var\u201d diye konu\u015ftu.\u00a0<\/span><\/p>\n<p>\u00a0<\/p>\n<p><span class=\"text-big\"><strong>\u201c\u0130Y\u0130 KADROLARLA, \u0130Y\u0130 \u0130NSANLARLA \u00c7ALI\u015eTIK\u201d<\/strong><\/span><\/p>\n<p>\u00a0<\/p>\n<p><span class=\"text-big\">Mesle\u011fe Beypazar\u0131 Cumhuriyet Savc\u0131s\u0131 olarak ba\u015flayan, 2017 y\u0131l\u0131 \u015eubat ay\u0131nda Yarg\u0131tay Tetkik Hakimli\u011fi, ayn\u0131 y\u0131l Ekim ay\u0131nda Ayd\u0131n Cumhuriyet Savc\u0131l\u0131\u011f\u0131, 25 May\u0131s 2021 tarihli Resmi Gazete\u2019de yay\u0131mlanan Hakimler ve Savc\u0131lar Kurulu\u2019nun kararnamesi ile \u00c7erkezk\u00f6y Cumhuriyet Ba\u015fsavc\u0131l\u0131\u011f\u0131 g\u00f6revine atanan Burak Y\u0131lmaz, Bayburt\u2019un 5\u2019inci g\u00f6rev yeri olaca\u011f\u0131n\u0131 belirterek \u201cAllah iyilerle kar\u015f\u0131la\u015ft\u0131rs\u0131n. Biz o a\u00e7\u0131dan \u015fansl\u0131yd\u0131k. Hem kadro olarak iyi kadrolarla \u00e7al\u0131\u015ft\u0131k hem de sizin gibi iyi insanlarla \u00e7al\u0131\u015ft\u0131k. G\u00fczel bir ortamda g\u00f6rev yapt\u0131k. \u00c7erkezk\u00f6y ve Kapakl\u0131\u2019da n\u00fcfus ve i\u015f yo\u011funlu\u011fu \u00e7ok fazla. Buna ra\u011fmen iyi bir ortamda g\u00f6revimizi lay\u0131k\u0131yla yapmaya \u00e7al\u0131\u015ft\u0131k\u201d ifadelerini kulland\u0131.\u00a0<\/span><\/p>\n<p>\u00a0<\/p>\n<p><span class=\"text-big\"><strong>\u00c7ERKEZK\u00d6Y\u2019DEK\u0130 H\u0130ZMETLER\u0130NDEN DOLAYI TE\u015eEKK\u00dcR ETT\u0130<\/strong><\/span><\/p>\n<p>\u00a0<\/p>\n<p><span class=\"text-big\">Gazeteci \u015eaban Karde\u015f de \u00c7erkezk\u00f6y\u2019deki ba\u015far\u0131l\u0131 ve \u00f6zverili \u00e7al\u0131\u015fmalar\u0131ndan dolay\u0131 Cumhuriyet Ba\u015fsavc\u0131s\u0131 Burak Y\u0131lmaz\u2019a te\u015fekk\u00fcr ederek, kendisine yeni g\u00f6rev yerinde ba\u015far\u0131lar diledi.\u00a0<\/span><\/p>\n<p>\u00a0<\/p>\n<p><span class=\"text-big\"><strong>Haber \/ G\u00fclveren ALTUNO\u011eLU<\/strong><\/span><\/p>\n<\/p><\/div>\n<p>[ad_2]<br \/>\n<br \/><a href=\"https:\/\/www.marmarahaber.com.tr\/haber\/cumhuriyet_bassavcisi_yilmazdan_habere_veda_ziyareti-89244.html\">Source link <\/a><\/p>\n","protected":false},"excerpt":{"rendered":"<p>[ad_1] 2021 y\u0131l\u0131ndan bu yana \u00c7erkezk\u00f6y Cumhuriyet Ba\u015fsavc\u0131l\u0131\u011f\u0131 g\u00f6revine y\u00fcr\u00fcten ve ge\u00e7ti\u011fimiz haftalarda yay\u0131mlanan kararname ile Bayburt Cumhuriyet Ba\u015fsavc\u0131l\u0131\u011f\u0131\u2019na atanan Burak Y\u0131lmaz, Marmara Haber ve \u00c7erkezk\u00f6y Haber Gazetelerine veda ziyaretinde bulundu.\u00a0 \u00a0 \u00a0 Bayburt Cumhuriyet Ba\u015fsavc\u0131l\u0131\u011f\u0131\u2019na atanmas\u0131n\u0131n ard\u0131ndan veda ziyaretlerine ba\u015flayan \u00c7erkezk\u00f6y Cumhuriyet Ba\u015fsavc\u0131s\u0131 Burak Y\u0131lmaz d\u00fcn de Marmara Haber ve \u00c7erkezk\u00f6y Haber Gazetelerine veda [&hellip;]<\/p>\n","protected":false},"author":1,"featured_media":6976,"comment_status":"open","ping_status":"open","sticky":false,"template":"","format":"standard","meta":{"footnotes":""},"categories":[10],"tags":[],"class_list":["post-6975","post","type-post","status-publish","format-standard","has-post-thumbnail","hentry","category-gundem"],"_links":{"self":[{"href":"https:\/\/habermarmaratv.com\/index.php\/wp-json\/wp\/v2\/posts\/6975","targetHints":{"allow":["GET"]}}],"collection":[{"href":"https:\/\/habermarmaratv.com\/index.php\/wp-json\/wp\/v2\/posts"}],"about":[{"href":"https:\/\/habermarmaratv.com\/index.php\/wp-json\/wp\/v2\/types\/post"}],"author":[{"embeddable":true,"href":"https:\/\/habermarmaratv.com\/index.php\/wp-json\/wp\/v2\/users\/1"}],"replies":[{"embeddable":true,"href":"https:\/\/habermarmaratv.com\/index.php\/wp-json\/wp\/v2\/comments?post=6975"}],"version-history":[{"count":0,"href":"https:\/\/habermarmaratv.com\/index.php\/wp-json\/wp\/v2\/posts\/6975\/revisions"}],"wp:featuredmedia":[{"embeddable":true,"href":"https:\/\/habermarmaratv.com\/index.php\/wp-json\/wp\/v2\/media\/6976"}],"wp:attachment":[{"href":"https:\/\/habermarmaratv.com\/index.php\/wp-json\/wp\/v2\/media?parent=6975"}],"wp:term":[{"taxonomy":"category","embeddable":true,"href":"https:\/\/habermarmaratv.com\/index.php\/wp-json\/wp\/v2\/categories?post=6975"},{"taxonomy":"post_tag","embeddable":true,"href":"https:\/\/habermarmaratv.com\/index.php\/wp-json\/wp\/v2\/tags?post=6975"}],"curies":[{"name":"wp","href":"https:\/\/api.w.org\/{rel}","templated":true}]}}