{"id":696,"date":"2023-08-04T03:50:35","date_gmt":"2023-08-04T00:50:35","guid":{"rendered":"https:\/\/habermarmaratv.com\/index.php\/2023\/08\/04\/en-yetkili-isim-acikladi-gorevimiz-tehlikenin-istanbul-cekimleri-iptal-edilmedi-sinema\/"},"modified":"2023-08-04T03:50:35","modified_gmt":"2023-08-04T00:50:35","slug":"en-yetkili-isim-acikladi-gorevimiz-tehlikenin-istanbul-cekimleri-iptal-edilmedi-sinema","status":"publish","type":"post","link":"https:\/\/habermarmaratv.com\/index.php\/2023\/08\/04\/en-yetkili-isim-acikladi-gorevimiz-tehlikenin-istanbul-cekimleri-iptal-edilmedi-sinema\/","title":{"rendered":"En yetkili isim a\u00e7\u0131klad\u0131: G\u00f6revimiz Tehlike&#8217;nin \u0130stanbul \u00e7ekimleri iptal edilmedi &#8211; Sinema"},"content":{"rendered":"<p><img decoding=\"async\" src=\"https:\/\/www.murekkephaber.com\/images\/haberler\/2023\/08\/gorevimiz-tehlike-nin-istanbul-cekimleri-iptal-edilmedi-4574.jpg\" \/><\/p>\n<div>\n<div class=\"detay\" property=\"articleBody\">\n<p><strong>&#8220;G\u00f6revimiz Tehlike&#8221;<\/strong>\u00a0serisinin y\u00f6netmeni\u00a0<strong>Christopher McQuarrie<\/strong>&#8216;nin \u0130stanbul&#8217;a gelip Kapal\u0131\u00e7ar\u015f\u0131&#8217;da mekan ke\u015ffi yaparken g\u00f6r\u00fcnt\u00fclenmesi \u00fczerine ekibin filmi \u00e7ekmekten va\u00e7ge\u00e7ti\u011fi y\u00f6n\u00fcndeki haberler g\u00fcndeme damga vurmu\u015ftu.<\/p>\n<p>Konuyla ilgili a\u00e7\u0131klama K\u00fclt\u00fcr ve Turizm Bakan\u0131 Mehmet Nuri Ersoy&#8217;dan geldi.<\/p>\n<p>2023 y\u0131l\u0131 ilk 6 ayl\u0131k turizm verilerini a\u00e7\u0131klad\u0131\u011f\u0131 bas\u0131n toplant\u0131s\u0131nda y\u00f6neltilen soru \u00fczerine konuyla ilgili bir a\u00e7\u0131klama yapan Bakan Mehmet Nuri Ersoy, &#8220;Biri densizlik yapt\u0131 diye \u00f6yle hemen iptal olmaz, merak etmeyin&#8221; dedi.<\/p>\n<p>T\u00fcrkiye\u00a0Sinema\u00a0Genel M\u00fcd\u00fcrl\u00fc\u011f\u00fc&#8217;yle birlikte yabanc\u0131 prod\u00fcksiyonlara destek verdiklerini a\u00e7\u0131klayan Bakan, Guy Ritchi&#8217;nin Antalya&#8217;da\u00a0film\u00a0\u00e7ekti\u011fini hat\u0131rlatarak yine \u00f6yle b\u00fcy\u00fck prod\u00fcksiyonlara ev sahipli\u011fi yap\u0131laca\u011f\u0131n\u0131n alt\u0131n\u0131 \u00e7izdi.<\/p>\n<\/p><\/div>\n<\/p><\/div>\n","protected":false},"excerpt":{"rendered":"<p>&#8220;G\u00f6revimiz Tehlike&#8221;\u00a0serisinin y\u00f6netmeni\u00a0Christopher McQuarrie&#8216;nin \u0130stanbul&#8217;a gelip Kapal\u0131\u00e7ar\u015f\u0131&#8217;da mekan ke\u015ffi yaparken g\u00f6r\u00fcnt\u00fclenmesi \u00fczerine ekibin filmi \u00e7ekmekten va\u00e7ge\u00e7ti\u011fi y\u00f6n\u00fcndeki haberler g\u00fcndeme damga vurmu\u015ftu. Konuyla ilgili a\u00e7\u0131klama K\u00fclt\u00fcr ve Turizm Bakan\u0131 Mehmet Nuri Ersoy&#8217;dan geldi. 2023 y\u0131l\u0131 ilk 6 ayl\u0131k turizm verilerini a\u00e7\u0131klad\u0131\u011f\u0131 bas\u0131n toplant\u0131s\u0131nda y\u00f6neltilen soru \u00fczerine konuyla ilgili bir a\u00e7\u0131klama yapan Bakan Mehmet Nuri Ersoy, &#8220;Biri [&hellip;]<\/p>\n","protected":false},"author":1,"featured_media":697,"comment_status":"open","ping_status":"open","sticky":false,"template":"","format":"standard","meta":{"footnotes":""},"categories":[11],"tags":[],"class_list":["post-696","post","type-post","status-publish","format-standard","has-post-thumbnail","hentry","category-trsektor"],"_links":{"self":[{"href":"https:\/\/habermarmaratv.com\/index.php\/wp-json\/wp\/v2\/posts\/696","targetHints":{"allow":["GET"]}}],"collection":[{"href":"https:\/\/habermarmaratv.com\/index.php\/wp-json\/wp\/v2\/posts"}],"about":[{"href":"https:\/\/habermarmaratv.com\/index.php\/wp-json\/wp\/v2\/types\/post"}],"author":[{"embeddable":true,"href":"https:\/\/habermarmaratv.com\/index.php\/wp-json\/wp\/v2\/users\/1"}],"replies":[{"embeddable":true,"href":"https:\/\/habermarmaratv.com\/index.php\/wp-json\/wp\/v2\/comments?post=696"}],"version-history":[{"count":0,"href":"https:\/\/habermarmaratv.com\/index.php\/wp-json\/wp\/v2\/posts\/696\/revisions"}],"wp:featuredmedia":[{"embeddable":true,"href":"https:\/\/habermarmaratv.com\/index.php\/wp-json\/wp\/v2\/media\/697"}],"wp:attachment":[{"href":"https:\/\/habermarmaratv.com\/index.php\/wp-json\/wp\/v2\/media?parent=696"}],"wp:term":[{"taxonomy":"category","embeddable":true,"href":"https:\/\/habermarmaratv.com\/index.php\/wp-json\/wp\/v2\/categories?post=696"},{"taxonomy":"post_tag","embeddable":true,"href":"https:\/\/habermarmaratv.com\/index.php\/wp-json\/wp\/v2\/tags?post=696"}],"curies":[{"name":"wp","href":"https:\/\/api.w.org\/{rel}","templated":true}]}}