{"id":595,"date":"2023-07-18T19:01:40","date_gmt":"2023-07-18T16:01:40","guid":{"rendered":"https:\/\/habermarmaratv.com\/index.php\/2023\/07\/18\/altin-kozada-onur-odulleri-aciklandi-sinema\/"},"modified":"2023-07-18T19:01:40","modified_gmt":"2023-07-18T16:01:40","slug":"altin-kozada-onur-odulleri-aciklandi-sinema","status":"publish","type":"post","link":"https:\/\/habermarmaratv.com\/index.php\/2023\/07\/18\/altin-kozada-onur-odulleri-aciklandi-sinema\/","title":{"rendered":"Alt\u0131n Koza&#8217;da Onur \u00d6d\u00fclleri a\u00e7\u0131kland\u0131 &#8211; Sinema"},"content":{"rendered":"<p><img decoding=\"async\" src=\"https:\/\/www.murekkephaber.com\/images\/haberler\/2023\/07\/altin-koza-da-onur-odulleri-aciklandi-5001.jpg\" \/><\/p>\n<div property=\"articleBody\">\nBu y\u0131l, 30\u2019su d\u00fczenlenecek \u2018\u2019Uluslararas\u0131 Adana<a class=\"text-18\" href=\"https:\/\/www.murekkephaber.com\/haber\/alt\u0131n-koza\/\" title=\"alt\u0131n koza\"> alt\u0131n koza <\/a>Film Festivali\u2019\u2019, \u00a018- 24 Eyl\u00fcl tarihlerinde sinemaseverlerle bulu\u015fmaya haz\u0131rlan\u0131yor.T\u00fcrkiye Cumhuriyeti\u2019nin 100. y\u0131l\u0131nda 30.su d\u00fczenlenen festivalin bu y\u0131lki \u2018\u2019Onur \u00d6d\u00fclleri\u2019, 60 y\u0131l\u0131 a\u015fk\u0131n s\u00fcredir, sanat d\u00fcnyas\u0131nda derin izler b\u0131rakm\u0131\u015f, T\u00fcrk Sinemas\u0131\u2019n\u0131n ve tiyatrosunun usta isimleri Cihan \u00dcnal ve Perran Kutman\u2019a veriliyor.Festivalin bu y\u0131lki \u2018\u2019Onur \u00d6d\u00fclleri\u2019\u2019;Ortaokul ve lise d\u00f6neminde &#8220;\u00c7ocuk Saati&#8221; adl\u0131 radyo program\u0131 ve \u00e7ocuk tiyatrolar\u0131yla sahneye ad\u0131m atan,1962 y\u0131l\u0131nda Ankara Halkevi&#8217;nde tiyatro kurslar\u0131na kat\u0131larak burada oyunculuk yapan,Suat Ta\u015fer\u2019in y\u00f6netti\u011fi \u201c\u00d6teye Do\u011fru\u201d adl\u0131 oyunda ba\u015frolde oynayarak 1964 y\u0131l\u0131nda Ankara Devlet Konservatuar\u0131\u2019n\u0131 kazanan, Tiyatro B\u00f6l\u00fcm\u00fc y\u00fcksek k\u0131sm\u0131ndan mezun olduktan sonra ve ayn\u0131 y\u0131l Ankara Devlet Tiyatrosu&#8217;nda oyuncu olarak g\u00f6reve ba\u015flayan, sinema kariyerine ise ilk kez 1971 y\u0131l\u0131nda &#8220;Damdaki Kemanc\u0131&#8221; filmiyle ba\u015flayan, Ankara Devlet Konservatuar\u0131 oyunculuk b\u00f6l\u00fcm\u00fcnde, Mimar Sinan \u00dcniversitesi Devlet Konservatuvar\u0131 Tiyatro B\u00f6l\u00fcm\u00fcnde, 1999 y\u0131l\u0131nda Yeditepe \u00dcniversitesi&#8217;nde oyunculuk ve diksiyon derslerine girdikten sonra 2000 y\u0131l\u0131nda Hacettepe \u00dcniversitesi Devlet Konservatuvar\u0131\u2019nda e\u011fitim vererek 2001&#8217;de ayn\u0131 okulda Tiyatro Ana sanat Dal\u0131 Ba\u015fkan\u0131 olan \u00f6\u011fretim g\u00f6revlisi olarak diksiyon, mimik, rol ve sahne derslerine giren, 1982 y\u0131l\u0131nda Londra\u2019ya giderek burada e\u011fitim g\u00f6rmesinin yan\u0131 s\u0131ra misafir hocal\u0131k yapan, 1992 British Council ve Royal Shakespeare Company\u2019nin davetlisi olarak burada ses ve nefes seminerlerine kat\u0131lan, halen Tiyatro \u0130stanbul b\u00fcnyesinde oyunculuk \u00e7al\u0131\u015fmalar\u0131 ve Hacettepe \u00dcniversitesi Devlet Konservatuvar\u0131 Tiyatro Ana sanat Dal\u0131 Ba\u015fkanl\u0131\u011f\u0131 ile \u00d6\u011fretim G\u00f6revlili\u011fini devam eden, Ba\u015fkent \u0130leti\u015fim Bilimleri Akademisi&#8217;nde, Diksiyon, Spikerlik ve Sunuculuk, Seslendirme ve Oyunculuk e\u011fitimleri veren usta isim\u00a0<strong>C\u0130HAN \u00dcNAL,<\/strong><strong>\u00a0<\/strong>\u0130stanbul Belediyesi Konservatuvar\u0131 Tiyatro B\u00f6l\u00fcm\u00fc&#8217;nden mezun olduktan sonra 1967&#8217;de Ulvi Uraz Tiyatrosu`nda sahneye \u00e7\u0131kan, \u0130lk sinema deneyimini; 1972&#8217;de, y\u00f6netmenli\u011fini Nejat Saydam&#8217;\u0131n yapt\u0131\u011f\u0131 \u2018\u2019\u015eehvet\u2019\u2019 Kurban\u0131 adl\u0131 filmle yapan, T\u00fcrk Sinemas\u0131\u2019\u2019n\u0131n klasikleri i\u00e7inde say\u0131lan \u2018\u2019K\u00f6yden \u0130ndim \u015eehire, Salak Milyoner\u2019\u2019, \u2018\u2019Ne Olacak \u015eimdi?\u2019\u2019, \u2018\u2019Hababam S\u0131n\u0131f\u0131\u2019\u2019, \u2018\u2019Mavi Boncuk\u2019\u2019, \u2018\u2019B\u00fclb\u00fcl Ailesi\u2019\u2019, \u2018\u2019Evlidir Ne Yapsa Yeridir\u2019\u2019, \u2018\u2019Petrol Krallar\u0131\u2019\u2019 gibi unutulmaz filmlerde canland\u0131rd\u0131\u011f\u0131 rollerin ard\u0131ndan, \u00a0M\u00fcjdat Gezen ile beraber \u00e7e\u015fitli oyunlar ve parodiler yapan, T\u00fcrk Sinemas\u0131\u2019n\u0131n k\u00fclt filmleri serilerinden biri olan \u2018\u2019G\u0131rg\u0131riye\u2019&#8217;deki \u2018\u2019Sabahat tiplemesi\u2019\u2019 ile unutulmazlar aras\u0131na giren, 1969&#8217;da Nisa Serezli, 1973&#8217;te Sezer Sezin, 1980&#8217;de Miyatro adl\u0131 tiyatro topluluklar\u0131nda \u00e7al\u0131\u015fan, \u00a01986 y\u0131l\u0131nda izleyiciyle bulu\u015fan \u2018\u2019Perihan Abla\u2019\u2019 dizisiyle g\u00f6n\u00fcllere kaz\u0131nan, \u2018\u2019\u015eehnaz Tango\u2019\u2019, \u2018\u2019\u00dczg\u00fcn\u00fcm Leyla\u2019\u2019, \u2018\u2019Hayat Bilgisi\u2019\u2019 gibi \u00e7ok izlenmi\u015f dizilere imza atan\u00a0<strong>PERRAN KUTMAN\u2019a<\/strong>\u00a0takdim edilecek.Adana B\u00fcy\u00fck\u015fehir Belediyesi Ba\u015fkan\u0131 Zeydan Karalar\u2019\u0131n ba\u015fkanl\u0131\u011f\u0131nda d\u00fczenlenen, Festivalin Y\u00fcr\u00fctme Kurulu Ba\u015fkanl\u0131\u011f\u0131n\u0131 Menderes Samanc\u0131lar\u2019\u0131n \u00fcstlendi\u011fi festivalin Y\u00fcr\u00fctme Kurulu \u00dcyeleri ise \u0130smail Timu\u00e7in, Nebil \u00d6zgent\u00fcrk, H\u00fcseyin Orhan ve G\u00f6khan Mutlay\u2019dan olu\u015fuyor. Festival Dan\u0131\u015fmanl\u0131\u011f\u0131n\u0131 Alin Ta\u015f\u00e7\u0131yan, Esin K\u00fc\u00e7\u00fcktepep\u0131nar ve Ak\u0131n K\u0131l\u0131\u00e7\u2019\u0131n \u00fcstlendi\u011fi festivalin, D\u00fcnya Sinemas\u0131 Koordinat\u00f6rl\u00fc\u011f\u00fc g\u00f6revini ise \u0130zlem Oktay y\u00fcr\u00fct\u00fcyor. <\/div>\n","protected":false},"excerpt":{"rendered":"<p>Bu y\u0131l, 30\u2019su d\u00fczenlenecek \u2018\u2019Uluslararas\u0131 Adana alt\u0131n koza Film Festivali\u2019\u2019, \u00a018- 24 Eyl\u00fcl tarihlerinde sinemaseverlerle bulu\u015fmaya haz\u0131rlan\u0131yor.T\u00fcrkiye Cumhuriyeti\u2019nin 100. y\u0131l\u0131nda 30.su d\u00fczenlenen festivalin bu y\u0131lki \u2018\u2019Onur \u00d6d\u00fclleri\u2019, 60 y\u0131l\u0131 a\u015fk\u0131n s\u00fcredir, sanat d\u00fcnyas\u0131nda derin izler b\u0131rakm\u0131\u015f, T\u00fcrk Sinemas\u0131\u2019n\u0131n ve tiyatrosunun usta isimleri Cihan \u00dcnal ve Perran Kutman\u2019a veriliyor.Festivalin bu y\u0131lki \u2018\u2019Onur \u00d6d\u00fclleri\u2019\u2019;Ortaokul ve lise d\u00f6neminde [&hellip;]<\/p>\n","protected":false},"author":1,"featured_media":596,"comment_status":"open","ping_status":"open","sticky":false,"template":"","format":"standard","meta":{"footnotes":""},"categories":[11],"tags":[],"class_list":["post-595","post","type-post","status-publish","format-standard","has-post-thumbnail","hentry","category-trsektor"],"_links":{"self":[{"href":"https:\/\/habermarmaratv.com\/index.php\/wp-json\/wp\/v2\/posts\/595","targetHints":{"allow":["GET"]}}],"collection":[{"href":"https:\/\/habermarmaratv.com\/index.php\/wp-json\/wp\/v2\/posts"}],"about":[{"href":"https:\/\/habermarmaratv.com\/index.php\/wp-json\/wp\/v2\/types\/post"}],"author":[{"embeddable":true,"href":"https:\/\/habermarmaratv.com\/index.php\/wp-json\/wp\/v2\/users\/1"}],"replies":[{"embeddable":true,"href":"https:\/\/habermarmaratv.com\/index.php\/wp-json\/wp\/v2\/comments?post=595"}],"version-history":[{"count":0,"href":"https:\/\/habermarmaratv.com\/index.php\/wp-json\/wp\/v2\/posts\/595\/revisions"}],"wp:featuredmedia":[{"embeddable":true,"href":"https:\/\/habermarmaratv.com\/index.php\/wp-json\/wp\/v2\/media\/596"}],"wp:attachment":[{"href":"https:\/\/habermarmaratv.com\/index.php\/wp-json\/wp\/v2\/media?parent=595"}],"wp:term":[{"taxonomy":"category","embeddable":true,"href":"https:\/\/habermarmaratv.com\/index.php\/wp-json\/wp\/v2\/categories?post=595"},{"taxonomy":"post_tag","embeddable":true,"href":"https:\/\/habermarmaratv.com\/index.php\/wp-json\/wp\/v2\/tags?post=595"}],"curies":[{"name":"wp","href":"https:\/\/api.w.org\/{rel}","templated":true}]}}