{"id":5765,"date":"2024-03-04T06:22:48","date_gmt":"2024-03-04T03:22:48","guid":{"rendered":"https:\/\/habermarmaratv.com\/index.php\/2024\/03\/04\/istanbul-sanat-sanat-mekani\/"},"modified":"2024-03-04T06:22:48","modified_gmt":"2024-03-04T03:22:48","slug":"istanbul-sanat-sanat-mekani","status":"publish","type":"post","link":"https:\/\/habermarmaratv.com\/index.php\/2024\/03\/04\/istanbul-sanat-sanat-mekani\/","title":{"rendered":"\u0130stanbul Sanat &#8211; Sanat Mekan\u0131"},"content":{"rendered":"<p><img decoding=\"async\" src=\"https:\/\/www.murekkephaber.com\/images\/haberler\/2024\/03\/istanbul-sanat-1777.jpg\" \/><\/p>\n<div>\n<p>\nHali\u00e7 Tersanesi, Osmanl\u0131 Devleti\u2019nin \u201cdenizcilik \u00fcss\u00fc\u201d Ters\u00e2ne-i \u00c2mire\u2019nin g\u00fcn\u00fcm\u00fcze ula\u015fan b\u00f6l\u00fcmlerinden biridir. Fatih Sultan Mehmed, Osmanl\u0131\u2019n\u0131n gemicilik ve ticaret merkezi konumundaki Hali\u00e7\u2019in, tersane yap\u0131m\u0131 i\u00e7in uygun oldu\u011funa karar vererek Kaptan-\u0131 Derya Hamza Pa\u015fa\u2019y\u0131 g\u00f6revlendirmi\u015f; b\u00f6ylece 1455 y\u0131l\u0131nda birka\u00e7 g\u00f6z ve cami ile divanhaneden olu\u015fan ilk tersane kurularak Ters\u00e2ne-i \u00c2mire\u2019nin temelleri at\u0131lm\u0131\u015ft\u0131r. I. Selim d\u00f6neminde 300g\u00f6zl\u00fc olarak geli\u015ftirilmesi planlanan Ters\u00e2ne-i \u00c2mire\u2019nin s\u0131n\u0131rlar\u0131, 1515y\u0131l\u0131nda yeni eklemelerle Galata\u2019dan Kas\u0131mpa\u015fa\u2019ya do\u011fru geni\u015flemi\u015ftir. Y\u0131llari\u00e7inde b\u00fcy\u00fcmeye devam eden Ters\u00e2ne-i \u00c2mire; zamanla tersane g\u00f6zleri, havuzlar, k\u0131zaklar, k\u0131\u015flalar, divanhaneler, cami ve mescitler, zindanlar, mahzenler, fabrikalar, at\u00f6lyeler, kas\u0131rlar, kap\u0131lar, iskeleler ve mektep gibi farkl\u0131 yap\u0131 gruplar\u0131n\u0131 i\u00e7eren b\u00fcy\u00fck bir denizcilik kompleksine d\u00f6n\u00fc\u015fm\u00fc\u015ft\u00fcr. 16. y\u00fczy\u0131lda Osmanl\u0131 Devleti s\u0131n\u0131rlar\u0131ndaki tersaneler idari olarak Ters\u00e2ne-i \u00c2mire\u2019ye ba\u011flanm\u0131\u015f; bu y\u00fczy\u0131lda \u00f6nemli bir deniz g\u00fcc\u00fc haline gelen Osmanl\u0131\u2019n\u0131n g\u00fc\u00e7l\u00fc bir donanma olu\u015fturmas\u0131 ve denizlerdeki h\u00e2kimiyetini korumas\u0131 a\u00e7\u0131s\u0131ndan Ters\u00e2ne-i \u00c2mire b\u00fcy\u00fck bir \u00f6nem te\u015fkil etmi\u015ftir. Genel olarak k\u00fcrekli ve yelkenli gemilerin in\u015fa edildi\u011fi Ters\u00e2ne\u2019de buhar g\u00fcc\u00fcyle \u00e7al\u0131\u015fan gemilerin in\u015fas\u0131 ise19. y\u00fczy\u0131lda ba\u015flam\u0131\u015ft\u0131r. Ters\u00e2ne-i \u00c2mire, 1913 y\u0131l\u0131nda Ta\u015fk\u0131zak Tersanesi, Camialt\u0131 Tersanesi ve Hali\u00e7 Tersanesi \u015feklinde \u00fc\u00e7e b\u00f6l\u00fcnm\u00fc\u015f; her \u00fc\u00e7 tersane de g\u00fcn\u00fcm\u00fcze ula\u015fmay\u0131 ba\u015farm\u0131\u015ft\u0131r. Aralar\u0131ndaki tek aktif tersane olan Hali\u00e7 Tersanesi, Kas\u0131mpa\u015fa Deresi ile Atat\u00fcrk K\u00f6pr\u00fcs\u00fc aras\u0131nda konumlanmakta; 3havuz, 2 k\u0131zak, at\u00f6lyeler ve y\u00f6netim binalar\u0131ndan olu\u015fmaktad\u0131r. D\u00fcnyada i\u015flevini s\u00fcrd\u00fcren en eski tersanelerden biri olarak hizmet vermeye devam eden Hali\u00e7 Tersanesi, \u0130stanbul B\u00fcy\u00fck\u015fehir Belediyesi taraf\u0131ndan ger\u00e7ekle\u015ftirilen kapsaml\u0131 restorasyon ve yeniden i\u015flevlendirme \u00e7al\u0131\u015fmalar\u0131yla koruma alt\u0131na al\u0131narak 2024 y\u0131l\u0131nda \u201c\u0130stanbul Sanat\u201d ad\u0131yla kamusal bir ya\u015fam merkezi i\u015flevi de kazanm\u0131\u015ft\u0131r.\u00a0Adres: Emekyemez Mah. RefikSaydam Cad. No:45 Beyo\u011flu\/\u0130stanbul\u0130stanbul Sanat M\u00fczesi Ziyaret Saatleri: Pazartesi hari\u00e7 her g\u00fcn 10.00-19.00 <\/p>\n<\/p><\/div>\n","protected":false},"excerpt":{"rendered":"<p>Hali\u00e7 Tersanesi, Osmanl\u0131 Devleti\u2019nin \u201cdenizcilik \u00fcss\u00fc\u201d Ters\u00e2ne-i \u00c2mire\u2019nin g\u00fcn\u00fcm\u00fcze ula\u015fan b\u00f6l\u00fcmlerinden biridir. Fatih Sultan Mehmed, Osmanl\u0131\u2019n\u0131n gemicilik ve ticaret merkezi konumundaki Hali\u00e7\u2019in, tersane yap\u0131m\u0131 i\u00e7in uygun oldu\u011funa karar vererek Kaptan-\u0131 Derya Hamza Pa\u015fa\u2019y\u0131 g\u00f6revlendirmi\u015f; b\u00f6ylece 1455 y\u0131l\u0131nda birka\u00e7 g\u00f6z ve cami ile divanhaneden olu\u015fan ilk tersane kurularak Ters\u00e2ne-i \u00c2mire\u2019nin temelleri at\u0131lm\u0131\u015ft\u0131r. I. Selim d\u00f6neminde 300g\u00f6zl\u00fc [&hellip;]<\/p>\n","protected":false},"author":1,"featured_media":5766,"comment_status":"open","ping_status":"open","sticky":false,"template":"","format":"standard","meta":{"footnotes":""},"categories":[11],"tags":[],"class_list":["post-5765","post","type-post","status-publish","format-standard","has-post-thumbnail","hentry","category-trsektor"],"_links":{"self":[{"href":"https:\/\/habermarmaratv.com\/index.php\/wp-json\/wp\/v2\/posts\/5765","targetHints":{"allow":["GET"]}}],"collection":[{"href":"https:\/\/habermarmaratv.com\/index.php\/wp-json\/wp\/v2\/posts"}],"about":[{"href":"https:\/\/habermarmaratv.com\/index.php\/wp-json\/wp\/v2\/types\/post"}],"author":[{"embeddable":true,"href":"https:\/\/habermarmaratv.com\/index.php\/wp-json\/wp\/v2\/users\/1"}],"replies":[{"embeddable":true,"href":"https:\/\/habermarmaratv.com\/index.php\/wp-json\/wp\/v2\/comments?post=5765"}],"version-history":[{"count":0,"href":"https:\/\/habermarmaratv.com\/index.php\/wp-json\/wp\/v2\/posts\/5765\/revisions"}],"wp:featuredmedia":[{"embeddable":true,"href":"https:\/\/habermarmaratv.com\/index.php\/wp-json\/wp\/v2\/media\/5766"}],"wp:attachment":[{"href":"https:\/\/habermarmaratv.com\/index.php\/wp-json\/wp\/v2\/media?parent=5765"}],"wp:term":[{"taxonomy":"category","embeddable":true,"href":"https:\/\/habermarmaratv.com\/index.php\/wp-json\/wp\/v2\/categories?post=5765"},{"taxonomy":"post_tag","embeddable":true,"href":"https:\/\/habermarmaratv.com\/index.php\/wp-json\/wp\/v2\/tags?post=5765"}],"curies":[{"name":"wp","href":"https:\/\/api.w.org\/{rel}","templated":true}]}}