{"id":5737,"date":"2024-02-26T08:40:20","date_gmt":"2024-02-26T05:40:20","guid":{"rendered":"https:\/\/habermarmaratv.com\/index.php\/2024\/02\/26\/asli-ozgenin-yeni-filmi-faruka-berlin-film-festivalinden-odul-sinema\/"},"modified":"2024-02-26T08:40:20","modified_gmt":"2024-02-26T05:40:20","slug":"asli-ozgenin-yeni-filmi-faruka-berlin-film-festivalinden-odul-sinema","status":"publish","type":"post","link":"https:\/\/habermarmaratv.com\/index.php\/2024\/02\/26\/asli-ozgenin-yeni-filmi-faruka-berlin-film-festivalinden-odul-sinema\/","title":{"rendered":"Asl\u0131 \u00d6zge\u2019nin yeni filmi Faruk\u2019a Berlin Film Festivali\u2019nden \u00f6d\u00fcl &#8211; Sinema"},"content":{"rendered":"<p><img decoding=\"async\" src=\"https:\/\/www.murekkephaber.com\/images\/haberler\/2024\/02\/asli-ozge-nin-yeni-filmi-faruk-a-berlin-film-festivali-nden-odul-690.jpeg\" \/><\/p>\n<div>\n<div class=\"detay\" property=\"articleBody\">\nT\u00fcrkiye\u2019den festivale kat\u0131lan tek uzun metrajl\u0131 film olan\u00a0<b>\u2018Faruk\u2019<\/b>\u00a0t\u00fcm g\u00f6sterimlerinde seyircinin b\u00fcy\u00fck be\u011fenisini toplarken sinema yazarlar\u0131ndan da tam not ald\u0131. Panorama se\u00e7kisine kat\u0131lan filmler aras\u0131ndan\u00a0<b>Joyce Yang,\u00a0Ron Fogel\u00a0Barbara Lorey de Lacharriere<\/b>\u2019den olu\u015fan\u00a0<b>FIPRESCI j\u00fcrisi<\/b>\u00a0taraf\u0131ndan \u2018Faruk\u2019a verilen \u00f6d\u00fcl\u00fcn gerek\u00e7esi \u015f\u00f6yle a\u00e7\u0131kland\u0131:<b><i>\u201cSon derece derinlikli bir film olan Faruk, bir baba ve k\u0131z\u0131n\u0131n evlerine ve ili\u015fkilerine dair zamanla de\u011fi\u015fen bak\u0131\u015f a\u00e7\u0131lar\u0131n\u0131 \u00f6zg\u00fcn ve incelikle tasvir ederek ve\u00a0ya\u015flanma s\u00fcrecinde hala ayakta\u00a0kalan canl\u0131l\u0131k ve sevin\u00e7leri somutla\u015ft\u0131rarak kli\u015felere meydan okuyor.\u00a0Ya\u015flanma ve soylula\u015ft\u0131rma gibi k\u00fcresel temalar\u0131 ki\u015fisel bir hikaye arac\u0131l\u0131\u011f\u0131yla derinlemesine ve otantik bir \u015fekilde i\u015fleyerek, sanatsal m\u00fckemmeliyet ve toplumsal i\u00e7 g\u00f6r\u00fc elde etmeyi ba\u015far\u0131yor.\u00a0Bu etkileyici ve g\u00fc\u00e7l\u00fc filmiyle \u00f6vg\u00fcy\u00fc hak ediyor.\u201d<\/i><\/b>Be\u015finci filmi\u00a0<b>\u2018Faruk\u2019<\/b>\u00a0ile ba\u015far\u0131l\u0131 bir \u00e7\u0131k\u0131\u015f yapt\u0131\u011f\u0131 ilk filmi \u2018K\u00f6pr\u00fcdekiler\u2019in izinden giden \u00d6zge, ger\u00e7ek mek\u00e2nlarda \u00e7ekilen, ger\u00e7ek karakterlerden ve olaylardan esinlenen yeni filminde, sadece kentsel d\u00f6n\u00fc\u015f\u00fcm\u00fcn etkilerini de\u011fil, ayn\u0131 zamanda bir baba-k\u0131z ili\u015fkisinin karma\u015f\u0131kl\u0131klar\u0131n\u0131 da g\u00f6stererek, \u0130stanbul kalabal\u0131\u011f\u0131n\u0131n i\u00e7inde ayakta kalmaya \u00e7al\u0131\u015fan ya\u015fl\u0131 bir adam\u0131n hayat\u0131na benzersiz ve samimi bir bak\u0131\u015f sunuyor.T\u00fcrkiye-Almanya-Fransa ortak yap\u0131m\u0131 olan filmin yap\u0131mc\u0131l\u0131\u011f\u0131n\u0131\u00a0<b>EEE Films<\/b>,<b>\u00a0FC Istanbul<\/b>,\u00a0<b>Parallel 45<\/b>\u00a0ve\u00a0<b>The Post Republic<\/b>\u00a0\u00fcstleniyor.\u00a0<b>Faruk \u00d6zge<\/b>,\u00a0<b>Fikret \u00d6zge,<\/b>\u00a0<b>Derya Erkenci<\/b>,\u00a0<b>G\u00f6n\u00fcl Gezer<\/b>,\u00a0<b>Alibey G\u00fcner<\/b>,\u00a0<b>Nurdan \u00c7akmak<\/b>,\u00a0<b>Beg\u00fcm G\u00fczeldo\u011fu<\/b>\u00a0ve\u00a0<b>Semih Arslano\u011flu<\/b>\u2019nun rol ald\u0131\u011f\u0131 filmin g\u00f6r\u00fcnt\u00fc y\u00f6netmenli\u011fini\u00a0<b>Emre Erkmen<\/b>\u00a0yap\u0131yor.\u2018Faruk\u2019 Berlin Film Festivali\u2019ndeki d\u00fcnya pr\u00f6miyerinin ard\u0131ndan 2024\u2019\u00fcn ilkbahar\u0131nda T\u00fcrkiye\u2019de sinemaseverlerle bulu\u015fmaya haz\u0131rlan\u0131yor.<b>\u00a0<\/b> <\/div>\n<\/p><\/div>\n","protected":false},"excerpt":{"rendered":"<p>T\u00fcrkiye\u2019den festivale kat\u0131lan tek uzun metrajl\u0131 film olan\u00a0\u2018Faruk\u2019\u00a0t\u00fcm g\u00f6sterimlerinde seyircinin b\u00fcy\u00fck be\u011fenisini toplarken sinema yazarlar\u0131ndan da tam not ald\u0131. Panorama se\u00e7kisine kat\u0131lan filmler aras\u0131ndan\u00a0Joyce Yang,\u00a0Ron Fogel\u00a0Barbara Lorey de Lacharriere\u2019den olu\u015fan\u00a0FIPRESCI j\u00fcrisi\u00a0taraf\u0131ndan \u2018Faruk\u2019a verilen \u00f6d\u00fcl\u00fcn gerek\u00e7esi \u015f\u00f6yle a\u00e7\u0131kland\u0131:\u201cSon derece derinlikli bir film olan Faruk, bir baba ve k\u0131z\u0131n\u0131n evlerine ve ili\u015fkilerine dair zamanla de\u011fi\u015fen bak\u0131\u015f a\u00e7\u0131lar\u0131n\u0131 [&hellip;]<\/p>\n","protected":false},"author":1,"featured_media":5738,"comment_status":"open","ping_status":"open","sticky":false,"template":"","format":"standard","meta":{"footnotes":""},"categories":[11],"tags":[],"class_list":["post-5737","post","type-post","status-publish","format-standard","has-post-thumbnail","hentry","category-trsektor"],"_links":{"self":[{"href":"https:\/\/habermarmaratv.com\/index.php\/wp-json\/wp\/v2\/posts\/5737","targetHints":{"allow":["GET"]}}],"collection":[{"href":"https:\/\/habermarmaratv.com\/index.php\/wp-json\/wp\/v2\/posts"}],"about":[{"href":"https:\/\/habermarmaratv.com\/index.php\/wp-json\/wp\/v2\/types\/post"}],"author":[{"embeddable":true,"href":"https:\/\/habermarmaratv.com\/index.php\/wp-json\/wp\/v2\/users\/1"}],"replies":[{"embeddable":true,"href":"https:\/\/habermarmaratv.com\/index.php\/wp-json\/wp\/v2\/comments?post=5737"}],"version-history":[{"count":0,"href":"https:\/\/habermarmaratv.com\/index.php\/wp-json\/wp\/v2\/posts\/5737\/revisions"}],"wp:featuredmedia":[{"embeddable":true,"href":"https:\/\/habermarmaratv.com\/index.php\/wp-json\/wp\/v2\/media\/5738"}],"wp:attachment":[{"href":"https:\/\/habermarmaratv.com\/index.php\/wp-json\/wp\/v2\/media?parent=5737"}],"wp:term":[{"taxonomy":"category","embeddable":true,"href":"https:\/\/habermarmaratv.com\/index.php\/wp-json\/wp\/v2\/categories?post=5737"},{"taxonomy":"post_tag","embeddable":true,"href":"https:\/\/habermarmaratv.com\/index.php\/wp-json\/wp\/v2\/tags?post=5737"}],"curies":[{"name":"wp","href":"https:\/\/api.w.org\/{rel}","templated":true}]}}