{"id":5735,"date":"2024-02-25T17:39:44","date_gmt":"2024-02-25T14:39:44","guid":{"rendered":"https:\/\/habermarmaratv.com\/index.php\/2024\/02\/25\/asli-ozge-kimdir-sanatci\/"},"modified":"2024-02-25T17:39:44","modified_gmt":"2024-02-25T14:39:44","slug":"asli-ozge-kimdir-sanatci","status":"publish","type":"post","link":"https:\/\/habermarmaratv.com\/index.php\/2024\/02\/25\/asli-ozge-kimdir-sanatci\/","title":{"rendered":"Asl\u0131 \u00d6zge kimdir? &#8211; Sanat\u00e7\u0131"},"content":{"rendered":"<p><img decoding=\"async\" src=\"https:\/\/www.murekkephaber.com\/images\/haberler\/2024\/02\/asli-ozge-kimdir-5713.jpeg\" \/><\/p>\n<div>\n<p>\nAsl\u0131 \u00d6zge \u0130stanbul&#8217;da do\u011fdu. 2000 y\u0131l\u0131ndan beri Berlin ve \u0130stanbul\u2019da ya\u015f\u0131yor. \u0130lk uzun metrajl\u0131 filmi K\u00f6pr\u00fcdekiler, pr\u00f6miyerini 2009 y\u0131l\u0131nda Locarno ve Toronto Film Festivalleri&#8217;nde yapt\u0131 ve \u0130stanbul Film Festivali&#8217;nde En \u0130yi Film \u00d6d\u00fcl\u00fc de dahil olmak \u00fczere pek \u00e7ok \u00f6d\u00fcl kazand\u0131. \u00d6zge&#8217;nin yaz\u0131p y\u00f6netti\u011fi Hayatboyu (2013) ve Almanca \u00e7ekti\u011fi Ans\u0131z\u0131n (2016) filmleri, pr\u00f6miyerlerini Berlin Film Festivali&#8217;nin Panorama B\u00f6l\u00fcm\u00fc\u2019nde yapt\u0131; Ans\u0131z\u0131n filmi Avrupa Sinemalar\u0131 \u00d6zel Mansiyonu ve FIPRESCI \u00d6d\u00fcllerini kazand\u0131. Almanya\u2019da \u00e7ekti\u011fi Kara Kutu (2023) adl\u0131 filmi M\u00fcnih Film Festivali&#8217;nde Yeni Alman Sinemas\u0131 B\u00f6l\u00fcm\u00fc\u2019n\u00fcn a\u00e7\u0131l\u0131\u015f\u0131n\u0131 yapt\u0131 ve Roma Film Festivali&#8217;nde En \u0130yi Senaryo \u00d6d\u00fcl\u00fc&#8217;n\u00fc kazand\u0131. Son filmi Faruk (2024) d\u00fcnya pr\u00f6miyerini 74.Berlin Film Festivali&#8217;nin Panorama B\u00f6l\u00fcm\u00fc\u2018nde yapt\u0131.\u00a0 <\/p>\n<\/p><\/div>\n","protected":false},"excerpt":{"rendered":"<p>Asl\u0131 \u00d6zge \u0130stanbul&#8217;da do\u011fdu. 2000 y\u0131l\u0131ndan beri Berlin ve \u0130stanbul\u2019da ya\u015f\u0131yor. \u0130lk uzun metrajl\u0131 filmi K\u00f6pr\u00fcdekiler, pr\u00f6miyerini 2009 y\u0131l\u0131nda Locarno ve Toronto Film Festivalleri&#8217;nde yapt\u0131 ve \u0130stanbul Film Festivali&#8217;nde En \u0130yi Film \u00d6d\u00fcl\u00fc de dahil olmak \u00fczere pek \u00e7ok \u00f6d\u00fcl kazand\u0131. \u00d6zge&#8217;nin yaz\u0131p y\u00f6netti\u011fi Hayatboyu (2013) ve Almanca \u00e7ekti\u011fi Ans\u0131z\u0131n (2016) filmleri, pr\u00f6miyerlerini Berlin Film [&hellip;]<\/p>\n","protected":false},"author":1,"featured_media":5736,"comment_status":"open","ping_status":"open","sticky":false,"template":"","format":"standard","meta":{"footnotes":""},"categories":[11],"tags":[],"class_list":["post-5735","post","type-post","status-publish","format-standard","has-post-thumbnail","hentry","category-trsektor"],"_links":{"self":[{"href":"https:\/\/habermarmaratv.com\/index.php\/wp-json\/wp\/v2\/posts\/5735","targetHints":{"allow":["GET"]}}],"collection":[{"href":"https:\/\/habermarmaratv.com\/index.php\/wp-json\/wp\/v2\/posts"}],"about":[{"href":"https:\/\/habermarmaratv.com\/index.php\/wp-json\/wp\/v2\/types\/post"}],"author":[{"embeddable":true,"href":"https:\/\/habermarmaratv.com\/index.php\/wp-json\/wp\/v2\/users\/1"}],"replies":[{"embeddable":true,"href":"https:\/\/habermarmaratv.com\/index.php\/wp-json\/wp\/v2\/comments?post=5735"}],"version-history":[{"count":0,"href":"https:\/\/habermarmaratv.com\/index.php\/wp-json\/wp\/v2\/posts\/5735\/revisions"}],"wp:featuredmedia":[{"embeddable":true,"href":"https:\/\/habermarmaratv.com\/index.php\/wp-json\/wp\/v2\/media\/5736"}],"wp:attachment":[{"href":"https:\/\/habermarmaratv.com\/index.php\/wp-json\/wp\/v2\/media?parent=5735"}],"wp:term":[{"taxonomy":"category","embeddable":true,"href":"https:\/\/habermarmaratv.com\/index.php\/wp-json\/wp\/v2\/categories?post=5735"},{"taxonomy":"post_tag","embeddable":true,"href":"https:\/\/habermarmaratv.com\/index.php\/wp-json\/wp\/v2\/tags?post=5735"}],"curies":[{"name":"wp","href":"https:\/\/api.w.org\/{rel}","templated":true}]}}