{"id":5731,"date":"2024-02-24T10:52:51","date_gmt":"2024-02-24T07:52:51","guid":{"rendered":"https:\/\/habermarmaratv.com\/index.php\/2024\/02\/24\/the-boys-dizisinin-dorduncu-sezon-yayin-tarihi-aciklandi-dizi\/"},"modified":"2024-02-24T10:52:51","modified_gmt":"2024-02-24T07:52:51","slug":"the-boys-dizisinin-dorduncu-sezon-yayin-tarihi-aciklandi-dizi","status":"publish","type":"post","link":"https:\/\/habermarmaratv.com\/index.php\/2024\/02\/24\/the-boys-dizisinin-dorduncu-sezon-yayin-tarihi-aciklandi-dizi\/","title":{"rendered":"The Boys dizisinin d\u00f6rd\u00fcnc\u00fc sezon yay\u0131n tarihi a\u00e7\u0131kland\u0131 &#8211; Dizi"},"content":{"rendered":"<p><img decoding=\"async\" src=\"https:\/\/www.murekkephaber.com\/images\/haberler\/2024\/02\/the-boys-dizisinin-dorduncu-sezon-yayin-tarihi-aciklandi-9530.jpg\" \/><\/p>\n<div property=\"articleBody\">\nPrime Video, Emmy \u00f6d\u00fcll\u00fc\u00a0<em>The Boys<\/em>\u00a0dizisinin d\u00f6rd\u00fcnc\u00fc sezonunun 13 Haziran 2024\u2019te g\u00f6sterime girece\u011fini duyurdu. Dizinin yeni sezonunun ilk \u00fc\u00e7 b\u00f6l\u00fcm\u00fc 13 Haziran\u2019da yay\u0131nlan\u0131rken; 18 Temmuz Per\u015fembe g\u00fcn\u00fc final yapacak \u015fekilde her hafta bir b\u00f6l\u00fcm\u00fcn\u00fcn yay\u0131nlanmas\u0131 bekleniliyor. Sekiz b\u00f6l\u00fcmden olu\u015fan sezon, d\u00fcnyan\u0131n 240 farkl\u0131 b\u00f6lgesinde sadece Prime Video\u2019da yay\u0131nlanacak.Prime Video, Homelander\u2019\u0131n do\u011fum g\u00fcn\u00fc \u015ferefine heyecanla beklenen d\u00f6rd\u00fcnc\u00fc sezonun afi\u015f g\u00f6rselini de payla\u015ft\u0131.D\u00f6rd\u00fcnc\u00fc sezonda d\u00fcnya u\u00e7urumun e\u015fi\u011finde! G\u00fcc\u00fcne yeniden kavu\u015fan Homelander\u2019\u0131n kontrol\u00fc alt\u0131nda olan Victoria Neuman, \u015fimdi Oval Ofis\u2019e her zamankinden daha yak\u0131nd\u0131r. Ya\u015famak i\u00e7in son bir ka\u00e7 ay\u0131 kalan Butcher, hem Becca\u2019n\u0131n o\u011flunu hem de The Boys lideri pozisyonunu kaybetmi\u015ftir. Tak\u0131m\u0131n di\u011fer \u00fcyeleri art\u0131k yalanlar\u0131ndan s\u0131k\u0131lm\u0131\u015ft\u0131r. Risk oran\u0131n\u0131n her zamankinden y\u00fcksek oldu\u011fu bu d\u00f6nemde,<em>\u00a0The Boys\u00a0<\/em>tak\u0131m\u0131 \u00e7ok ge\u00e7 olmadan d\u00fcnyay\u0131 kurtarmak i\u00e7in beraber \u00e7al\u0131\u015fman\u0131n bir yolunu bulmak zorundad\u0131rlar.Karl Urban,\u00a0Jack Quaid,\u00a0Antony Starr,\u00a0Erin Moriarty,\u00a0Jessie T. Usher,\u00a0Laz Alonso,\u00a0Chace Crawford,\u00a0Tomer Capone,\u00a0Karen Fukuhara,\u00a0Colby Minifie,\u00a0Claudia Doumit\u00a0ve\u00a0Cameron Crovetti\u2019den olu\u015fan\u00a0<em>The Boys\u2019un<\/em>\u00a0oyuncu kadrosunda d\u00f6rd\u00fcnc\u00fc sezonda\u00a0Susan Heyward,\u00a0Valorie Curry\u00a0ve\u00a0Jeffrey Dean Morgan\u00a0da yer al\u0131yor.\u00a0The Boys dizisi, ayn\u0131 zamanda y\u00f6netici yap\u0131mc\u0131l\u0131\u011f\u0131n\u0131 \u00fcstlenen\u00a0Garth Ennis\u00a0ve Darick Robertson\u2019un yazd\u0131\u011f\u0131, The New York Times\u2019\u0131n en \u00e7ok satanlar listesine giren \u00e7izgi roman\u0131na dayanmaktad\u0131r. Dizinin geli\u015ftirilmesinde b\u00fcy\u00fck rol oynayan\u00a0Eric Kripke, ayn\u0131 zamanda y\u00f6netici yap\u0131mc\u0131 ve dizi sorumlusudur. Di\u011fer y\u00f6netici yap\u0131mc\u0131lar ise\u00a0Seth Rogen,\u00a0Evan Goldberg,\u00a0James Weaver,\u00a0Neal H. Moritz,\u00a0Pavun Shetty,\u00a0Phil Sgriccia,\u00a0Michaela Starr,\u00a0Paul Grellong,\u00a0David Reed,\u00a0Meredith Glynn,\u00a0Judalina Neira,\u00a0Ken F. Levin\u00a0ve\u00a0Jason Netter\u2019d\u0131r.\u00a0<em>The Boys<\/em>&#8216;un yap\u0131mc\u0131l\u0131\u011f\u0131n\u0131 Sony Pictures Television, Kripke Enterprises, Amazon MGM Studios, Original Film ve Point Gray Pictures \u00fcstlenmektedir. <\/div>\n","protected":false},"excerpt":{"rendered":"<p>Prime Video, Emmy \u00f6d\u00fcll\u00fc\u00a0The Boys\u00a0dizisinin d\u00f6rd\u00fcnc\u00fc sezonunun 13 Haziran 2024\u2019te g\u00f6sterime girece\u011fini duyurdu. Dizinin yeni sezonunun ilk \u00fc\u00e7 b\u00f6l\u00fcm\u00fc 13 Haziran\u2019da yay\u0131nlan\u0131rken; 18 Temmuz Per\u015fembe g\u00fcn\u00fc final yapacak \u015fekilde her hafta bir b\u00f6l\u00fcm\u00fcn\u00fcn yay\u0131nlanmas\u0131 bekleniliyor. Sekiz b\u00f6l\u00fcmden olu\u015fan sezon, d\u00fcnyan\u0131n 240 farkl\u0131 b\u00f6lgesinde sadece Prime Video\u2019da yay\u0131nlanacak.Prime Video, Homelander\u2019\u0131n do\u011fum g\u00fcn\u00fc \u015ferefine heyecanla beklenen d\u00f6rd\u00fcnc\u00fc [&hellip;]<\/p>\n","protected":false},"author":1,"featured_media":5732,"comment_status":"open","ping_status":"open","sticky":false,"template":"","format":"standard","meta":{"footnotes":""},"categories":[11],"tags":[],"class_list":["post-5731","post","type-post","status-publish","format-standard","has-post-thumbnail","hentry","category-trsektor"],"_links":{"self":[{"href":"https:\/\/habermarmaratv.com\/index.php\/wp-json\/wp\/v2\/posts\/5731","targetHints":{"allow":["GET"]}}],"collection":[{"href":"https:\/\/habermarmaratv.com\/index.php\/wp-json\/wp\/v2\/posts"}],"about":[{"href":"https:\/\/habermarmaratv.com\/index.php\/wp-json\/wp\/v2\/types\/post"}],"author":[{"embeddable":true,"href":"https:\/\/habermarmaratv.com\/index.php\/wp-json\/wp\/v2\/users\/1"}],"replies":[{"embeddable":true,"href":"https:\/\/habermarmaratv.com\/index.php\/wp-json\/wp\/v2\/comments?post=5731"}],"version-history":[{"count":0,"href":"https:\/\/habermarmaratv.com\/index.php\/wp-json\/wp\/v2\/posts\/5731\/revisions"}],"wp:featuredmedia":[{"embeddable":true,"href":"https:\/\/habermarmaratv.com\/index.php\/wp-json\/wp\/v2\/media\/5732"}],"wp:attachment":[{"href":"https:\/\/habermarmaratv.com\/index.php\/wp-json\/wp\/v2\/media?parent=5731"}],"wp:term":[{"taxonomy":"category","embeddable":true,"href":"https:\/\/habermarmaratv.com\/index.php\/wp-json\/wp\/v2\/categories?post=5731"},{"taxonomy":"post_tag","embeddable":true,"href":"https:\/\/habermarmaratv.com\/index.php\/wp-json\/wp\/v2\/tags?post=5731"}],"curies":[{"name":"wp","href":"https:\/\/api.w.org\/{rel}","templated":true}]}}