{"id":5718,"date":"2024-02-20T16:32:48","date_gmt":"2024-02-20T13:32:48","guid":{"rendered":"https:\/\/habermarmaratv.com\/index.php\/2024\/02\/20\/siyad-onur-ve-emek-odulleri-belirlendi-sinema\/"},"modified":"2024-02-20T16:32:48","modified_gmt":"2024-02-20T13:32:48","slug":"siyad-onur-ve-emek-odulleri-belirlendi-sinema","status":"publish","type":"post","link":"https:\/\/habermarmaratv.com\/index.php\/2024\/02\/20\/siyad-onur-ve-emek-odulleri-belirlendi-sinema\/","title":{"rendered":"S\u0130YAD Onur ve Emek \u00f6d\u00fclleri belirlendi &#8211; Sinema"},"content":{"rendered":"<p><img decoding=\"async\" src=\"https:\/\/www.murekkephaber.com\/images\/haberler\/2024\/02\/siyad-onur-ve-emek-odulleri-belirlendi-4145.jpeg\" \/><\/p>\n<div>\n<div class=\"detay\" property=\"articleBody\">\nSinema Yazarlar\u0131 Derne\u011fi (S\u0130YAD) taraf\u0131ndan 4 Mart\u2019ta d\u00fczenlenecek 56. S\u0130YAD \u00d6d\u00fclleri\u2019nde verilecek Onur ve Emek \u00f6d\u00fclleri belirlendi.\u00a0Sinema yazarlar\u0131 bu y\u0131l \u00e7ekti\u011fi filmlerle T\u00fcrkiye\u2019nin yak\u0131n tarihine odaklanan y\u00f6netmen Tomris Giritlio\u011flu\u2019na ve \u015fark\u0131c\u0131, oyuncu Lale Belk\u0131s\u2019a Onur \u00d6d\u00fcl\u00fc verecek. Emek \u00d6d\u00fcl\u00fc\u2019ne de\u011fer g\u00f6r\u00fclen isim ise\u00a0kamera \u00f6n\u00fcnde oldu\u011fu kadar kamera arkas\u0131nda da \u00e7al\u0131\u015fan, Alt\u0131n Palmiye ve Oscar \u00f6d\u00fcl\u00fc alan filmlerde rol alan Necmettin \u00c7obano\u011flu. \u00a0TOMR\u0130S G\u0130R\u0130TL\u0130O\u011eLU: T\u00dcRK\u0130YE\u2019N\u0130N YAKIN TAR\u0130H\u0130N\u0130 S\u0130NEMAYA TA\u015eIDI\u00a0\u00dcniversite \u00f6\u011frencisiyken y\u00f6netmen olma karar\u0131 alan Tomris Giritlio\u011flu, TRT\u00a0b\u00fcnyesinde\u00a0hayata ge\u00e7irdi\u011fi \u201cTabletten Belgesele\u201d\u00a0ve\u00a0\u201cBeyo\u011flu\u201d\u00a0belgeselleri ve\u00a0\u201cKantodan Tangoya\u201d adl\u0131\u00a0TV filmiyle\u00a0dikkatleri \u00e7ekmi\u015fti.\u00a0TV ve sinema\u00a0ile i\u00e7 i\u00e7e ge\u00e7en bir kariyere\u00a0sahip\u00a0olan Giritlio\u011flu ilk sinema filmi\u00a0\u201cSuyun \u00d6te\u00a0Yan\u0131\u201dn\u0131\u00a01991 y\u0131l\u0131nda\u00a0seyirciyle bulu\u015fturdu.\u00a0Giritlio\u011flu \u201cYaz Ya\u011fmuru\u201d,\u00a0\u201c80. Ad\u0131m\u201d,\u00a0\u201cSalk\u0131m Han\u0131m\u0131n Taneleri\u201d,\u00a0\u201cG\u00fcz Sanc\u0131s\u0131\u201d\u00a0ile\u00a0sinemadaki kariyerini sa\u011flamla\u015ft\u0131r\u0131rken;\u00a0\u201cAsi\u201d,\u00a0\u201cG\u00f6n\u00fcl\u00e7elen\u201d\u00a0ve\u00a0\u201cHat\u0131rla\u00a0Sevgili\u201dnin\u00a0de bulundu\u011fu pek \u00e7ok\u00a0\u00f6nemli\u00a0dizinin hayata ge\u00e7mesini sa\u011flad\u0131. Sinemas\u0131nda T\u00fcrkiye\u2019nin yak\u0131n tarihine odaklanan Giritlio\u011flu, toplumsal ve siyasi olaylar\u0131n insanlar\u0131n hayat\u0131n\u0131 nas\u0131l etkiledi\u011fini ustaca\u00a0anlatt\u0131.\u00a0YE\u015e\u0130L\u00c7AM\u2019IN UNUTULMAZLARINDAN: LALE BELKIS\u00a0Oyunculu\u011fu kadar \u015fark\u0131c\u0131l\u0131\u011f\u0131yla da\u00a0sinemam\u0131za\u00a0\u00f6nemli katk\u0131lar sunan Lale Belk\u0131s, kariyerine\u00a01960\u00a0y\u0131l\u0131nda\u00a0tiyatroyla ba\u015flad\u0131.\u00a0\u201cEvlilik Dolab\u0131\u201d,\u00a0\u201cBoeing\u00a0Boeing\u201d,\u00a0\u201cBecerikli Kaynana\u201d\u00a0gibi oyunlarda rol alan Belk\u0131s, 1960\u2019l\u0131 y\u0131llar\u0131n ortalar\u0131nda Ye\u015fil\u00e7am\u2019a transfer oldu.\u00a0\u201cBitmeyen Korku\u201d,\u00a0\u201cTarkan\u201d,\u00a0\u201cSezercik Yavrum Benim\u201d,\u00a0\u201cDa\u011f\u0131n\u0131k Yatak\u201d ve\u201cBeyaz\u00a0Melek\u201din\u00a0de aralar\u0131ndan bulundu\u011fu pek \u00e7ok yap\u0131mda rol alan Belk\u0131s ayn\u0131 zamanda filmlerde de kullan\u0131lan bir\u00e7ok \u015fark\u0131y\u0131 da seslendirdi. Bir d\u00f6nem \u0130pek Film St\u00fcdyosu\u2019nda \u00e7al\u0131\u015fan Belk\u0131s,\u00a0Sophia\u00a0Loren,\u00a0Ava\u00a0Gardner\u00a0ve Cahide\u00a0Sonku\u2019ya\u00a0sesini verdi. Lale Belk\u0131s\u2019\u0131n sanat ya\u015fam\u0131n\u0131 anlatt\u0131\u011f\u0131\u201c\u0130pek \u00c7oraplar\u201d\u00a0adl\u0131\u00a0bir\u00a0kitab\u0131\u00a0da\u00a0bulunuyor.\u00a0KAMERANIN HEM \u00d6N\u00dcNDE HEM ARKASINDA:\u00a0NECMETT\u0130N \u00c7OBANO\u011eLUNecmettin \u00c7obano\u011flu kamera arkas\u0131ndan \u00f6n\u00fcne ge\u00e7en emek\u00e7i oyunculardan. Lakin onun en b\u00fcy\u00fck \u00f6zelli\u011fi hem Alt\u0131n Palmiye hem de Oscar alan filmlerde oynayan\u00a0ender\u00a0oyunculardan biri olmas\u0131.\u00a0\u00c7obano\u011flu,\u00a0\u201cDemiryol\u201d,\u00a0\u201cKanal\u201d,\u00a0\u201cDila\u00a0Han\u0131m\u201d,\u00a0\u201cBaraj\u201d,\u00a0\u201c\u00dc\u00e7\u00a0Arkada\u015f\u201d\u0131nda\u00a0aralar\u0131nda oldu\u011fu\u00a0onlarca filmin setinde g\u00f6rev alarak\u00a0girdi sinema d\u00fcnyas\u0131na.Bu d\u00f6nemde zaman\u00a0zaman da dubl\u00f6r olarak kamera \u00f6n\u00fcne ge\u00e7en \u00c7obano\u011flu\u2019nun ger\u00e7ek anlamda oyunculuk maceras\u0131 Alt\u0131n Palmiye \u00f6d\u00fcll\u00fc\u00a0\u201cYol\u201dda\u00a0canland\u0131rd\u0131\u011f\u0131 \u00d6mer karakteriyle ba\u015flad\u0131.\u00a0Xavier\u00a0Koller\u2019in\u00a0y\u00f6netti\u011fi\u00a0En \u0130yi Yabanc\u0131 Film dal\u0131nda Oscar alan\u00a0\u201cUmuda Yolculuk\u201d\u00a0(Reise der\u00a0Hoffnung) filminde\u00a0ba\u015frolleri Nur S\u00fcrer ile payla\u015ft\u0131.\u00a0\u201cKat\u0131rc\u0131lar\u201d,\u00a0\u201cM\u00fclteci\u201d.\u00a0\u201cK\u00fc\u00e7\u00fck \u00d6zg\u00fcrl\u00fck\u201d,\u00a0\u201cKuzu\u201d,\u00a0\u201cKar\u015f\u0131la\u015fma\u201d,\u00a0\u201cEve D\u00f6n\u00fc\u015f\u201d,\u00a0\u201cSakl\u0131 D\u00fc\u015fler\u201d\u00a0ve\u00a0\u201cG\u00fcz Sanc\u0131s\u0131\u201d\u00a0filmografisinin \u00f6nemli yap\u0131mlar\u0131 aras\u0131nda\u00a0yer al\u0131yor. Sinema emek\u00e7ilerinin hak m\u00fccadelesinde\u00a0y\u0131llarca\u00a0aktif bir \u015fekilde g\u00f6rev alan \u00c7obano\u011flu,\u00a0\u00f6d\u00fcll\u00fc pek \u00e7ok filmin yan\u0131 s\u0131ra dizilerde de\u00a0oyunculuk yapt\u0131. \u00c7obano\u011flu en son \u2018Elif Ana\u2019 ve \u2018AaahhBelinda\u2019n\u0131n\u00a0yeniden \u00e7evriminde rol ald\u0131. <\/div>\n<\/p><\/div>\n","protected":false},"excerpt":{"rendered":"<p>Sinema Yazarlar\u0131 Derne\u011fi (S\u0130YAD) taraf\u0131ndan 4 Mart\u2019ta d\u00fczenlenecek 56. S\u0130YAD \u00d6d\u00fclleri\u2019nde verilecek Onur ve Emek \u00f6d\u00fclleri belirlendi.\u00a0Sinema yazarlar\u0131 bu y\u0131l \u00e7ekti\u011fi filmlerle T\u00fcrkiye\u2019nin yak\u0131n tarihine odaklanan y\u00f6netmen Tomris Giritlio\u011flu\u2019na ve \u015fark\u0131c\u0131, oyuncu Lale Belk\u0131s\u2019a Onur \u00d6d\u00fcl\u00fc verecek. Emek \u00d6d\u00fcl\u00fc\u2019ne de\u011fer g\u00f6r\u00fclen isim ise\u00a0kamera \u00f6n\u00fcnde oldu\u011fu kadar kamera arkas\u0131nda da \u00e7al\u0131\u015fan, Alt\u0131n Palmiye ve Oscar \u00f6d\u00fcl\u00fc [&hellip;]<\/p>\n","protected":false},"author":1,"featured_media":5719,"comment_status":"open","ping_status":"open","sticky":false,"template":"","format":"standard","meta":{"footnotes":""},"categories":[11],"tags":[],"class_list":["post-5718","post","type-post","status-publish","format-standard","has-post-thumbnail","hentry","category-trsektor"],"_links":{"self":[{"href":"https:\/\/habermarmaratv.com\/index.php\/wp-json\/wp\/v2\/posts\/5718","targetHints":{"allow":["GET"]}}],"collection":[{"href":"https:\/\/habermarmaratv.com\/index.php\/wp-json\/wp\/v2\/posts"}],"about":[{"href":"https:\/\/habermarmaratv.com\/index.php\/wp-json\/wp\/v2\/types\/post"}],"author":[{"embeddable":true,"href":"https:\/\/habermarmaratv.com\/index.php\/wp-json\/wp\/v2\/users\/1"}],"replies":[{"embeddable":true,"href":"https:\/\/habermarmaratv.com\/index.php\/wp-json\/wp\/v2\/comments?post=5718"}],"version-history":[{"count":0,"href":"https:\/\/habermarmaratv.com\/index.php\/wp-json\/wp\/v2\/posts\/5718\/revisions"}],"wp:featuredmedia":[{"embeddable":true,"href":"https:\/\/habermarmaratv.com\/index.php\/wp-json\/wp\/v2\/media\/5719"}],"wp:attachment":[{"href":"https:\/\/habermarmaratv.com\/index.php\/wp-json\/wp\/v2\/media?parent=5718"}],"wp:term":[{"taxonomy":"category","embeddable":true,"href":"https:\/\/habermarmaratv.com\/index.php\/wp-json\/wp\/v2\/categories?post=5718"},{"taxonomy":"post_tag","embeddable":true,"href":"https:\/\/habermarmaratv.com\/index.php\/wp-json\/wp\/v2\/tags?post=5718"}],"curies":[{"name":"wp","href":"https:\/\/api.w.org\/{rel}","templated":true}]}}