{"id":5714,"date":"2024-02-19T10:20:54","date_gmt":"2024-02-19T07:20:54","guid":{"rendered":"https:\/\/habermarmaratv.com\/index.php\/2024\/02\/19\/eflatunun-vizyon-tarihi-belli-oldu\/"},"modified":"2024-02-19T10:20:54","modified_gmt":"2024-02-19T07:20:54","slug":"eflatunun-vizyon-tarihi-belli-oldu","status":"publish","type":"post","link":"https:\/\/habermarmaratv.com\/index.php\/2024\/02\/19\/eflatunun-vizyon-tarihi-belli-oldu\/","title":{"rendered":"Efl\u00e2tun\u2019un vizyon tarihi belli oldu"},"content":{"rendered":"<p><img decoding=\"async\" src=\"https:\/\/www.murekkephaber.com\/images\/haberler\/2024\/02\/eflatun-un-vizyon-tarihi-belli-oldu-8798.jpg\" \/><br \/>Y\u00f6netmen C\u00fcneyt Karaku\u015f\u2019un \u00f6d\u00fcll\u00fc filmi\u00a0Efl\u00e2tun\u00a0seyirciyle bulu\u015fmaya haz\u0131rlan\u0131yor. G\u00f6rme engelli bir kad\u0131n ile sesine \u00e2\u015f\u0131k oldu\u011fu adam\u0131n hikayesini konu alan ve ba\u015frollerini Kerem B\u00fcrsin ile \u0130rem Helvac\u0131o\u011flu\u2019nun payla\u015ft\u0131\u011f\u0131 film, 22 Mart tarihinde seyirciyle bulu\u015facak.\u00a0<\/p>\n<p>\u0130rem Helvac\u0131o\u011flu ve Kerem B\u00fcrsin\u2019in ba\u015frollerini payla\u015ft\u0131\u011f\u0131 filmin afi\u015fi yay\u0131nland\u0131. Filmde birbirine do\u011fru bakan iki ba\u015frol\u00fcn birinin g\u00f6rme engelli olu\u015fu di\u011ferinin ise g\u00f6zlerinin kapal\u0131 halde onu hissetmeye \u00e7al\u0131\u015fmas\u0131 dikkatleri \u00e7ekti. Afi\u015fin alt g\u00f6rselinde iki oyuncunun birbirlerine ellerini uzatarak ula\u015fmaya \u00e7al\u0131\u015fmalar\u0131 aralar\u0131ndaki a\u015fk\u0131n ve engellerin ipu\u00e7lar\u0131n\u0131 verdi. Filmde Kerem B\u00fcrsin ve \u0130rem Helvac\u0131o\u011flu\u2019na Melisa Akman, Nazan Diper, Y\u0131ld\u0131z K\u00fclt\u00fcr, Erman Okay, Haydar K\u00f6yel, Nagihan G\u00fcrkan, Semiha Bezek gibi birbirinden de\u011ferli oyuncular e\u015flik ediyor.<\/p>\n<p>Film hakk\u0131nda<\/p>\n<p>Efl\u00e2tun, be\u015f ya\u015f\u0131ndayken g\u00f6rme yetisini kaybeder. Ger\u00e7ek ile hayalin birle\u015fti\u011fi noktada bir ya\u015fam kuran\u00a0Efl\u00e2tun, babas\u0131ndan kalma saat tamircisinde \u00e7al\u0131\u015f\u0131r. Ya\u011fmurlu bir g\u00fcnde kendisine sar\u0131 bir \u015femsiye emanet edip giden bir adam\u0131n sesine \u00e2\u015f\u0131k olur.<\/p>\n","protected":false},"excerpt":{"rendered":"<p>Y\u00f6netmen C\u00fcneyt Karaku\u015f\u2019un \u00f6d\u00fcll\u00fc filmi\u00a0Efl\u00e2tun\u00a0seyirciyle bulu\u015fmaya haz\u0131rlan\u0131yor. G\u00f6rme engelli bir kad\u0131n ile sesine \u00e2\u015f\u0131k oldu\u011fu adam\u0131n hikayesini konu alan ve ba\u015frollerini Kerem B\u00fcrsin ile \u0130rem Helvac\u0131o\u011flu\u2019nun payla\u015ft\u0131\u011f\u0131 film, 22 Mart tarihinde seyirciyle bulu\u015facak.\u00a0 \u0130rem Helvac\u0131o\u011flu ve Kerem B\u00fcrsin\u2019in ba\u015frollerini payla\u015ft\u0131\u011f\u0131 filmin afi\u015fi yay\u0131nland\u0131. Filmde birbirine do\u011fru bakan iki ba\u015frol\u00fcn birinin g\u00f6rme engelli olu\u015fu di\u011ferinin ise [&hellip;]<\/p>\n","protected":false},"author":1,"featured_media":5715,"comment_status":"open","ping_status":"open","sticky":false,"template":"","format":"standard","meta":{"footnotes":""},"categories":[11],"tags":[],"class_list":["post-5714","post","type-post","status-publish","format-standard","has-post-thumbnail","hentry","category-trsektor"],"_links":{"self":[{"href":"https:\/\/habermarmaratv.com\/index.php\/wp-json\/wp\/v2\/posts\/5714","targetHints":{"allow":["GET"]}}],"collection":[{"href":"https:\/\/habermarmaratv.com\/index.php\/wp-json\/wp\/v2\/posts"}],"about":[{"href":"https:\/\/habermarmaratv.com\/index.php\/wp-json\/wp\/v2\/types\/post"}],"author":[{"embeddable":true,"href":"https:\/\/habermarmaratv.com\/index.php\/wp-json\/wp\/v2\/users\/1"}],"replies":[{"embeddable":true,"href":"https:\/\/habermarmaratv.com\/index.php\/wp-json\/wp\/v2\/comments?post=5714"}],"version-history":[{"count":0,"href":"https:\/\/habermarmaratv.com\/index.php\/wp-json\/wp\/v2\/posts\/5714\/revisions"}],"wp:featuredmedia":[{"embeddable":true,"href":"https:\/\/habermarmaratv.com\/index.php\/wp-json\/wp\/v2\/media\/5715"}],"wp:attachment":[{"href":"https:\/\/habermarmaratv.com\/index.php\/wp-json\/wp\/v2\/media?parent=5714"}],"wp:term":[{"taxonomy":"category","embeddable":true,"href":"https:\/\/habermarmaratv.com\/index.php\/wp-json\/wp\/v2\/categories?post=5714"},{"taxonomy":"post_tag","embeddable":true,"href":"https:\/\/habermarmaratv.com\/index.php\/wp-json\/wp\/v2\/tags?post=5714"}],"curies":[{"name":"wp","href":"https:\/\/api.w.org\/{rel}","templated":true}]}}