{"id":57,"date":"2023-07-02T01:33:05","date_gmt":"2023-07-01T22:33:05","guid":{"rendered":"https:\/\/habermarmaratv.com\/index.php\/2023\/07\/02\/cop-konteynerlerine-suni-cim-kapli-kafes-giydirildi\/"},"modified":"2023-07-02T01:33:05","modified_gmt":"2023-07-01T22:33:05","slug":"cop-konteynerlerine-suni-cim-kapli-kafes-giydirildi","status":"publish","type":"post","link":"https:\/\/habermarmaratv.com\/index.php\/2023\/07\/02\/cop-konteynerlerine-suni-cim-kapli-kafes-giydirildi\/","title":{"rendered":"\u00c7\u00f6p konteynerlerine suni \u00e7im kapl\u0131 kafes giydirildi"},"content":{"rendered":"<div id=\"detaymetin\">\n<p><span class=\"text-big\">\u00c7\u00f6p konteynerlerini giydirme \u00e7al\u0131\u015fmalar\u0131n\u0131n devam edece\u011fi, suni \u00e7im kapl\u0131 kafes giydirmelerin \u015eark\u00f6y Belediyesi b\u00fcnyesinde \u00fcretildi\u011fi kaydedildi.<\/span><\/p>\n<p><span class=\"text-big\"><strong>\u201c\u0130LERLEYEN S\u00dcRE\u00c7TE DE DEVAM EDECEK\u201d\u00a0<\/strong><\/span><\/p>\n<p>\u00a0<\/p>\n<figure class=\"image\"><img decoding=\"async\" src=\"https:\/\/marmarahaber.com.tr\/resimler\/2023-6\/26\/803581438019987.jpg\"\/><\/figure>\n<p><span class=\"text-big\">\u015eark\u00f6y Belediye Ba\u015fkan\u0131 Alpay Var, \u201c\u2019Pusulam\u0131z \u015eark\u00f6y Sevgisi\u2019 slogan\u0131 ile \u00e7\u0131kt\u0131\u011f\u0131m\u0131z bu yolda kentimize temiz, nezih ve ferah bir g\u00f6r\u00fcn\u00fcm kazand\u0131rmak amac\u0131 ile \u00e7al\u0131\u015fmalar\u0131m\u0131z durmaks\u0131z\u0131n s\u00fcrecek. Belediyemiz b\u00fcnyesinde bulunan at\u00f6lyelerde kendi imk\u00e2nlar\u0131m\u0131zla \u00fcretti\u011fimiz \u00f6zel tasar\u0131ml\u0131 suni \u00e7im kapl\u0131 kafes giydirmeleri kentimizde bulunan \u00e7\u00f6p konteynerlerine uyguluyoruz.<\/span><\/p>\n<p><span class=\"text-big\">Ger\u00e7ekle\u015ftirdi\u011fimiz \u00e7al\u0131\u015fmayla kentimize g\u00f6rsel a\u00e7\u0131dan de\u011fer kazand\u0131r\u0131rken; vatanda\u015flar\u0131m\u0131z\u0131n daha temiz bir \u00e7evrede ya\u015famas\u0131na olanak sa\u011fl\u0131yoruz. Kent merkezinde bulunan \u00e7\u00f6p konteynerlerine suni \u00e7im kapl\u0131 kafes giydirme \u00e7al\u0131\u015fmalar\u0131m\u0131z ilerleyen s\u00fcre\u00e7te de devam edecek. \u015eark\u00f6yl\u00fc hem\u015fehrilerimize daha temiz ve estetik g\u00f6r\u00fcn\u00fcml\u00fc kentte ya\u015fama imk\u00e2n\u0131 sunmak ad\u0131na \u00e7al\u0131\u015fmalar\u0131m\u0131z\u0131 var g\u00fcc\u00fcm\u00fczle s\u00fcrd\u00fcrece\u011fiz\u201d ifadelerini kulland\u0131.\u00a0<\/span><\/p>\n<p><span class=\"text-big\"><strong>Haber \/ \u0130rem BAN\u00c7O\u00a0<\/strong><\/span><\/p>\n<\/p><\/div>\n","protected":false},"excerpt":{"rendered":"<p>\u00c7\u00f6p konteynerlerini giydirme \u00e7al\u0131\u015fmalar\u0131n\u0131n devam edece\u011fi, suni \u00e7im kapl\u0131 kafes giydirmelerin \u015eark\u00f6y Belediyesi b\u00fcnyesinde \u00fcretildi\u011fi kaydedildi. \u201c\u0130LERLEYEN S\u00dcRE\u00c7TE DE DEVAM EDECEK\u201d\u00a0 \u00a0 \u015eark\u00f6y Belediye Ba\u015fkan\u0131 Alpay Var, \u201c\u2019Pusulam\u0131z \u015eark\u00f6y Sevgisi\u2019 slogan\u0131 ile \u00e7\u0131kt\u0131\u011f\u0131m\u0131z bu yolda kentimize temiz, nezih ve ferah bir g\u00f6r\u00fcn\u00fcm kazand\u0131rmak amac\u0131 ile \u00e7al\u0131\u015fmalar\u0131m\u0131z durmaks\u0131z\u0131n s\u00fcrecek. Belediyemiz b\u00fcnyesinde bulunan at\u00f6lyelerde kendi imk\u00e2nlar\u0131m\u0131zla \u00fcretti\u011fimiz [&hellip;]<\/p>\n","protected":false},"author":1,"featured_media":58,"comment_status":"open","ping_status":"open","sticky":false,"template":"","format":"standard","meta":{"footnotes":""},"categories":[1],"tags":[],"class_list":["post-57","post","type-post","status-publish","format-standard","has-post-thumbnail","hentry","category-blog"],"_links":{"self":[{"href":"https:\/\/habermarmaratv.com\/index.php\/wp-json\/wp\/v2\/posts\/57","targetHints":{"allow":["GET"]}}],"collection":[{"href":"https:\/\/habermarmaratv.com\/index.php\/wp-json\/wp\/v2\/posts"}],"about":[{"href":"https:\/\/habermarmaratv.com\/index.php\/wp-json\/wp\/v2\/types\/post"}],"author":[{"embeddable":true,"href":"https:\/\/habermarmaratv.com\/index.php\/wp-json\/wp\/v2\/users\/1"}],"replies":[{"embeddable":true,"href":"https:\/\/habermarmaratv.com\/index.php\/wp-json\/wp\/v2\/comments?post=57"}],"version-history":[{"count":0,"href":"https:\/\/habermarmaratv.com\/index.php\/wp-json\/wp\/v2\/posts\/57\/revisions"}],"wp:featuredmedia":[{"embeddable":true,"href":"https:\/\/habermarmaratv.com\/index.php\/wp-json\/wp\/v2\/media\/58"}],"wp:attachment":[{"href":"https:\/\/habermarmaratv.com\/index.php\/wp-json\/wp\/v2\/media?parent=57"}],"wp:term":[{"taxonomy":"category","embeddable":true,"href":"https:\/\/habermarmaratv.com\/index.php\/wp-json\/wp\/v2\/categories?post=57"},{"taxonomy":"post_tag","embeddable":true,"href":"https:\/\/habermarmaratv.com\/index.php\/wp-json\/wp\/v2\/tags?post=57"}],"curies":[{"name":"wp","href":"https:\/\/api.w.org\/{rel}","templated":true}]}}