{"id":5692,"date":"2024-02-12T22:54:03","date_gmt":"2024-02-12T19:54:03","guid":{"rendered":"https:\/\/habermarmaratv.com\/index.php\/2024\/02\/12\/yazgan-bitis-tarihi-yine-uzatildi\/"},"modified":"2024-02-12T22:54:03","modified_gmt":"2024-02-12T19:54:03","slug":"yazgan-bitis-tarihi-yine-uzatildi","status":"publish","type":"post","link":"https:\/\/habermarmaratv.com\/index.php\/2024\/02\/12\/yazgan-bitis-tarihi-yine-uzatildi\/","title":{"rendered":"Yazgan: Biti\u015f tarihi yine uzat\u0131ld\u0131"},"content":{"rendered":"<p> [ad_1]<br \/>\n<\/p>\n<div id=\"detaymetin\">\n<p><span class=\"text-huge\">CHP Edirne Milletvekili Ahmet Baran Yazgan, \u201cUla\u015ft\u0131rma ve Altyap\u0131 eski Bakan\u0131 Adil Karaismailo\u011flu, \u00e7al\u0131\u015fmalar\u0131n May\u0131s 2024\u2019te tamamlanaca\u011f\u0131n\u0131 s\u00f6ylese de Cumhurba\u015fkanl\u0131\u011f\u0131\u2019n\u0131n yay\u0131nlad\u0131\u011f\u0131 2024 Y\u0131l\u0131 Yat\u0131r\u0131m Program\u0131\u2019nda biti\u015f tarihi 2027 olarak \u00f6ng\u00f6r\u00fcld\u00fc. S\u00f6z konusu programda belirtilen toplam maliyet ise 2023\u2019e oranla y\u00fczde 48 artarak, 255 milyon 900 bin liraya ula\u015ft\u0131\u201d dedi.<\/span><\/p>\n<p>\u00a0<\/p>\n<p>\u00a0<\/p>\n<figure class=\"image\"><img decoding=\"async\" src=\"https:\/\/marmarahaber.com.tr\/resimler\/2024-2\/12\/47591445968193.webp\"\/><\/figure>\n<p>\u00a0<\/p>\n<p>\u00a0<\/p>\n<p><span class=\"text-huge\">Edirne\u2019de, ad\u0131n\u0131 il\u00e7eye de vermi\u015f olan Tarihi Uzunk\u00f6pr\u00fc\u2019n\u00fcn, d\u00fcnyan\u0131n en uzun tarihi ta\u015f k\u00f6pr\u00fcs\u00fc olarak \u00f6nemi korudu\u011funu ifade eden Milletvekili Yazgan, \u201cOsmanl\u0131 Padi\u015fah\u0131 2. Murat d\u00f6neminde, 1427-1443 y\u0131llar\u0131 aras\u0131nda in\u015fa edilen bin 270 metre uzunlu\u011fundaki tarihi k\u00f6pr\u00fc, \u00e7ok kez onar\u0131m g\u00f6rd\u00fc. Bu restorasyon \u00e7al\u0131\u015fmalar\u0131n\u0131n sonuncusu ise 2021\u2019de ba\u015flat\u0131ld\u0131. Ula\u015ft\u0131rma ve Altyap\u0131 Bakanl\u0131\u011f\u0131 taraf\u0131ndan y\u00fcr\u00fcten \u00e7al\u0131\u015fmalar kapsam\u0131nda k\u00f6pr\u00fc, 2021\u2019de trafi\u011fe kapat\u0131ld\u0131. Tescilli k\u00fclt\u00fcr varl\u0131\u011f\u0131 olan ve 2015\u2019te de UNESCO D\u00fcnya K\u00fclt\u00fcr Miras\u0131 Ge\u00e7ici Listesi\u2019ne dahil edilen k\u00f6pr\u00fcyle ilgili restorasyon \u00e7al\u0131\u015fmalar\u0131 hakk\u0131nda 1 Aral\u0131k 2022\u2019de bilgilendirme yapan d\u00f6nemin Ula\u015ft\u0131rma ve Altyap\u0131 Bakan\u0131 Adil Karaismailo\u011flu, restorasyon \u00e7al\u0131\u015fmalar\u0131n\u0131n 2024\u2019\u00fcn may\u0131s ay\u0131nda tamamlanmas\u0131n\u0131 \u00f6ng\u00f6rd\u00fcklerini s\u00f6yledi. Ancak eski Bakan Karaismailo\u011flu\u2019nun verdi\u011fi tarih ile Cumhurba\u015fkanl\u0131\u011f\u0131\u2019n\u0131n yay\u0131nlad\u0131\u011f\u0131 2024 Y\u0131l\u0131 Yat\u0131r\u0131m Program\u0131\u2019nda \u00e7al\u0131\u015fmalar\u0131n biti\u015fi i\u00e7in \u00f6ng\u00f6r\u00fclen tarih tutmad\u0131. S\u00f6z konusu programda projenin biti\u015f y\u0131l\u0131 olarak 2027\u2019ye i\u015faret edildi. Projenin toplam maliyeti ise 255 milyon 900 bin liraya ula\u015ft\u0131. 2023 Y\u0131l\u0131 Yat\u0131r\u0131m Program\u0131\u2019nda projenin biti\u015fi i\u00e7in 2026 y\u0131l\u0131, toplam maliyet ise 172 milyon 920 bin lira olarak \u00f6ng\u00f6r\u00fclm\u00fc\u015ft\u00fc\u201d dedi.\u00a0<\/span><\/p>\n<p>\u00a0<\/p>\n<p><span class=\"text-huge\"><strong>\u201cED\u0130RNE\u2019N\u0130N \u00d6NEML\u0130 S\u0130MGELER\u0130NDEN B\u0130R\u0130\u201d<\/strong><\/span><\/p>\n<p>\u00a0<\/p>\n<p><span class=\"text-huge\">Restorasyon \u00e7al\u0131\u015fmalar\u0131n\u0131n tamamlanaca\u011f\u0131 tarihe ili\u015fkin yetkililerin farkl\u0131 tarihleri a\u00e7\u0131klad\u0131\u011f\u0131n\u0131 kaydeden Yazgan, \u201cToplam maliyette de bir y\u0131lda y\u00fczde 48\u2019lik art\u0131\u015f ya\u015fand\u0131. Tarihi Uzunk\u00f6pr\u00fc, Edirne\u2019nin \u00f6nemli simgelerinden biri. 2 y\u0131l\u0131 a\u015fk\u0131n s\u00fcredir restorasyon \u00e7al\u0131\u015fmalar\u0131 s\u00fcr\u00fcyor. Ancak iktidar temsilcileri, her i\u015fte oldu\u011fu gibi bu konuda da kamuoyuna yeterli bilgi vermiyor. Eski Bakan Adil Karaismailo\u011flu, \u00e7al\u0131\u015fmalar\u0131n 2024\u2019\u00fcn may\u0131s ay\u0131nda bitece\u011fini a\u00e7\u0131klam\u0131\u015ft\u0131 ancak o g\u00fcnden bu yana \u00e7al\u0131\u015fmalar hakk\u0131nda doyurucu bilgi payla\u015f\u0131lmad\u0131. Biz de konuyu Meclis\u2019e ta\u015f\u0131d\u0131k. Tarihi ve k\u00fclt\u00fcrel varl\u0131klar hepimizindir. Her f\u0131rsatta \u2018Osmanl\u0131 torunuyuz\u2019 diyenlerin, Osmanl\u0131\u2019dan g\u00fcn\u00fcm\u00fcze ula\u015fan tarihi Uzunk\u00f6pr\u00fc\u2019ye gereken \u00f6nemi vermedi\u011fini g\u00f6r\u00fcyoruz. \u00c7al\u0131\u015fmalar\u0131n maliyetinin her y\u0131l artmas\u0131 da farkl\u0131 bir konu ba\u015fl\u0131\u011f\u0131 olarak \u00f6n\u00fcm\u00fczde duruyor. Her y\u0131l \u00f6ng\u00f6r\u00fclen maliyetin katlanmas\u0131, iktidar\u0131n \u00f6ng\u00f6r\u00fcs\u00fczl\u00fc\u011f\u00fcn\u00fc g\u00f6steriyor\u201d ifadelerini kulland\u0131.\u00a0<\/span><\/p>\n<p>\u00a0<\/p>\n<p><span class=\"text-huge\"><strong>\u2018GEC\u0130KMEN\u0130N MAL\u0130YET\u0130 NED\u0130R?\u2019<\/strong><\/span><\/p>\n<p>\u00a0<\/p>\n<p><span class=\"text-huge\">CHP\u2019li Yazgan, Ula\u015ft\u0131rma ve Altyap\u0131 Bakan\u0131 Abdulkadir Uralo\u011flu\u2019na da \u015fu sorular\u0131 y\u00f6neltti: \u201cTarihi Uzunk\u00f6pr\u00fc\u2019deki restore \u00e7al\u0131\u015fmalar\u0131n\u0131n ne zaman tamamlanmas\u0131 \u00f6ng\u00f6r\u00fclmektedir? Restorasyon projenin tamamlanmas\u0131na ili\u015fkin farkl\u0131 tarihlerin verilmesinin gerek\u00e7esi nedir? Projedeki gecikmelerin maliyeti ne olmu\u015ftur?\u201d<\/span><\/p>\n<p>\u00a0<\/p>\n<p><span class=\"text-huge\"><strong>Haber \/ Buse AKIN<\/strong><\/span><\/p>\n<\/p><\/div>\n<p>[ad_2]<br \/>\n<br \/><a href=\"https:\/\/www.marmarahaber.com.tr\/haber\/yazgan_bitis_tarihi_yine_uzatildi_-87286.html\">Source link <\/a><\/p>\n","protected":false},"excerpt":{"rendered":"<p>[ad_1] CHP Edirne Milletvekili Ahmet Baran Yazgan, \u201cUla\u015ft\u0131rma ve Altyap\u0131 eski Bakan\u0131 Adil Karaismailo\u011flu, \u00e7al\u0131\u015fmalar\u0131n May\u0131s 2024\u2019te tamamlanaca\u011f\u0131n\u0131 s\u00f6ylese de Cumhurba\u015fkanl\u0131\u011f\u0131\u2019n\u0131n yay\u0131nlad\u0131\u011f\u0131 2024 Y\u0131l\u0131 Yat\u0131r\u0131m Program\u0131\u2019nda biti\u015f tarihi 2027 olarak \u00f6ng\u00f6r\u00fcld\u00fc. S\u00f6z konusu programda belirtilen toplam maliyet ise 2023\u2019e oranla y\u00fczde 48 artarak, 255 milyon 900 bin liraya ula\u015ft\u0131\u201d dedi. \u00a0 \u00a0 \u00a0 \u00a0 Edirne\u2019de, [&hellip;]<\/p>\n","protected":false},"author":1,"featured_media":5693,"comment_status":"open","ping_status":"open","sticky":false,"template":"","format":"standard","meta":{"footnotes":""},"categories":[10],"tags":[],"class_list":["post-5692","post","type-post","status-publish","format-standard","has-post-thumbnail","hentry","category-gundem"],"_links":{"self":[{"href":"https:\/\/habermarmaratv.com\/index.php\/wp-json\/wp\/v2\/posts\/5692","targetHints":{"allow":["GET"]}}],"collection":[{"href":"https:\/\/habermarmaratv.com\/index.php\/wp-json\/wp\/v2\/posts"}],"about":[{"href":"https:\/\/habermarmaratv.com\/index.php\/wp-json\/wp\/v2\/types\/post"}],"author":[{"embeddable":true,"href":"https:\/\/habermarmaratv.com\/index.php\/wp-json\/wp\/v2\/users\/1"}],"replies":[{"embeddable":true,"href":"https:\/\/habermarmaratv.com\/index.php\/wp-json\/wp\/v2\/comments?post=5692"}],"version-history":[{"count":0,"href":"https:\/\/habermarmaratv.com\/index.php\/wp-json\/wp\/v2\/posts\/5692\/revisions"}],"wp:featuredmedia":[{"embeddable":true,"href":"https:\/\/habermarmaratv.com\/index.php\/wp-json\/wp\/v2\/media\/5693"}],"wp:attachment":[{"href":"https:\/\/habermarmaratv.com\/index.php\/wp-json\/wp\/v2\/media?parent=5692"}],"wp:term":[{"taxonomy":"category","embeddable":true,"href":"https:\/\/habermarmaratv.com\/index.php\/wp-json\/wp\/v2\/categories?post=5692"},{"taxonomy":"post_tag","embeddable":true,"href":"https:\/\/habermarmaratv.com\/index.php\/wp-json\/wp\/v2\/tags?post=5692"}],"curies":[{"name":"wp","href":"https:\/\/api.w.org\/{rel}","templated":true}]}}