{"id":5503,"date":"2024-02-08T03:03:41","date_gmt":"2024-02-08T00:03:41","guid":{"rendered":"https:\/\/habermarmaratv.com\/index.php\/2024\/02\/08\/cagdas-macar-cam-sanati-turkiyede-sergi\/"},"modified":"2024-02-08T03:03:41","modified_gmt":"2024-02-08T00:03:41","slug":"cagdas-macar-cam-sanati-turkiyede-sergi","status":"publish","type":"post","link":"https:\/\/habermarmaratv.com\/index.php\/2024\/02\/08\/cagdas-macar-cam-sanati-turkiyede-sergi\/","title":{"rendered":"\u00c7a\u011fda\u015f Macar cam sanat\u0131 T\u00fcrkiye&#8217;de &#8211; Sergi"},"content":{"rendered":"<div>\n<div class=\"detay\" property=\"articleBody\">\n<p style=\"margin-bottom: 11px;\"><span style=\"font-size:18px;\"><span style=\"color:#1a1a1a\"><span text=\"\" ys=\"\"><span style=\"font-style:normal\"><span style=\"font-variant-ligatures:normal\"><span style=\"font-weight:400\"><span style=\"white-space:normal\"><span style=\"background-color:#ffffff\"><span style=\"text-decoration-thickness:initial\"><span style=\"text-decoration-style:initial\"><span style=\"text-decoration-color:initial\"><span lang=\"TR\"><span style=\"line-height:17.12px\"><span>G\u00fcn\u00fcm\u00fcz\u00fcn Macar cam sanat\u0131n\u0131n k\u00fclt\u00fcrel de\u011ferine vurgu yapmak ve yeni nesillere aktarmak ad\u0131na, Macaristan\u2019\u0131n \u00f6nde gelen cam sanat\u00e7\u0131lar\u0131n\u0131n eserlerinden olu\u015fan, \u201cGlassification.hu\u201d isimli sergi T\u00fcrkiye\u2019ye geliyor.<\/span><\/span><\/span><\/span><\/span><\/span><\/span><\/span><\/span><\/span><\/span><\/span><\/span><\/span><\/p>\n<p style=\"margin-bottom: 11px;\"><span style=\"font-size:18px;\"><span style=\"color:#1a1a1a\"><span text=\"\" ys=\"\"><span style=\"font-style:normal\"><span style=\"font-variant-ligatures:normal\"><span style=\"font-weight:400\"><span style=\"white-space:normal\"><span style=\"background-color:#ffffff\"><span style=\"text-decoration-thickness:initial\"><span style=\"text-decoration-style:initial\"><span style=\"text-decoration-color:initial\"><span lang=\"TR\"><span style=\"line-height:17.12px\"><span>2024 Macar-T\u00fcrk K\u00fclt\u00fcr Y\u0131l\u0131 kapsam\u0131nda, ilk olarak 22 Ocak tarihinde CSO Ada Ankara\u2019da izleyiciyle bulu\u015fan, 14 Subat \u2013 18 Mart\u2019ta ise Liszt Enstit\u00fcs\u00fc Macar K\u00fclt\u00fcr Merkezi\u2019nde a\u00e7\u0131k kalacak sergi, hem estetik de\u011fer hem de teknolojik kalite a\u00e7\u0131s\u0131ndan d\u00fcnya standartlar\u0131nda eserler \u00fcreten sanat\u00e7\u0131lar\u0131 bir araya getiriyor.<\/span><\/span><\/span><\/span><\/span><\/span><\/span><\/span><\/span><\/span><\/span><\/span><\/span><\/span><\/p>\n<p style=\"margin-bottom: 11px;\"><span style=\"font-size:18px;\"><img decoding=\"async\" alt=\"\" src=\"https:\/\/www.murekkephaber.com\/images\/files\/2024\/02\/65c3a3b80c3bc.jpg\" style=\"width: 650px; height: 857px;\"\/><\/span><\/p>\n<p style=\"margin-bottom: 11px;\"><span style=\"font-size:18px;\"><span style=\"color:#1a1a1a\"><span text=\"\" ys=\"\"><span style=\"font-style:normal\"><span style=\"font-variant-ligatures:normal\"><span style=\"font-weight:400\"><span style=\"white-space:normal\"><span style=\"background-color:#ffffff\"><span style=\"text-decoration-thickness:initial\"><span style=\"text-decoration-style:initial\"><span style=\"text-decoration-color:initial\"><span style=\"line-height:normal\"><span lang=\"TR\"><span>Soyut bir \u00fcslupta \u00e7al\u0131\u015fan, d\u00f6rt ku\u015faktan on sanat\u00e7\u0131n\u0131n yer ald\u0131\u011f\u0131 sergi ayn\u0131 zamanda \u00e7a\u011fda\u015f Macar cam sanat\u0131n\u0131n teknolojik \u00e7e\u015fitlili\u011fini de temsil ediyor. Sergide yer alan baz\u0131 santa\u00e7\u0131lar, ulusal ve uluslararas\u0131 \u00e7apta bir\u00e7ok \u00f6nemli \u00f6d\u00fcle sahip olurken, bug\u00fcne kadar say\u0131s\u0131z \u00e7apta eseri Macaristan ba\u015fta olmak \u00fczere, Avrupa ve Amerika Birle\u015fik Devletleri\u2019ndeki en prestijli kamu koleksiyonlar\u0131nda sergilendi.<\/span><\/span><\/span><\/span><\/span><\/span><\/span><\/span><\/span><\/span><\/span><\/span><\/span><\/span><\/p>\n<p style=\"margin-bottom: 11px;\"><span style=\"font-size:18px;\"><span style=\"color:#1a1a1a\"><span text=\"\" ys=\"\"><span style=\"font-style:normal\"><span style=\"font-variant-ligatures:normal\"><span style=\"font-weight:400\"><span style=\"white-space:normal\"><span style=\"background-color:#ffffff\"><span style=\"text-decoration-thickness:initial\"><span style=\"text-decoration-style:initial\"><span style=\"text-decoration-color:initial\"><span style=\"line-height:normal\"><span lang=\"TR\"><span>Gezici serginin ba\u015fl\u0131\u011f\u0131 cama d\u00f6n\u00fc\u015fmek anlam\u0131na gelen ve nadiren kullan\u0131lan bir \u0130ngilizce terim \u201cglassification\u201da dayan\u0131yor. Yarat\u0131c\u0131 d\u00fc\u015f\u00fcncenin cama d\u00f6n\u00fc\u015fmesi anlam\u0131nda bu terim ayn\u0131 zamanda, cam\u0131n t\u00fckenmez potansiyeline ve malzemeyle oynanan oyuna referans veren pop\u00fcler \u0130ngilizce tabir \u201cgamification\u201da (oyunla\u015ft\u0131rma) da at\u0131fta bulunuyor. Sonunda yer alan \u201c.hu\u201d eki ise g\u00fcn\u00fcm\u00fcz\u00fcn dijital \u00e7a\u011f\u0131nda \u00e7al\u0131\u015f\u0131ld\u0131\u011f\u0131na dikkat \u00e7ekerken ayn\u0131 zamanda Macaristan&#8217;\u0131n uluslararas\u0131 k\u0131saltmas\u0131na ba\u011flan\u0131yor.<\/span><\/span><\/span><\/span><\/span><\/span><\/span><\/span><\/span><\/span><\/span><\/span><\/span><\/span><\/p>\n<\/p><\/div>\n<\/p><\/div>\n","protected":false},"excerpt":{"rendered":"<p>G\u00fcn\u00fcm\u00fcz\u00fcn Macar cam sanat\u0131n\u0131n k\u00fclt\u00fcrel de\u011ferine vurgu yapmak ve yeni nesillere aktarmak ad\u0131na, Macaristan\u2019\u0131n \u00f6nde gelen cam sanat\u00e7\u0131lar\u0131n\u0131n eserlerinden olu\u015fan, \u201cGlassification.hu\u201d isimli sergi T\u00fcrkiye\u2019ye geliyor. 2024 Macar-T\u00fcrk K\u00fclt\u00fcr Y\u0131l\u0131 kapsam\u0131nda, ilk olarak 22 Ocak tarihinde CSO Ada Ankara\u2019da izleyiciyle bulu\u015fan, 14 Subat \u2013 18 Mart\u2019ta ise Liszt Enstit\u00fcs\u00fc Macar K\u00fclt\u00fcr Merkezi\u2019nde a\u00e7\u0131k kalacak sergi, hem [&hellip;]<\/p>\n","protected":false},"author":1,"featured_media":5504,"comment_status":"open","ping_status":"open","sticky":false,"template":"","format":"standard","meta":{"footnotes":""},"categories":[11],"tags":[],"class_list":["post-5503","post","type-post","status-publish","format-standard","has-post-thumbnail","hentry","category-trsektor"],"_links":{"self":[{"href":"https:\/\/habermarmaratv.com\/index.php\/wp-json\/wp\/v2\/posts\/5503","targetHints":{"allow":["GET"]}}],"collection":[{"href":"https:\/\/habermarmaratv.com\/index.php\/wp-json\/wp\/v2\/posts"}],"about":[{"href":"https:\/\/habermarmaratv.com\/index.php\/wp-json\/wp\/v2\/types\/post"}],"author":[{"embeddable":true,"href":"https:\/\/habermarmaratv.com\/index.php\/wp-json\/wp\/v2\/users\/1"}],"replies":[{"embeddable":true,"href":"https:\/\/habermarmaratv.com\/index.php\/wp-json\/wp\/v2\/comments?post=5503"}],"version-history":[{"count":0,"href":"https:\/\/habermarmaratv.com\/index.php\/wp-json\/wp\/v2\/posts\/5503\/revisions"}],"wp:featuredmedia":[{"embeddable":true,"href":"https:\/\/habermarmaratv.com\/index.php\/wp-json\/wp\/v2\/media\/5504"}],"wp:attachment":[{"href":"https:\/\/habermarmaratv.com\/index.php\/wp-json\/wp\/v2\/media?parent=5503"}],"wp:term":[{"taxonomy":"category","embeddable":true,"href":"https:\/\/habermarmaratv.com\/index.php\/wp-json\/wp\/v2\/categories?post=5503"},{"taxonomy":"post_tag","embeddable":true,"href":"https:\/\/habermarmaratv.com\/index.php\/wp-json\/wp\/v2\/tags?post=5503"}],"curies":[{"name":"wp","href":"https:\/\/api.w.org\/{rel}","templated":true}]}}