{"id":5325,"date":"2024-02-01T18:29:48","date_gmt":"2024-02-01T15:29:48","guid":{"rendered":"https:\/\/habermarmaratv.com\/index.php\/2024\/02\/01\/ek-zam-protokolu-imzalandi\/"},"modified":"2024-02-01T18:29:48","modified_gmt":"2024-02-01T15:29:48","slug":"ek-zam-protokolu-imzalandi","status":"publish","type":"post","link":"https:\/\/habermarmaratv.com\/index.php\/2024\/02\/01\/ek-zam-protokolu-imzalandi\/","title":{"rendered":"Ek zam protokol\u00fc imzaland\u0131"},"content":{"rendered":"<p> [ad_1]<br \/>\n<\/p>\n<div id=\"detaymetin\">\n<p><span class=\"text-big\">Tekirda\u011f B\u00fcy\u00fck\u015fehir Belediyesi ile D\u0130SK Genel-\u0130\u015f Sendikas\u0131 aras\u0131nda ek protokol imzaland\u0131. \u0130mza t\u00f6reninde konu\u015fan Tekirda\u011f B\u00fcy\u00fck\u015fehir Belediye Ba\u015fkan\u0131 Kadir Albayrak, \u201c\u00dclke olarak enflasyon ger\u00e7e\u011fiyle kar\u015f\u0131 kar\u015f\u0131yay\u0131z. Her alanda etkisini g\u00f6steren hayat pahal\u0131l\u0131\u011f\u0131 halk\u0131m\u0131z\u0131 derinden etkiliyor. Ekonomik ko\u015fullar\u0131n her ge\u00e7en g\u00fcn daha da a\u011f\u0131rla\u015ft\u0131\u011f\u0131 b\u00f6yle bir ortamda B\u00fcy\u00fck\u015fehir Belediyesi olarak de\u011ferli emek\u00e7ilerimizin yan\u0131nday\u0131z\u201d dedi.\u00a0<\/span><\/p>\n<p>\u00a0<\/p>\n<p>\u00a0<\/p>\n<figure class=\"image\"><img decoding=\"async\" src=\"https:\/\/marmarahaber.com.tr\/resimler\/2024-2\/1\/58220105787877.webp\"\/><\/figure>\n<p>\u00a0<\/p>\n<p>\u00a0<\/p>\n<p><span class=\"text-big\"><strong>\u201cHER ZAMAN EME\u011e\u0130N EN Y\u00dcCE DE\u011eER OLDU\u011eUNU SAVUNDUK\u201d<\/strong><\/span><\/p>\n<p>\u00a0<\/p>\n<p><span class=\"text-big\">Tekirda\u011f B\u00fcy\u00fck\u015fehir Belediyesi olarak her zaman eme\u011fin en y\u00fcce de\u011fer oldu\u011funu savunduklar\u0131n\u0131 ve emek\u00e7ilerin emeklerinin kar\u015f\u0131l\u0131\u011f\u0131n\u0131 verme gayreti i\u00e7inde olduklar\u0131n\u0131 s\u00f6yleyen Albayrak, \u201cSendika temsilcilerimiz ile yapt\u0131\u011f\u0131m\u0131z g\u00f6r\u00fc\u015fmeler sonucunda ek protokol imzalanmas\u0131 konusunda uzla\u015fmaya vard\u0131k\u201d diye konu\u015ftu.\u00a0<\/span><\/p>\n<p>\u00a0<\/p>\n<p><span class=\"text-big\"><strong>Y\u00dcZDE 50 ZAM YAPILDI<\/strong><\/span><\/p>\n<p>\u00a0<\/p>\n<p><span class=\"text-big\">Albayrak, ek protokol ile birlikte toplamda y\u00fczde 50\u2019lik zamm\u0131n b\u00fcy\u00fck\u015fehir ailesinin emek\u00e7ilerine hay\u0131rl\u0131 olmas\u0131n\u0131 temenni etti. Konu\u015fmalar\u0131n ard\u0131ndan ek zam protokol\u00fc, Tekirda\u011f B\u00fcy\u00fck\u015fehir Belediye Ba\u015fkan\u0131 Kadir Albayrak ve D\u0130SK Genel-\u0130\u015f Sendikas\u0131 Tekirda\u011f \u015eube Ba\u015fkan\u0131 Ahmet I\u015f\u0131k taraf\u0131ndan imza alt\u0131na al\u0131nd\u0131.\u00a0<\/span><\/p>\n<p>\u00a0<\/p>\n<p><span class=\"text-big\"><strong>Haber \/ Ba\u015ftu\u011f Alperen KARDE\u015e<\/strong><\/span><\/p>\n<\/p><\/div>\n<p>[ad_2]<br \/>\n<br \/><a href=\"https:\/\/www.marmarahaber.com.tr\/haber\/ek_zam_protokolu_imzalandi-87165.html\">Source link <\/a><\/p>\n","protected":false},"excerpt":{"rendered":"<p>[ad_1] Tekirda\u011f B\u00fcy\u00fck\u015fehir Belediyesi ile D\u0130SK Genel-\u0130\u015f Sendikas\u0131 aras\u0131nda ek protokol imzaland\u0131. \u0130mza t\u00f6reninde konu\u015fan Tekirda\u011f B\u00fcy\u00fck\u015fehir Belediye Ba\u015fkan\u0131 Kadir Albayrak, \u201c\u00dclke olarak enflasyon ger\u00e7e\u011fiyle kar\u015f\u0131 kar\u015f\u0131yay\u0131z. Her alanda etkisini g\u00f6steren hayat pahal\u0131l\u0131\u011f\u0131 halk\u0131m\u0131z\u0131 derinden etkiliyor. Ekonomik ko\u015fullar\u0131n her ge\u00e7en g\u00fcn daha da a\u011f\u0131rla\u015ft\u0131\u011f\u0131 b\u00f6yle bir ortamda B\u00fcy\u00fck\u015fehir Belediyesi olarak de\u011ferli emek\u00e7ilerimizin yan\u0131nday\u0131z\u201d dedi.\u00a0 \u00a0 [&hellip;]<\/p>\n","protected":false},"author":1,"featured_media":5326,"comment_status":"open","ping_status":"open","sticky":false,"template":"","format":"standard","meta":{"footnotes":""},"categories":[10],"tags":[],"class_list":["post-5325","post","type-post","status-publish","format-standard","has-post-thumbnail","hentry","category-gundem"],"_links":{"self":[{"href":"https:\/\/habermarmaratv.com\/index.php\/wp-json\/wp\/v2\/posts\/5325","targetHints":{"allow":["GET"]}}],"collection":[{"href":"https:\/\/habermarmaratv.com\/index.php\/wp-json\/wp\/v2\/posts"}],"about":[{"href":"https:\/\/habermarmaratv.com\/index.php\/wp-json\/wp\/v2\/types\/post"}],"author":[{"embeddable":true,"href":"https:\/\/habermarmaratv.com\/index.php\/wp-json\/wp\/v2\/users\/1"}],"replies":[{"embeddable":true,"href":"https:\/\/habermarmaratv.com\/index.php\/wp-json\/wp\/v2\/comments?post=5325"}],"version-history":[{"count":0,"href":"https:\/\/habermarmaratv.com\/index.php\/wp-json\/wp\/v2\/posts\/5325\/revisions"}],"wp:featuredmedia":[{"embeddable":true,"href":"https:\/\/habermarmaratv.com\/index.php\/wp-json\/wp\/v2\/media\/5326"}],"wp:attachment":[{"href":"https:\/\/habermarmaratv.com\/index.php\/wp-json\/wp\/v2\/media?parent=5325"}],"wp:term":[{"taxonomy":"category","embeddable":true,"href":"https:\/\/habermarmaratv.com\/index.php\/wp-json\/wp\/v2\/categories?post=5325"},{"taxonomy":"post_tag","embeddable":true,"href":"https:\/\/habermarmaratv.com\/index.php\/wp-json\/wp\/v2\/tags?post=5325"}],"curies":[{"name":"wp","href":"https:\/\/api.w.org\/{rel}","templated":true}]}}