{"id":5323,"date":"2024-02-01T17:24:05","date_gmt":"2024-02-01T14:24:05","guid":{"rendered":"https:\/\/habermarmaratv.com\/index.php\/2024\/02\/01\/tekirdag-tso-meclisi-yilin-ilk-toplantisini-yapti\/"},"modified":"2024-02-01T17:24:05","modified_gmt":"2024-02-01T14:24:05","slug":"tekirdag-tso-meclisi-yilin-ilk-toplantisini-yapti","status":"publish","type":"post","link":"https:\/\/habermarmaratv.com\/index.php\/2024\/02\/01\/tekirdag-tso-meclisi-yilin-ilk-toplantisini-yapti\/","title":{"rendered":"Tekirda\u011f TSO Meclisi, y\u0131l\u0131n ilk toplant\u0131s\u0131n\u0131 yapt\u0131"},"content":{"rendered":"<p> [ad_1]<br \/>\n<\/p>\n<div id=\"detaymetin\">\n<p>\u00a0<\/p>\n<p><span class=\"text-big\">Toplant\u0131da konu\u015fan Tekirda\u011f Ticaret ve Sanayi Odas\u0131 Y\u00f6netim Kurulu Ba\u015fkan\u0131 ve T\u00fcrkiye Odalar ve Borsalar Birli\u011fi (TOBB) Y\u00f6netim Kurulu \u00dcyesi Cengiz G\u00fcnay, 2024 y\u0131l\u0131n\u0131n Tekirda\u011f\u2019a ve \u00fclkemize hay\u0131rl\u0131 olmas\u0131n\u0131 temenni etti.\u00a0<\/span><\/p>\n<p>\u00a0<\/p>\n<figure class=\"image\"><img decoding=\"async\" src=\"https:\/\/marmarahaber.com.tr\/resimler\/2024-2\/1\/792471458560540.webp\"\/><\/figure>\n<p><span class=\"text-big\"><strong>\u201cH\u0130ZMETLER\u0130M\u0130Z\u0130 S\u00dcRD\u00dcRMEN\u0130N M\u00dcCADELES\u0130N\u0130 VERECE\u011e\u0130Z\u201d<\/strong><\/span><\/p>\n<p><span class=\"text-big\">2023 y\u0131l\u0131nda \u00e7al\u0131\u015fmalar\u0131n\u0131 yaparken \u00fcyelerin beklentilerini ger\u00e7ekle\u015ftirmenin yan\u0131 s\u0131ra Tekirda\u011f\u2019\u0131n ticari ve ekonomik alanda ulusal ve uluslararas\u0131 tan\u0131n\u0131rl\u0131\u011f\u0131 ile etkinli\u011fini artt\u0131rman\u0131n gayreti i\u00e7inde olduklar\u0131n\u0131 dile getiren G\u00fcnay, \u201c2024 y\u0131l\u0131nda da \u00e7al\u0131\u015fmalar\u0131m\u0131za \u00fcyelerimizden ald\u0131\u011f\u0131m\u0131z g\u00fc\u00e7le daha b\u00fcy\u00fck bir heyecan ve istekle devam ederek ilimize hizmetlerimizi s\u00fcrd\u00fcrmenin m\u00fccadelesini verece\u011fiz\u201d dedi.\u00a0<\/span><\/p>\n<p><span class=\"text-big\"><strong>Haber \/ Mehmet Burak TEKE\u015e<\/strong><\/span><\/p>\n<\/p><\/div>\n<p>[ad_2]<br \/>\n<br \/><a href=\"https:\/\/www.marmarahaber.com.tr\/haber\/tekirdag_tso_meclisi_yilin_ilk_toplantisini_yapti-87162.html\">Source link <\/a><\/p>\n","protected":false},"excerpt":{"rendered":"<p>[ad_1] \u00a0 Toplant\u0131da konu\u015fan Tekirda\u011f Ticaret ve Sanayi Odas\u0131 Y\u00f6netim Kurulu Ba\u015fkan\u0131 ve T\u00fcrkiye Odalar ve Borsalar Birli\u011fi (TOBB) Y\u00f6netim Kurulu \u00dcyesi Cengiz G\u00fcnay, 2024 y\u0131l\u0131n\u0131n Tekirda\u011f\u2019a ve \u00fclkemize hay\u0131rl\u0131 olmas\u0131n\u0131 temenni etti.\u00a0 \u00a0 \u201cH\u0130ZMETLER\u0130M\u0130Z\u0130 S\u00dcRD\u00dcRMEN\u0130N M\u00dcCADELES\u0130N\u0130 VERECE\u011e\u0130Z\u201d 2023 y\u0131l\u0131nda \u00e7al\u0131\u015fmalar\u0131n\u0131 yaparken \u00fcyelerin beklentilerini ger\u00e7ekle\u015ftirmenin yan\u0131 s\u0131ra Tekirda\u011f\u2019\u0131n ticari ve ekonomik alanda ulusal ve uluslararas\u0131 [&hellip;]<\/p>\n","protected":false},"author":1,"featured_media":5324,"comment_status":"open","ping_status":"open","sticky":false,"template":"","format":"standard","meta":{"footnotes":""},"categories":[10],"tags":[],"class_list":["post-5323","post","type-post","status-publish","format-standard","has-post-thumbnail","hentry","category-gundem"],"_links":{"self":[{"href":"https:\/\/habermarmaratv.com\/index.php\/wp-json\/wp\/v2\/posts\/5323","targetHints":{"allow":["GET"]}}],"collection":[{"href":"https:\/\/habermarmaratv.com\/index.php\/wp-json\/wp\/v2\/posts"}],"about":[{"href":"https:\/\/habermarmaratv.com\/index.php\/wp-json\/wp\/v2\/types\/post"}],"author":[{"embeddable":true,"href":"https:\/\/habermarmaratv.com\/index.php\/wp-json\/wp\/v2\/users\/1"}],"replies":[{"embeddable":true,"href":"https:\/\/habermarmaratv.com\/index.php\/wp-json\/wp\/v2\/comments?post=5323"}],"version-history":[{"count":0,"href":"https:\/\/habermarmaratv.com\/index.php\/wp-json\/wp\/v2\/posts\/5323\/revisions"}],"wp:featuredmedia":[{"embeddable":true,"href":"https:\/\/habermarmaratv.com\/index.php\/wp-json\/wp\/v2\/media\/5324"}],"wp:attachment":[{"href":"https:\/\/habermarmaratv.com\/index.php\/wp-json\/wp\/v2\/media?parent=5323"}],"wp:term":[{"taxonomy":"category","embeddable":true,"href":"https:\/\/habermarmaratv.com\/index.php\/wp-json\/wp\/v2\/categories?post=5323"},{"taxonomy":"post_tag","embeddable":true,"href":"https:\/\/habermarmaratv.com\/index.php\/wp-json\/wp\/v2\/tags?post=5323"}],"curies":[{"name":"wp","href":"https:\/\/api.w.org\/{rel}","templated":true}]}}