{"id":5321,"date":"2024-02-01T16:20:32","date_gmt":"2024-02-01T13:20:32","guid":{"rendered":"https:\/\/habermarmaratv.com\/index.php\/2024\/02\/01\/ulkucu-hareketin-enerjisi-ve-cumhur-ittifakinin-sinerjisiyle-kazanan-tekirdag-halki-olacak\/"},"modified":"2024-02-01T16:20:32","modified_gmt":"2024-02-01T13:20:32","slug":"ulkucu-hareketin-enerjisi-ve-cumhur-ittifakinin-sinerjisiyle-kazanan-tekirdag-halki-olacak","status":"publish","type":"post","link":"https:\/\/habermarmaratv.com\/index.php\/2024\/02\/01\/ulkucu-hareketin-enerjisi-ve-cumhur-ittifakinin-sinerjisiyle-kazanan-tekirdag-halki-olacak\/","title":{"rendered":"\u201c\u00dclk\u00fcc\u00fc hareketin enerjisi ve Cumhur ittifak\u0131n\u0131n sinerjisiyle kazanan Tekirda\u011f halk\u0131 olacak\u201d"},"content":{"rendered":"<p> [ad_1]<br \/>\n<br \/><img decoding=\"async\" src=\"https:\/\/www.marmarahaber.com.tr\/resimler\/2024-2\/1\/659131780494272.webp\" \/><\/p>\n<div id=\"detaymetin\">\n<p><span class=\"text-big\">Ziyarette konu\u015fan Tekirda\u011f \u00dclk\u00fc Ocaklar\u0131 Ba\u015fkan\u0131 Hayrullah Z\u0131val\u0131o\u011flu, \u201c\u00dclk\u00fc Ocaklar\u0131 olarak 14 May\u0131s Milletvekilli\u011fi ve 28 May\u0131s Cumhurba\u015fkanl\u0131\u011f\u0131 se\u00e7imlerinde sahada gen\u00e7lik bulu\u015fmalar\u0131ndan gen\u00e7lik mitinglerine, esnaf ziyaretlerinden aile ziyaretlerine kadar ciddi bir m\u00fccadele ortaya koyduk. 31 Mart\u2019ta yap\u0131lacak olan se\u00e7imde de daha fazlas\u0131n\u0131 yapmak suretiyle bu d\u00f6nemde Cumhur \u0130ttifak\u0131n\u0131n ba\u015fta b\u00fcy\u00fck\u015fehir olmak \u00fczere t\u00fcm il\u00e7e belediye ba\u015fkan adaylar\u0131m\u0131za sahip \u00e7\u0131kaca\u011f\u0131z. Ciddi bir m\u00fccadele ortaya koyaca\u011f\u0131z. Se\u00e7imin kazan\u0131labilmesi i\u00e7in \u00dclk\u00fc Ocaklar\u0131 olarak daha fazlas\u0131n\u0131 yapaca\u011f\u0131z\u201d dedi.\u00a0<\/span><\/p>\n<p>\u00a0<\/p>\n<p><span class=\"text-big\"><strong>\u201cSE\u00c7\u0130M\u0130N G\u00d6R\u00dcNEN Y\u00dcZ\u00dc OLACA\u011eIZ\u201d<\/strong><\/span><\/p>\n<p>\u00a0<\/p>\n<p><span class=\"text-big\">\u00c7al\u0131\u015fma programlar\u0131n\u0131 haz\u0131rlad\u0131klar\u0131n\u0131 dile getiren Z\u0131val\u0131o\u011flu, \u201cS\u00fcre\u00e7 ilerledik\u00e7e biz de ev ziyaretleriyle, gen\u00e7lik bulu\u015fmalar\u0131yla, yapaca\u011f\u0131m\u0131z di\u011fer toplant\u0131larla bu s\u00fcreci ilerletece\u011fiz. Daha birebir bir \u00e7al\u0131\u015fma metoduyla hareket edece\u011fiz. \u00d6zellikle hem kitlelere hitapta hem de ailelerle bir araya gelebilmeye \u00f6zen g\u00f6sterece\u011fiz. \u00dclk\u00fc Ocaklar\u0131 olarak se\u00e7imin g\u00f6r\u00fcnen y\u00fcz\u00fc olaca\u011f\u0131z. Cumhur ittifak\u0131na, se\u00e7imi kazand\u0131ran en \u00f6nemli fakt\u00f6rlerden biri olaca\u011f\u0131z. Milliyet\u00e7i Hareket Partisi\u2019nin Muratl\u0131 ve Saray il\u00e7elerindeki adaylar\u0131na da ciddi destekler olu\u015fturaca\u011f\u0131z. \u015eu anda g\u00f6z\u00fcm\u00fcz\u00fc her mahiyette Cumhur \u0130ttifak\u0131 olarak B\u00fcy\u00fck\u015fehir Belediyesi\u2019ne dikmi\u015f vaziyetteyiz. \u015euna da g\u00f6n\u00fclden inan\u0131yoruz, Cumhur \u0130ttifak\u0131 olarak B\u00fcy\u00fck\u015fehir Belediyesini kazanaca\u011f\u0131m\u0131za inan\u0131yoruz. \u015eu anda kazanmaya en yak\u0131n taraf olarak say\u0131n C\u00fcneyt Y\u00fcksel\u2019i g\u00f6r\u00fcyoruz. Bunun i\u00e7in de \u00dclk\u00fc Ocaklar\u0131n\u0131n her taraf\u0131yla, eskisiyle yenisiyle, \u00fclk\u00fcc\u00fc hareketin tamam\u0131yla sahada tam kadro bir m\u00fccadele ortaya koyaca\u011f\u0131z\u201d diye konu\u015ftu.\u00a0<\/span><\/p>\n<p>\u00a0<\/p>\n<p><span class=\"text-big\">\u201c<strong>CUMHUR \u0130TT\u0130FAKINDAK\u0130 T\u00dcM BELED\u0130YE BA\u015eKAN ADAYLARIMIZA SAH\u0130P \u00c7IKACA\u011eIZ\u201d<\/strong><\/span><\/p>\n<p>\u00a0<\/p>\n<p><span class=\"text-big\">\u00d6n\u00fcm\u00fczdeki g\u00fcnlerde ge\u00e7mi\u015f d\u00f6nem Ocak Ba\u015fkanlar\u0131yla bir toplant\u0131 d\u00fczenleyeceklerini dile getiren Hayrullah Z\u0131val\u0131o\u011flu, \u201cHepsinden sahaya \u00e7\u0131kmalar\u0131n\u0131 isteyece\u011fiz. Bunun takibini ve denetimini yapaca\u011f\u0131z. Talep edip b\u0131rakmayaca\u011f\u0131z. ayn\u0131 \u015fekilde sahada da beraber \u00e7al\u0131\u015fabilmenin yollar\u0131n\u0131 ve y\u00f6ntemlerini arayaca\u011f\u0131z. Bu s\u00fcre\u00e7te B\u00fcy\u00fck\u015fehir Belediyesi\u2019nin kazan\u0131laca\u011f\u0131na inan\u0131yoruz. B\u00fcy\u00fck\u015fehir Belediyesi\u2019nin kazan\u0131lmas\u0131yla birlikte burada Cumhuriyet Halk Partisi\u2019nin yar\u0131m b\u0131rakm\u0131\u015f oldu\u011fu ya da yapamad\u0131\u011f\u0131, yerelde vatanda\u015fta olu\u015fturmu\u015f oldu\u011fu hem k\u00fclt\u00fcrel hezimeti hem de de hizmet hezimetini in\u015fallah Cumhur \u0130ttifak\u0131 belediyesinin toptan kald\u0131raca\u011f\u0131na inan\u0131yoruz. Liderimiz say\u0131n Devlet Bah\u00e7eli Bey de T\u00fcrkiye vizyonunun geli\u015fmesinde bu se\u00e7imlerin ne kadar \u00f6nemli oldu\u011funu her f\u0131rsatta ifade ediyor. Biz de liderimizin g\u00f6sterdi\u011fi hedef do\u011frultusunda ba\u015fta say\u0131n C\u00fcneyt Y\u00fcksel olmak \u00fczere Cumhur \u0130ttifak\u0131ndaki t\u00fcm belediye ba\u015fkan adaylar\u0131m\u0131za sahip \u00e7\u0131karak sahada bir m\u00fccadele ortaya koyaca\u011f\u0131z\u201d ifadelerini kulland\u0131.\u00a0<\/span><\/p>\n<p>\u00a0<\/p>\n<p><span class=\"text-big\"><strong>\u201cC\u0130DD\u0130 B\u0130R M\u00dcCADELE ORTAYA KOYACA\u011eIZ\u201d<\/strong><\/span><\/p>\n<p>\u00a0<\/p>\n<p><span class=\"text-big\">Se\u00e7imde B\u00fcy\u00fck\u015fehir Belediyesi\u2019ni Cumhur \u0130ttifak\u0131n\u0131n kazanaca\u011f\u0131n\u0131 dile getiren Z\u0131val\u0131o\u011flu, \u201cB\u00fcy\u00fck\u015fehirde say\u0131n C\u00fcneyt Y\u00fcksel Allah\u2019\u0131n izniyle bu ipi g\u00f6\u011f\u00fcsleyecek. \u015eu anda kazanmaya en yak\u0131n aday kendisi. \u00dclk\u00fc Ocaklar\u0131 olarak sahada anket \u00e7al\u0131\u015fmas\u0131 yapt\u0131k. Anketlerin de bize g\u00f6sterdi\u011fi buydu. \u00d6n\u00fcm\u00fczdeki g\u00fcnlerde tekrar bir anket \u00e7al\u0131\u015fmas\u0131 yapaca\u011f\u0131z. Yapaca\u011f\u0131m\u0131z anket \u00e7al\u0131\u015fmas\u0131nda kimin kazanaca\u011f\u0131ndan ziyade nerede eksiklerimizin oldu\u011fu konusunda saha analizleri yaparak, vatanda\u015flar\u0131n nelerden rahats\u0131z oldu\u011funu da g\u00f6rerek, \u00f6zellikle son bir ayda yapacak oldu\u011fumuz programlar\u0131 bu minvalde yapaca\u011f\u0131z.\u00a0 Hem aday\u0131m\u0131zla, hem \u00dclk\u00fc Ocaklar\u0131 olarak m\u00fcstakil \u00e7al\u0131\u015fma y\u00fcr\u00fcterek sahan\u0131n her yerinde Cumhur \u0130ttifak\u0131n\u0131n varl\u0131\u011f\u0131n\u0131n hissedilmesini arzuluyoruz. Yaln\u0131zca belediye ba\u015fkan adaylar\u0131m\u0131z\u0131n etraf\u0131ndan gidip esnaf\u0131 ziyaret etmek de\u011fil, onun haricinde de sahada g\u00f6r\u00fcn\u00fcr y\u00fcz ve g\u00fc\u00e7 olabilmeyi arzuluyoruz \u00dclk\u00fc Ocaklar\u0131 olarak. Bunun i\u00e7in de belediye ba\u015fkan adaylar\u0131m\u0131z\u0131n tamam\u0131n\u0131n arkas\u0131nday\u0131z. Ciddi bir m\u00fccadele ortaya koyaca\u011f\u0131z\u201d dedi.\u00a0<\/span><\/p>\n<p>\u00a0<\/p>\n<p><span class=\"text-big\"><strong>\u201cTEK\u0130RDA\u011e\u2019IN BUG\u00dcNE KADAR HAK ETT\u0130KLER\u0130N\u0130 ALDI\u011eINI D\u00dc\u015e\u00dcNM\u00dcYORUZ\u201d<\/strong><\/span><\/p>\n<p>\u00a0<\/p>\n<p><span class=\"text-big\">Tekirda\u011f \u00dclk\u00fc Ocaklar\u0131 Ba\u015fkan\u0131 Hayrullah Z\u0131val\u0131o\u011flu, \u201cLiderimizin g\u00f6stermi\u015f oldu\u011fu hedefe kilitlenmek suretiyle vatanda\u015flar\u0131m\u0131z\u0131n ger\u00e7ek belediyecilik anlay\u0131\u015f\u0131na kavu\u015fabilmesi i\u00e7in bir m\u00fccadele ortaya koyaca\u011f\u0131z. \u00c7\u00fcnk\u00fc Tekirda\u011f\u2019\u0131n bug\u00fcne kadar hak ettiklerini ald\u0131\u011f\u0131n\u0131 d\u00fc\u015f\u00fcnm\u00fcyoruz. Eksiklerinin oldu\u011funu g\u00f6r\u00fcyoruz. Tekirda\u011f hem sanayi, hem turizm hem de tar\u0131m kenti. Ama her bir taraf\u0131 eksik kalm\u0131\u015f vaziyette. Tar\u0131mda eksikler var, sanayide eksikler var, turizmde eksikler var. Tekirda\u011f her anlamda \u00e7ok zenginli\u011fi olan bir \u015fehir ama bu zenginliklerin ya\u015fat\u0131labilmesi gerekti\u011fine inan\u0131yoruz ve bunu da Cumhur \u0130ttifak\u0131n\u0131n belediyelerinin yapabilece\u011fini d\u00fc\u015f\u00fcn\u00fcyoruz. Bu manada ciddi bir m\u00fccadele ortaya koyaca\u011f\u0131z\u201d ifadelerini kulland\u0131.\u00a0<\/span><\/p>\n<p>\u00a0<\/p>\n<p><span class=\"text-big\"><strong>\u201cKEND\u0130 TABANIMIZA SAH\u0130P \u00c7IKMAYA \u00d6ZEN G\u00d6STERECE\u011e\u0130Z\u201d<\/strong><\/span><\/p>\n<p>\u00a0<\/p>\n<p><span class=\"text-big\">12 \u015eubat itibariyle \u00dclk\u00fc Ocaklar\u0131 olarak sahada \u00e7al\u0131\u015fmaya ba\u015flayacaklar\u0131n\u0131 dile getiren Z\u0131val\u0131o\u011flu, \u201cBu se\u00e7imin g\u00f6r\u00fcn\u00fcr y\u00fcz\u00fc olabilmek ve se\u00e7imin kazan\u0131lmas\u0131 i\u00e7in elimizden geleni yapaca\u011f\u0131z. \u00dclk\u00fc Ocaklar\u0131 olarak kendi taban\u0131m\u0131za sahip \u00e7\u0131kmaya \u00f6zen g\u00f6sterece\u011fiz. Anketlerde \u015funu g\u00f6rd\u00fck, Milliyet\u00e7i Hareket Partisi ile AK Parti se\u00e7meninin oylar\u0131 birle\u015fti\u011fi takdirde bu se\u00e7im zaten kazan\u0131l\u0131yor. Milliyet\u00e7i Hareket Partisi\u2019nin oyu \u00e7ok \u00f6nemli. Biz kendi se\u00e7menimizin de g\u00f6n\u00fcl k\u0131rg\u0131nl\u0131\u011f\u0131, darg\u0131nl\u0131\u011f\u0131 varsa bunun giderilmesi i\u00e7in m\u00fccadele g\u00f6sterece\u011fiz. Vatanda\u015f\u0131m\u0131zla, \u00f6zellikle gen\u00e7lerimizle bir araya gelece\u011fiz. \u0130n\u015fallah s\u00fcrecin kazand\u0131ran\u0131 olaca\u011f\u0131z\u201d dedi.\u00a0<\/span><\/p>\n<p>\u00a0<\/p>\n<p><span class=\"text-big\"><strong>\u201cKAZANAN TEK\u0130RDA\u011e HALKI OLACAK\u201d<\/strong><\/span><\/p>\n<p>\u00a0<\/p>\n<p><span class=\"text-big\">Adaylar\u0131n da \u00e7ok \u00f6nemli oldu\u011funu ifade eden Hayrullah Z\u0131val\u0131o\u011flu, \u201cSay\u0131n C\u00fcneyt Y\u00fcksel, B\u00fcy\u00fck\u015fehir Belediye Ba\u015fkan aday\u0131. Tecr\u00fcbesi, S\u00fcleymanpa\u015fa\u2019da yapm\u0131\u015f olduklar\u0131n\u0131n ona bir referans olmas\u0131, bunlar bu yar\u0131\u015fta \u00f6nem arz ediyor. Vatanda\u015flara bir \u015feyler anlat\u0131rken neler yap\u0131labilece\u011fiyle alakal\u0131 S\u00fcleymanpa\u015fa il\u00e7esinden \u00f6rnekler vererek hareket edebilece\u011fiz. Yap\u0131labileceklerin reel olanlar\u0131n\u0131 konu\u015faca\u011f\u0131z sahada. Bu se\u00e7imde \u00f6zellikle B\u00fcy\u00fck\u015fehir\u2019in Cumhuriyet Halk Partisi\u2019nden Cumhur \u0130ttifak\u0131na ge\u00e7mesine \u015fahitlik edece\u011fimize inan\u0131yoruz. Bunun i\u00e7in de m\u00fccadele ortaya koyaca\u011f\u0131z. \u00dclk\u00fcc\u00fc hareketin enerjisi ve Cumhur ittifak\u0131n\u0131n sinerjisiyle kazanan T\u00fcrk milleti, kazanan Tekirda\u011f halk\u0131 olacak\u201d diye konu\u015ftu.\u00a0<\/span><\/p>\n<p>\u00a0<\/p>\n<p><span class=\"text-big\"><strong>Haber \/ G\u00fclveren ALTUNO\u011eLU<\/strong><\/span><\/p>\n<\/p><\/div>\n<p>[ad_2]<br \/>\n<br \/><a href=\"https:\/\/www.marmarahaber.com.tr\/haber\/ulkucu_hareketin_enerjisi_ve_cumhur_ittifakinin_sinerjisiyle_kazanan_tekirdag_halki_olacak_-87163.html\">Source link <\/a><\/p>\n","protected":false},"excerpt":{"rendered":"<p>[ad_1] Ziyarette konu\u015fan Tekirda\u011f \u00dclk\u00fc Ocaklar\u0131 Ba\u015fkan\u0131 Hayrullah Z\u0131val\u0131o\u011flu, \u201c\u00dclk\u00fc Ocaklar\u0131 olarak 14 May\u0131s Milletvekilli\u011fi ve 28 May\u0131s Cumhurba\u015fkanl\u0131\u011f\u0131 se\u00e7imlerinde sahada gen\u00e7lik bulu\u015fmalar\u0131ndan gen\u00e7lik mitinglerine, esnaf ziyaretlerinden aile ziyaretlerine kadar ciddi bir m\u00fccadele ortaya koyduk. 31 Mart\u2019ta yap\u0131lacak olan se\u00e7imde de daha fazlas\u0131n\u0131 yapmak suretiyle bu d\u00f6nemde Cumhur \u0130ttifak\u0131n\u0131n ba\u015fta b\u00fcy\u00fck\u015fehir olmak \u00fczere t\u00fcm il\u00e7e [&hellip;]<\/p>\n","protected":false},"author":1,"featured_media":5322,"comment_status":"open","ping_status":"open","sticky":false,"template":"","format":"standard","meta":{"footnotes":""},"categories":[10],"tags":[],"class_list":["post-5321","post","type-post","status-publish","format-standard","has-post-thumbnail","hentry","category-gundem"],"_links":{"self":[{"href":"https:\/\/habermarmaratv.com\/index.php\/wp-json\/wp\/v2\/posts\/5321","targetHints":{"allow":["GET"]}}],"collection":[{"href":"https:\/\/habermarmaratv.com\/index.php\/wp-json\/wp\/v2\/posts"}],"about":[{"href":"https:\/\/habermarmaratv.com\/index.php\/wp-json\/wp\/v2\/types\/post"}],"author":[{"embeddable":true,"href":"https:\/\/habermarmaratv.com\/index.php\/wp-json\/wp\/v2\/users\/1"}],"replies":[{"embeddable":true,"href":"https:\/\/habermarmaratv.com\/index.php\/wp-json\/wp\/v2\/comments?post=5321"}],"version-history":[{"count":0,"href":"https:\/\/habermarmaratv.com\/index.php\/wp-json\/wp\/v2\/posts\/5321\/revisions"}],"wp:featuredmedia":[{"embeddable":true,"href":"https:\/\/habermarmaratv.com\/index.php\/wp-json\/wp\/v2\/media\/5322"}],"wp:attachment":[{"href":"https:\/\/habermarmaratv.com\/index.php\/wp-json\/wp\/v2\/media?parent=5321"}],"wp:term":[{"taxonomy":"category","embeddable":true,"href":"https:\/\/habermarmaratv.com\/index.php\/wp-json\/wp\/v2\/categories?post=5321"},{"taxonomy":"post_tag","embeddable":true,"href":"https:\/\/habermarmaratv.com\/index.php\/wp-json\/wp\/v2\/tags?post=5321"}],"curies":[{"name":"wp","href":"https:\/\/api.w.org\/{rel}","templated":true}]}}