{"id":5315,"date":"2024-02-01T01:20:42","date_gmt":"2024-01-31T22:20:42","guid":{"rendered":"https:\/\/habermarmaratv.com\/index.php\/2024\/02\/01\/can-atalayin-milletvekilligi-dusuruldu\/"},"modified":"2024-02-01T01:20:42","modified_gmt":"2024-01-31T22:20:42","slug":"can-atalayin-milletvekilligi-dusuruldu","status":"publish","type":"post","link":"https:\/\/habermarmaratv.com\/index.php\/2024\/02\/01\/can-atalayin-milletvekilligi-dusuruldu\/","title":{"rendered":"Can Atalay&#8217;\u0131n milletvekilli\u011fi d\u00fc\u015f\u00fcr\u00fcld\u00fc"},"content":{"rendered":"<p> [ad_1]<br \/>\n<br \/><img decoding=\"async\" src=\"https:\/\/www.marmarahaber.com.tr\/resimler\/2024-1\/31\/101633374408759.webp\" \/><\/p>\n<div id=\"detaymetin\">\n<p><span class=\"text-big\">T\u00fcrkiye B\u00fcy\u00fck Millet Meclisi Genel Kurulu, Meclis Ba\u015fkan Vekili Bekir Bozda\u011f ba\u015fkanl\u0131\u011f\u0131nda topland\u0131. Genel Kurul&#8217;da g\u00fcndem d\u0131\u015f\u0131 konu\u015fmalar\u0131n ard\u0131ndan tutuklu milletvekili Can Atalay hakk\u0131nda, Yarg\u0131tay 3&#8217;\u00fcnc\u00fc Ceza Dairesi&#8217;nin verdi\u011fi karar\u0131n okunmas\u0131na ge\u00e7ildi. Karar\u0131n okunmas\u0131yla Atalay&#8217;\u0131n milletvekilli\u011fi d\u00fc\u015f\u00fcr\u00fcld\u00fc.<\/span><\/p>\n<p>\u00a0<\/p>\n<p><span class=\"text-big\"><strong>\u201cDEMOKRAS\u0130 VE HUKUK DEVLET\u0130 \u0130LKELER\u0130 \u00c7\u0130\u011eNEND\u0130\u201d<\/strong><\/span><\/p>\n<p>\u00a0<\/p>\n<p><span class=\"text-big\">Can Atalay\u2019\u0131n milletvekilli\u011finin d\u00fc\u015f\u00fcr\u00fclmesine CHP ve DEVA Partisi Tekirda\u011f Milletvekillerinden de tepki geldi. CHP Tekirda\u011f Milletvekili Nurten Yontar, Hatay Milletvekili Can Atalay&#8217;\u0131n milletvekilli\u011finin d\u00fc\u015f\u00fcr\u00fclmesine ili\u015fkin karar\u0131n okundu\u011fu TBMM\u2019de demokrasi ve hukuk devleti ilkelerinin \u00e7i\u011fnendi\u011fini ifade ederek, \u201cAnayasa Mahkemesi\u2019nin 2 kez hak ihlali karar\u0131 vermesine ra\u011fmen T\u0130P Hatay Milletvekili Can Atalay tahliye edilmedi. Hukukun ve yarg\u0131 ba\u011f\u0131ms\u0131zl\u0131\u011f\u0131n\u0131n tart\u0131\u015f\u0131ld\u0131\u011f\u0131 g\u00fcnlerde TBMM\u2019de Yarg\u0131tay 3. Dairesi&#8217;nin karar\u0131 okunarak Can Atalay\u2019\u0131n milletvekilli\u011fi d\u00fc\u015f\u00fcr\u00fcld\u00fc. Bug\u00fcn demokrasi ve hukuk devleti ilkeleri \u00e7i\u011fnendi. Ya\u015fama hakk\u0131 ellerinden al\u0131nan Hatay halk\u0131n\u0131n iradesi yok say\u0131ld\u0131. Halk\u0131n iradesini yok sayanlara kar\u015f\u0131 hukuk m\u00fccadelemiz s\u00fcrecektir\u201d dedi.<\/span><\/p>\n<p>\u00a0<\/p>\n<p><span class=\"text-big\">\u201c<strong>M\u0130LLET \u0130RADES\u0130NE, ANAYASA&#8217;YA DARBE YAPMI\u015eTIR<\/strong>\u201d<\/span><\/p>\n<p>\u00a0<\/p>\n<p><span class=\"text-big\">Tekirda\u011f Milletvekili \u0130lhami \u00d6zcan Aygun da \u201cMillet iradesinin kayna\u011f\u0131 olan TBMM, Anayasa Mahkemesi&#8217;ni h\u00fck\u00fcms\u00fcz b\u0131rak\u0131p, varl\u0131k nedeni olan Anayasa&#8217;y\u0131 da ortadan kald\u0131rm\u0131\u015ft\u0131r. Can Atalay&#8217;\u0131n vekilli\u011fi d\u00fc\u015f\u00fcr\u00fclmesi, millet iradesine, Anayasa&#8217;ya darbe yapm\u0131\u015ft\u0131r. Tarih, bu karar\u0131 alanlar\u0131 affetmeyecek\u201d ifadelerini kulland\u0131.\u00a0<\/span><\/p>\n<p>\u00a0<\/p>\n<p><span class=\"text-big\"><strong>\u201cCAN ATALAY, HATAY HALKININ \u0130RADES\u0130D\u0130R\u201d<\/strong><\/span><\/p>\n<p>\u00a0<\/p>\n<p><span class=\"text-big\">DEVA Partisi Tekirda\u011f Milletvekili Cem Av\u015far da, Can Atalay\u2019\u0131n milletvekilli\u011finin d\u00fc\u015f\u00fcr\u00fclmesinin ard\u0131ndan \u201cBug\u00fcn millet iradesine a\u00e7\u0131k\u00e7a kastedilmi\u015f, adalet yerin yedi kat alt\u0131na g\u00f6m\u00fclm\u00fc\u015ft\u00fcr. Bug\u00fcn tarihimize kara bir leke \u00e7al\u0131nm\u0131\u015ft\u0131r. Bug\u00fcn adalete, milli iradeye siyasetin g\u00f6lgesi d\u00fc\u015fm\u00fc\u015f, hukuk \u015fahsi ihtiraslar\u0131n kurban\u0131 olmu\u015ftur. G\u00fc\u00e7 zehirlenmesi ya\u015fayan bir anlay\u0131\u015f, Anayasa\u2019y\u0131 e\u011fip b\u00fck\u00fcp milli iradeyi vesayet alt\u0131na almak istemi\u015ftir. Bug\u00fcn kendine s\u0131n\u0131rs\u0131z g\u00fc\u00e7, kontrols\u00fcz irade bah\u015fedenler, hukuk d\u00fczeni ile kavgaya tutu\u015fmu\u015ftur. Biz d\u00fcn oldu\u011fu gibi bug\u00fcn de bu anlay\u0131\u015f\u0131n tam kar\u015f\u0131s\u0131nda olaca\u011f\u0131z. Asla me\u015frula\u015ft\u0131rmayaca\u011f\u0131z. Millet, sizin kendi \u00e7\u0131karlar\u0131n\u0131za g\u00f6re dizayn etmeye \u00e7al\u0131\u015ft\u0131\u011f\u0131n\u0131z hukuksuzlu\u011funuza teslim olmayacak. Can Atalay, Hatay halk\u0131n\u0131n iradesidir. Er ya da ge\u00e7 bu irade tecelli edecek, bug\u00fcnlerden geriye adalete vurdu\u011funuz ne\u015fterin izi, dayat\u0131lan talimatl\u0131 d\u00fczenin yank\u0131lar\u0131 kalacak\u201d a\u00e7\u0131klamas\u0131n\u0131 yapt\u0131.\u00a0<\/span><\/p>\n<p>\u00a0<\/p>\n<p><span class=\"text-big\"><strong>Haber \/ G\u00fclveren ALTUNO\u011eLU<\/strong><\/span><\/p>\n<\/p><\/div>\n<p>[ad_2]<br \/>\n<br \/><a href=\"https:\/\/www.marmarahaber.com.tr\/haber\/can_atalayin_milletvekilligi_dusuruldu-87138.html\">Source link <\/a><\/p>\n","protected":false},"excerpt":{"rendered":"<p>[ad_1] T\u00fcrkiye B\u00fcy\u00fck Millet Meclisi Genel Kurulu, Meclis Ba\u015fkan Vekili Bekir Bozda\u011f ba\u015fkanl\u0131\u011f\u0131nda topland\u0131. Genel Kurul&#8217;da g\u00fcndem d\u0131\u015f\u0131 konu\u015fmalar\u0131n ard\u0131ndan tutuklu milletvekili Can Atalay hakk\u0131nda, Yarg\u0131tay 3&#8217;\u00fcnc\u00fc Ceza Dairesi&#8217;nin verdi\u011fi karar\u0131n okunmas\u0131na ge\u00e7ildi. Karar\u0131n okunmas\u0131yla Atalay&#8217;\u0131n milletvekilli\u011fi d\u00fc\u015f\u00fcr\u00fcld\u00fc. \u00a0 \u201cDEMOKRAS\u0130 VE HUKUK DEVLET\u0130 \u0130LKELER\u0130 \u00c7\u0130\u011eNEND\u0130\u201d \u00a0 Can Atalay\u2019\u0131n milletvekilli\u011finin d\u00fc\u015f\u00fcr\u00fclmesine CHP ve DEVA Partisi Tekirda\u011f [&hellip;]<\/p>\n","protected":false},"author":1,"featured_media":5316,"comment_status":"open","ping_status":"open","sticky":false,"template":"","format":"standard","meta":{"footnotes":""},"categories":[10],"tags":[],"class_list":["post-5315","post","type-post","status-publish","format-standard","has-post-thumbnail","hentry","category-gundem"],"_links":{"self":[{"href":"https:\/\/habermarmaratv.com\/index.php\/wp-json\/wp\/v2\/posts\/5315","targetHints":{"allow":["GET"]}}],"collection":[{"href":"https:\/\/habermarmaratv.com\/index.php\/wp-json\/wp\/v2\/posts"}],"about":[{"href":"https:\/\/habermarmaratv.com\/index.php\/wp-json\/wp\/v2\/types\/post"}],"author":[{"embeddable":true,"href":"https:\/\/habermarmaratv.com\/index.php\/wp-json\/wp\/v2\/users\/1"}],"replies":[{"embeddable":true,"href":"https:\/\/habermarmaratv.com\/index.php\/wp-json\/wp\/v2\/comments?post=5315"}],"version-history":[{"count":0,"href":"https:\/\/habermarmaratv.com\/index.php\/wp-json\/wp\/v2\/posts\/5315\/revisions"}],"wp:featuredmedia":[{"embeddable":true,"href":"https:\/\/habermarmaratv.com\/index.php\/wp-json\/wp\/v2\/media\/5316"}],"wp:attachment":[{"href":"https:\/\/habermarmaratv.com\/index.php\/wp-json\/wp\/v2\/media?parent=5315"}],"wp:term":[{"taxonomy":"category","embeddable":true,"href":"https:\/\/habermarmaratv.com\/index.php\/wp-json\/wp\/v2\/categories?post=5315"},{"taxonomy":"post_tag","embeddable":true,"href":"https:\/\/habermarmaratv.com\/index.php\/wp-json\/wp\/v2\/tags?post=5315"}],"curies":[{"name":"wp","href":"https:\/\/api.w.org\/{rel}","templated":true}]}}