{"id":5311,"date":"2024-01-31T23:18:59","date_gmt":"2024-01-31T20:18:59","guid":{"rendered":"https:\/\/habermarmaratv.com\/index.php\/2024\/01\/31\/belediye-personeline-son-veda\/"},"modified":"2024-01-31T23:18:59","modified_gmt":"2024-01-31T20:18:59","slug":"belediye-personeline-son-veda","status":"publish","type":"post","link":"https:\/\/habermarmaratv.com\/index.php\/2024\/01\/31\/belediye-personeline-son-veda\/","title":{"rendered":"Belediye personeline son veda"},"content":{"rendered":"<p> [ad_1]<br \/>\n<\/p>\n<div id=\"detaymetin\">\n<p><span class=\"text-big\">Edirne Belediyesi Su ve Kanalizasyon M\u00fcd\u00fcrl\u00fc\u011f\u00fc\u2019nde g\u00f6rev yapan ve yakaland\u0131\u011f\u0131 kanser hastal\u0131\u011f\u0131 sebebiyle ya\u015fam\u0131n\u0131 yitiren Musa Alerik i\u00e7in Edirne Belediyesi Su ve Kanalizasyon M\u00fcd\u00fcrl\u00fc\u011f\u00fc \u00f6n\u00fcnde cenaze t\u00f6reni d\u00fczenlendi.<\/span><\/p>\n<p>\u00a0<\/p>\n<p>\u00a0<\/p>\n<figure class=\"image\"><img decoding=\"async\" src=\"https:\/\/marmarahaber.com.tr\/resimler\/2024-1\/31\/1194921870761776.webp\"\/><\/figure>\n<p>\u00a0<\/p>\n<p>\u00a0<\/p>\n<p><span class=\"text-big\"><strong>G\u00d6ZYA\u015eLARINA H\u00c2K\u0130M OLAMADI<\/strong><\/span><\/p>\n<p>\u00a0<\/p>\n<p><span class=\"text-big\">Cenaze t\u00f6renine Edirne Belediye Ba\u015fkan\u0131 Recep G\u00fcrkan, Belediye Ba\u015fkan Yard\u0131mc\u0131lar\u0131, daire m\u00fcd\u00fcrleri ve belediye personeli kat\u0131ld\u0131. Ba\u015fkan G\u00fcrkan, Belediye personeli Merhum Musa Alerik\u2019in tedavi g\u00f6rd\u00fc\u011f\u00fc hastaneden kendisine videolu mesaj g\u00f6nderdi\u011fini belirtti ve g\u00f6zya\u015flar\u0131na h\u00e2kim olamad\u0131. Ba\u015fkan Recep G\u00fcrkan, Merhum Musa Alerik\u2019in kederli ailesine ba\u015fsa\u011fl\u0131\u011f\u0131 ve sab\u0131rlar diledi. Merhum, ailesi, sevenleri ve Edirne Belediyesi ailesinin dualar\u0131yla son yolculu\u011funa u\u011furland\u0131. Merhum Musa Alerik, ikindi namaz\u0131na m\u00fcteakip Akmescit Camii\u2019nde k\u0131l\u0131nan cenaze namaz\u0131 ard\u0131ndan Y\u0131ld\u0131r\u0131m Mezarl\u0131\u011f\u0131\u2019nda topra\u011fa verildi.<\/span><\/p>\n<p>\u00a0<\/p>\n<p><span class=\"text-big\"><strong>Haber \/ Men\u015fure KARDE\u015e<\/strong><\/span><\/p>\n<\/p><\/div>\n<p>[ad_2]<br \/>\n<br \/><a href=\"https:\/\/www.marmarahaber.com.tr\/haber\/belediye_personeline_son_veda-87140.html\">Source link <\/a><\/p>\n","protected":false},"excerpt":{"rendered":"<p>[ad_1] Edirne Belediyesi Su ve Kanalizasyon M\u00fcd\u00fcrl\u00fc\u011f\u00fc\u2019nde g\u00f6rev yapan ve yakaland\u0131\u011f\u0131 kanser hastal\u0131\u011f\u0131 sebebiyle ya\u015fam\u0131n\u0131 yitiren Musa Alerik i\u00e7in Edirne Belediyesi Su ve Kanalizasyon M\u00fcd\u00fcrl\u00fc\u011f\u00fc \u00f6n\u00fcnde cenaze t\u00f6reni d\u00fczenlendi. \u00a0 \u00a0 \u00a0 \u00a0 G\u00d6ZYA\u015eLARINA H\u00c2K\u0130M OLAMADI \u00a0 Cenaze t\u00f6renine Edirne Belediye Ba\u015fkan\u0131 Recep G\u00fcrkan, Belediye Ba\u015fkan Yard\u0131mc\u0131lar\u0131, daire m\u00fcd\u00fcrleri ve belediye personeli kat\u0131ld\u0131. Ba\u015fkan G\u00fcrkan, [&hellip;]<\/p>\n","protected":false},"author":1,"featured_media":5312,"comment_status":"open","ping_status":"open","sticky":false,"template":"","format":"standard","meta":{"footnotes":""},"categories":[10],"tags":[],"class_list":["post-5311","post","type-post","status-publish","format-standard","has-post-thumbnail","hentry","category-gundem"],"_links":{"self":[{"href":"https:\/\/habermarmaratv.com\/index.php\/wp-json\/wp\/v2\/posts\/5311","targetHints":{"allow":["GET"]}}],"collection":[{"href":"https:\/\/habermarmaratv.com\/index.php\/wp-json\/wp\/v2\/posts"}],"about":[{"href":"https:\/\/habermarmaratv.com\/index.php\/wp-json\/wp\/v2\/types\/post"}],"author":[{"embeddable":true,"href":"https:\/\/habermarmaratv.com\/index.php\/wp-json\/wp\/v2\/users\/1"}],"replies":[{"embeddable":true,"href":"https:\/\/habermarmaratv.com\/index.php\/wp-json\/wp\/v2\/comments?post=5311"}],"version-history":[{"count":0,"href":"https:\/\/habermarmaratv.com\/index.php\/wp-json\/wp\/v2\/posts\/5311\/revisions"}],"wp:featuredmedia":[{"embeddable":true,"href":"https:\/\/habermarmaratv.com\/index.php\/wp-json\/wp\/v2\/media\/5312"}],"wp:attachment":[{"href":"https:\/\/habermarmaratv.com\/index.php\/wp-json\/wp\/v2\/media?parent=5311"}],"wp:term":[{"taxonomy":"category","embeddable":true,"href":"https:\/\/habermarmaratv.com\/index.php\/wp-json\/wp\/v2\/categories?post=5311"},{"taxonomy":"post_tag","embeddable":true,"href":"https:\/\/habermarmaratv.com\/index.php\/wp-json\/wp\/v2\/tags?post=5311"}],"curies":[{"name":"wp","href":"https:\/\/api.w.org\/{rel}","templated":true}]}}