{"id":5307,"date":"2024-01-31T21:16:23","date_gmt":"2024-01-31T18:16:23","guid":{"rendered":"https:\/\/habermarmaratv.com\/index.php\/2024\/01\/31\/ergenede-adayi-partililer-belirleyecek\/"},"modified":"2024-01-31T21:16:23","modified_gmt":"2024-01-31T18:16:23","slug":"ergenede-adayi-partililer-belirleyecek","status":"publish","type":"post","link":"https:\/\/habermarmaratv.com\/index.php\/2024\/01\/31\/ergenede-adayi-partililer-belirleyecek\/","title":{"rendered":"Ergene\u2019de aday\u0131 partililer belirleyecek"},"content":{"rendered":"<p> [ad_1]<br \/>\n<br \/><img decoding=\"async\" src=\"https:\/\/www.marmarahaber.com.tr\/resimler\/2024-1\/31\/617331408545352.webp\" \/><\/p>\n<div id=\"detaymetin\">\n<p><span class=\"text-huge\">Cumhuriyet Halk Partisi\u2019nde ge\u00e7ti\u011fimiz hafta yap\u0131lan Parti Meclisi Toplant\u0131s\u0131nda \u015eark\u00f6y, Marmaraere\u011flisi, S\u00fcleymanpa\u015fa, Muratl\u0131, Malkara, Hayrabolu Belediye Ba\u015fkan Adaylar\u0131 belirlenirken, Ergene ve Saray\u2019da ise \u00f6rg\u00fct denetiminde \u00f6n se\u00e7im karar\u0131 al\u0131nm\u0131\u015ft\u0131.\u00a0<\/span><\/p>\n<p>\u00a0<\/p>\n<p><span class=\"text-huge\"><strong>ERGENE\u2019DE \u00d6N SE\u00c7\u0130ME 4 ADAY ADAYI KATILACAK<\/strong><\/span><\/p>\n<p>\u00a0<\/p>\n<p><span class=\"text-huge\">Ergene\u2019de \u00f6n se\u00e7im 4 \u015eubat Pazar G\u00fcn\u00fc 10.00-17.00 saatleri aras\u0131nda Marmarac\u0131k D\u00fc\u011f\u00fcn Salonu\u2019nda yap\u0131lacak. \u00d6n se\u00e7ime, yeniden aday aday\u0131 olan mevcut Ergene Belediye Ba\u015fkan\u0131 Rasim Y\u00fcksel ile Erc\u00fcment Tuncay, Nuh Nuho\u011flu ve Servet Y\u0131ld\u0131z kat\u0131lacak.\u00a0<\/span><\/p>\n<p>\u00a0<\/p>\n<p><span class=\"text-huge\"><strong>BA\u015eKAN ADAY ADAYLARI \u0130LE B\u0130R ARAYA GELD\u0130<\/strong><\/span><\/p>\n<p>\u00a0<\/p>\n<p><span class=\"text-huge\">Cumhuriyet Halk Partisi Ergene \u0130l\u00e7e Ba\u015fkan\u0131 Ramadan Duran, \u00f6nceki g\u00fcn CHP Ergene Belediye Ba\u015fkan Aday Adaylar\u0131 Rasim Y\u00fcksel, Erc\u00fcment Tuncay, Nuh Nuho\u011flu ve Servet Y\u0131ld\u0131z ile bir araya geldi. \u00d6n se\u00e7imin 4 \u015eubat Pazar g\u00fcn\u00fc 10.00-17.00 saatleri aras\u0131nda Marmarac\u0131k D\u00fc\u011f\u00fcn Salonu&#8217;nda yap\u0131laca\u011f\u0131n\u0131 belirten \u0130l\u00e7e Ba\u015fkan\u0131 Ramadan Duran, \u201c\u0130l\u00e7emize, partimize ve t\u00fcm aday adaylar\u0131m\u0131za hay\u0131rl\u0131 olsun\u201d dedi.\u00a0<\/span><\/p>\n<p>\u00a0<\/p>\n<p><span class=\"text-huge\"><strong>Haber \/ G\u00fclveren ALTUNO\u011eLU<\/strong><\/span><\/p>\n<\/p><\/div>\n<p>[ad_2]<br \/>\n<br \/><a href=\"https:\/\/www.marmarahaber.com.tr\/haber\/ergenede_adayi_partililer_belirleyecek-87147.html\">Source link <\/a><\/p>\n","protected":false},"excerpt":{"rendered":"<p>[ad_1] Cumhuriyet Halk Partisi\u2019nde ge\u00e7ti\u011fimiz hafta yap\u0131lan Parti Meclisi Toplant\u0131s\u0131nda \u015eark\u00f6y, Marmaraere\u011flisi, S\u00fcleymanpa\u015fa, Muratl\u0131, Malkara, Hayrabolu Belediye Ba\u015fkan Adaylar\u0131 belirlenirken, Ergene ve Saray\u2019da ise \u00f6rg\u00fct denetiminde \u00f6n se\u00e7im karar\u0131 al\u0131nm\u0131\u015ft\u0131.\u00a0 \u00a0 ERGENE\u2019DE \u00d6N SE\u00c7\u0130ME 4 ADAY ADAYI KATILACAK \u00a0 Ergene\u2019de \u00f6n se\u00e7im 4 \u015eubat Pazar G\u00fcn\u00fc 10.00-17.00 saatleri aras\u0131nda Marmarac\u0131k D\u00fc\u011f\u00fcn Salonu\u2019nda yap\u0131lacak. \u00d6n se\u00e7ime, [&hellip;]<\/p>\n","protected":false},"author":1,"featured_media":5308,"comment_status":"open","ping_status":"open","sticky":false,"template":"","format":"standard","meta":{"footnotes":""},"categories":[10],"tags":[],"class_list":["post-5307","post","type-post","status-publish","format-standard","has-post-thumbnail","hentry","category-gundem"],"_links":{"self":[{"href":"https:\/\/habermarmaratv.com\/index.php\/wp-json\/wp\/v2\/posts\/5307","targetHints":{"allow":["GET"]}}],"collection":[{"href":"https:\/\/habermarmaratv.com\/index.php\/wp-json\/wp\/v2\/posts"}],"about":[{"href":"https:\/\/habermarmaratv.com\/index.php\/wp-json\/wp\/v2\/types\/post"}],"author":[{"embeddable":true,"href":"https:\/\/habermarmaratv.com\/index.php\/wp-json\/wp\/v2\/users\/1"}],"replies":[{"embeddable":true,"href":"https:\/\/habermarmaratv.com\/index.php\/wp-json\/wp\/v2\/comments?post=5307"}],"version-history":[{"count":0,"href":"https:\/\/habermarmaratv.com\/index.php\/wp-json\/wp\/v2\/posts\/5307\/revisions"}],"wp:featuredmedia":[{"embeddable":true,"href":"https:\/\/habermarmaratv.com\/index.php\/wp-json\/wp\/v2\/media\/5308"}],"wp:attachment":[{"href":"https:\/\/habermarmaratv.com\/index.php\/wp-json\/wp\/v2\/media?parent=5307"}],"wp:term":[{"taxonomy":"category","embeddable":true,"href":"https:\/\/habermarmaratv.com\/index.php\/wp-json\/wp\/v2\/categories?post=5307"},{"taxonomy":"post_tag","embeddable":true,"href":"https:\/\/habermarmaratv.com\/index.php\/wp-json\/wp\/v2\/tags?post=5307"}],"curies":[{"name":"wp","href":"https:\/\/api.w.org\/{rel}","templated":true}]}}