{"id":5305,"date":"2024-01-31T20:04:36","date_gmt":"2024-01-31T17:04:36","guid":{"rendered":"https:\/\/habermarmaratv.com\/index.php\/2024\/01\/31\/baskan-adayi-tul-edirneye-kadin-eli-degecek\/"},"modified":"2024-01-31T20:04:36","modified_gmt":"2024-01-31T17:04:36","slug":"baskan-adayi-tul-edirneye-kadin-eli-degecek","status":"publish","type":"post","link":"https:\/\/habermarmaratv.com\/index.php\/2024\/01\/31\/baskan-adayi-tul-edirneye-kadin-eli-degecek\/","title":{"rendered":"Ba\u015fkan Aday\u0131 T\u00fcl: Edirne&#039;ye kad\u0131n eli de\u011fecek"},"content":{"rendered":"<p> [ad_1]<br \/>\n<br \/><img decoding=\"async\" src=\"https:\/\/www.marmarahaber.com.tr\/resimler\/2024-1\/31\/42879964336058.webp\" \/><br \/>edirne ba\u011f\u0131ms\u0131z belediye ba\u015fkan aday\u0131 song\u00fcl \u00e7etinkaya t\u00fcl, \u201c1 nisan sabah\u0131 edirne&#8217;ye kad\u0131n eli de\u011fecek ve \u015fehrimiz daha d\u00fczenli, ya\u015fanabilir bir kent olacak. edirne&#8217;nin potansiyelini en \u00fcst d\u00fczeye \u00e7\u0131karaca\u011f\u0131z\u201d dedi.<br \/>\n<br \/>[ad_2]<br \/>\n<br \/><a href=\"https:\/\/www.marmarahaber.com.tr\/haber\/baskan_adayi_tul_edirneye_kadin_eli_degecek_-87148.html\">Source link <\/a><\/p>\n","protected":false},"excerpt":{"rendered":"<p>[ad_1] edirne ba\u011f\u0131ms\u0131z belediye ba\u015fkan aday\u0131 song\u00fcl \u00e7etinkaya t\u00fcl, \u201c1 nisan sabah\u0131 edirne&#8217;ye kad\u0131n eli de\u011fecek ve \u015fehrimiz daha d\u00fczenli, ya\u015fanabilir bir kent olacak. edirne&#8217;nin potansiyelini en \u00fcst d\u00fczeye \u00e7\u0131karaca\u011f\u0131z\u201d dedi. [ad_2] Source link<\/p>\n","protected":false},"author":1,"featured_media":5306,"comment_status":"open","ping_status":"open","sticky":false,"template":"","format":"standard","meta":{"footnotes":""},"categories":[10],"tags":[],"class_list":["post-5305","post","type-post","status-publish","format-standard","has-post-thumbnail","hentry","category-gundem"],"_links":{"self":[{"href":"https:\/\/habermarmaratv.com\/index.php\/wp-json\/wp\/v2\/posts\/5305","targetHints":{"allow":["GET"]}}],"collection":[{"href":"https:\/\/habermarmaratv.com\/index.php\/wp-json\/wp\/v2\/posts"}],"about":[{"href":"https:\/\/habermarmaratv.com\/index.php\/wp-json\/wp\/v2\/types\/post"}],"author":[{"embeddable":true,"href":"https:\/\/habermarmaratv.com\/index.php\/wp-json\/wp\/v2\/users\/1"}],"replies":[{"embeddable":true,"href":"https:\/\/habermarmaratv.com\/index.php\/wp-json\/wp\/v2\/comments?post=5305"}],"version-history":[{"count":0,"href":"https:\/\/habermarmaratv.com\/index.php\/wp-json\/wp\/v2\/posts\/5305\/revisions"}],"wp:featuredmedia":[{"embeddable":true,"href":"https:\/\/habermarmaratv.com\/index.php\/wp-json\/wp\/v2\/media\/5306"}],"wp:attachment":[{"href":"https:\/\/habermarmaratv.com\/index.php\/wp-json\/wp\/v2\/media?parent=5305"}],"wp:term":[{"taxonomy":"category","embeddable":true,"href":"https:\/\/habermarmaratv.com\/index.php\/wp-json\/wp\/v2\/categories?post=5305"},{"taxonomy":"post_tag","embeddable":true,"href":"https:\/\/habermarmaratv.com\/index.php\/wp-json\/wp\/v2\/tags?post=5305"}],"curies":[{"name":"wp","href":"https:\/\/api.w.org\/{rel}","templated":true}]}}