{"id":5303,"date":"2024-01-31T19:01:38","date_gmt":"2024-01-31T16:01:38","guid":{"rendered":"https:\/\/habermarmaratv.com\/index.php\/2024\/01\/31\/sadik-ahmet-filminin-galasi-yapildi\/"},"modified":"2024-01-31T19:01:38","modified_gmt":"2024-01-31T16:01:38","slug":"sadik-ahmet-filminin-galasi-yapildi","status":"publish","type":"post","link":"https:\/\/habermarmaratv.com\/index.php\/2024\/01\/31\/sadik-ahmet-filminin-galasi-yapildi\/","title":{"rendered":"Sad\u0131k Ahmet filminin galas\u0131 yap\u0131ld\u0131"},"content":{"rendered":"<p> [ad_1]<br \/>\n<\/p>\n<div id=\"detaymetin\">\n<p><span class=\"text-big\">1947 y\u0131l\u0131nda G\u00fcm\u00fclcine&#8217;de do\u011fan ve t\u0131p e\u011fitimi ald\u0131ktan sonra Yunanistan&#8217;da ya\u015fayan, Bat\u0131 Trakya T\u00fcrklerinin haklar\u0131 i\u00e7in verdi\u011fi m\u00fccadele ile tan\u0131nan Dr. Sad\u0131k Ahmet&#8217;in hik\u00e2yesini anlatan TRT ortak yap\u0131m\u0131 \u201cSad\u0131k Ahmet\u201d filminin galas\u0131, \u0130stanbul Atat\u00fcrk K\u00fclt\u00fcr Merkezi\u2019nde yap\u0131ld\u0131.\u00a0<\/span><\/p>\n<p>\u00a0<\/p>\n<p>\u00a0<\/p>\n<figure class=\"image\"><img decoding=\"async\" src=\"https:\/\/marmarahaber.com.tr\/resimler\/2024-1\/31\/7866343648849.webp\"\/><\/figure>\n<p>\u00a0<\/p>\n<p>\u00a0<\/p>\n<p><span class=\"text-big\">TRT Genel M\u00fcd\u00fcr\u00fc Mehmet Zahid Sobac\u0131\u2019n\u0131n ev sahipli\u011finde yap\u0131lan galaya Edirne Valisi Yunus Sezer, K\u0131rklareli Valisi Birol Ekici, Aile ve Sosyal Hizmetler Bakan Yard\u0131mc\u0131s\u0131 Yavuz Selim K\u0131ran, B\u00fcy\u00fck Birlik Partisi Genel Ba\u015fkan\u0131 Mustafa Destici, kurucusu merhum Sad\u0131k Ahmet olan Dostluk E\u015fitlik ve Bar\u0131\u015f Partisi Genel Ba\u015fkan\u0131 \u00c7i\u011fdem Asafo\u011flu, Yurtd\u0131\u015f\u0131 T\u00fcrkler ve Akraba Topluluklar Ba\u015fkan\u0131 Abdullah Eren, Dr. Sad\u0131k Ahmet\u2019in e\u015fi I\u015f\u0131k Sad\u0131kahmet, o\u011flu Levent ile k\u0131z\u0131 Funda Sad\u0131kahmet, filmin oyuncular\u0131, yap\u0131m ekibi ile sanat ve k\u00fclt\u00fcr d\u00fcnyas\u0131ndan davetliler kat\u0131ld\u0131.\u00a0<\/span><\/p>\n<p>\u00a0<\/p>\n<p><span class=\"text-big\"><strong>2 \u015eUBAT\u2019TA \u0130ZLEY\u0130C\u0130YLE BULU\u015eACAK<\/strong><\/span><\/p>\n<p>\u00a0<\/p>\n<p><span class=\"text-big\">\u00c7ekimleri Edirne\u2019de yap\u0131lan, Yunanistan&#8217;daki Bat\u0131 Trakyal\u0131 M\u00fcsl\u00fcman T\u00fcrklerin demokratik haklar\u0131 i\u00e7in uzun y\u0131llar m\u00fccadele veren Dr. Sad\u0131k Ahmet&#8217;in hayat\u0131n\u0131 anlatan ve \u00e7ekimleri Edirne\u2019de tamamlanan Sad\u0131k Ahmet filmi, 2 \u015eubat\u2019ta beyazperdede izleyicilerle bulu\u015facak.\u00a0Filmin ba\u015frol\u00fcnde Turgay Ayd\u0131n, Nur Fettaho\u011flu, Erdal Be\u015fik\u00e7io\u011flu yer al\u0131rken, kadroda ayr\u0131ca Ozan Akbaba, Renan Bilek, Erkan Can, Suzan Karde\u015f, Do\u011fukan G\u00fcng\u00f6r, Taner Rumeli ve Burak Sat\u0131bol gibi isimler yer al\u0131yor. Senaryosunu Mert Dikmen\u2019in kaleme ald\u0131\u011f\u0131, y\u00f6netmen koltu\u011funda Hakan Yonat&#8217;\u0131n oturdu\u011fu filmin yap\u0131mc\u0131l\u0131\u011f\u0131n\u0131 Mahmut C\u00fcneyt G\u00f6z, proje tasar\u0131m\u0131 ve kreatif yap\u0131mc\u0131l\u0131\u011f\u0131n\u0131 ise Muhammet Usta \u00fcstleniyor.<\/span><\/p>\n<p>\u00a0<\/p>\n<p><span class=\"text-big\"><strong>Haber \/ G\u00fclveren ALTUNO\u011eLU<\/strong><\/span><\/p>\n<\/p><\/div>\n<p>[ad_2]<br \/>\n<br \/><a href=\"https:\/\/www.marmarahaber.com.tr\/haber\/sadik_ahmet_filminin_galasi_yapildi-87149.html\">Source link <\/a><\/p>\n","protected":false},"excerpt":{"rendered":"<p>[ad_1] 1947 y\u0131l\u0131nda G\u00fcm\u00fclcine&#8217;de do\u011fan ve t\u0131p e\u011fitimi ald\u0131ktan sonra Yunanistan&#8217;da ya\u015fayan, Bat\u0131 Trakya T\u00fcrklerinin haklar\u0131 i\u00e7in verdi\u011fi m\u00fccadele ile tan\u0131nan Dr. Sad\u0131k Ahmet&#8217;in hik\u00e2yesini anlatan TRT ortak yap\u0131m\u0131 \u201cSad\u0131k Ahmet\u201d filminin galas\u0131, \u0130stanbul Atat\u00fcrk K\u00fclt\u00fcr Merkezi\u2019nde yap\u0131ld\u0131.\u00a0 \u00a0 \u00a0 \u00a0 \u00a0 TRT Genel M\u00fcd\u00fcr\u00fc Mehmet Zahid Sobac\u0131\u2019n\u0131n ev sahipli\u011finde yap\u0131lan galaya Edirne Valisi Yunus [&hellip;]<\/p>\n","protected":false},"author":1,"featured_media":5304,"comment_status":"open","ping_status":"open","sticky":false,"template":"","format":"standard","meta":{"footnotes":""},"categories":[10],"tags":[],"class_list":["post-5303","post","type-post","status-publish","format-standard","has-post-thumbnail","hentry","category-gundem"],"_links":{"self":[{"href":"https:\/\/habermarmaratv.com\/index.php\/wp-json\/wp\/v2\/posts\/5303","targetHints":{"allow":["GET"]}}],"collection":[{"href":"https:\/\/habermarmaratv.com\/index.php\/wp-json\/wp\/v2\/posts"}],"about":[{"href":"https:\/\/habermarmaratv.com\/index.php\/wp-json\/wp\/v2\/types\/post"}],"author":[{"embeddable":true,"href":"https:\/\/habermarmaratv.com\/index.php\/wp-json\/wp\/v2\/users\/1"}],"replies":[{"embeddable":true,"href":"https:\/\/habermarmaratv.com\/index.php\/wp-json\/wp\/v2\/comments?post=5303"}],"version-history":[{"count":0,"href":"https:\/\/habermarmaratv.com\/index.php\/wp-json\/wp\/v2\/posts\/5303\/revisions"}],"wp:featuredmedia":[{"embeddable":true,"href":"https:\/\/habermarmaratv.com\/index.php\/wp-json\/wp\/v2\/media\/5304"}],"wp:attachment":[{"href":"https:\/\/habermarmaratv.com\/index.php\/wp-json\/wp\/v2\/media?parent=5303"}],"wp:term":[{"taxonomy":"category","embeddable":true,"href":"https:\/\/habermarmaratv.com\/index.php\/wp-json\/wp\/v2\/categories?post=5303"},{"taxonomy":"post_tag","embeddable":true,"href":"https:\/\/habermarmaratv.com\/index.php\/wp-json\/wp\/v2\/tags?post=5303"}],"curies":[{"name":"wp","href":"https:\/\/api.w.org\/{rel}","templated":true}]}}