{"id":5211,"date":"2024-01-28T03:57:46","date_gmt":"2024-01-28T00:57:46","guid":{"rendered":"https:\/\/habermarmaratv.com\/index.php\/2024\/01\/28\/hikmet-tasdemir-sonsuzluga-ugurlandi\/"},"modified":"2024-01-28T03:57:46","modified_gmt":"2024-01-28T00:57:46","slug":"hikmet-tasdemir-sonsuzluga-ugurlandi","status":"publish","type":"post","link":"https:\/\/habermarmaratv.com\/index.php\/2024\/01\/28\/hikmet-tasdemir-sonsuzluga-ugurlandi\/","title":{"rendered":"Hikmet Ta\u015fdemir, sonsuzlu\u011fa u\u011furland\u0131"},"content":{"rendered":"<p> [ad_1]<br \/>\n<\/p>\n<div id=\"detaymetin\">\n<p><span class=\"text-big\">Korkusuz Korkak filminde Gaddar Kerim, Umudumuz \u015eaban filminde Mardinli Arif&#8217;i ve Tatar Ramazan filminde C\u0131b\u0131l Halil karakterleri ba\u015fta olmak \u00fczere canland\u0131rd\u0131\u011f\u0131 bir\u00e7ok karakterle haf\u0131zalara kaz\u0131nan Hikmet Ta\u015fdemir\u2019in cenazesine\u00a0Silivri Belediye Ba\u015fkan\u0131 Volkan Y\u0131lmaz, sinema oyuncusu ve y\u00f6netmen Gani R\u00fczgar \u015eavat, oyuncu Mehmet Y\u00fcksel, kom\u015fular\u0131 ve yak\u0131nlar\u0131 kat\u0131ld\u0131.\u00a0<\/span><\/p>\n<p>\u00a0<\/p>\n<p>\u00a0<\/p>\n<figure class=\"image\"><img decoding=\"async\" src=\"https:\/\/marmarahaber.com.tr\/resimler\/2024-1\/27\/521441371038797.webp\"\/><\/figure>\n<p>\u00a0<\/p>\n<p>\u00a0<\/p>\n<p><span class=\"text-big\"><strong>FENERK\u00d6Y MEZARLI\u011eI\u2019NDA SONSUZLU\u011eA U\u011eURLANDI<\/strong><\/span><\/p>\n<p>\u00a0<\/p>\n<p><span class=\"text-big\">Ta\u015fdemir, Piri Mehmet Pa\u015fa Camii&#8217;nde ikindi namaz\u0131na m\u00fcteakip k\u0131l\u0131nan cenaze namaz\u0131n\u0131n ard\u0131ndan Fenerk\u00f6y Mezarl\u0131\u011f\u0131\u2019nda sonsuzlu\u011fa u\u011furland\u0131.\u00a0<\/span><\/p>\n<p>\u00a0<\/p>\n<p><span class=\"text-big\"><strong>Haber \/ Mehmet Burak TEKE\u015e<\/strong><\/span><\/p>\n<p>\u00a0<\/p>\n<\/p><\/div>\n<p>[ad_2]<br \/>\n<br \/><a href=\"https:\/\/www.marmarahaber.com.tr\/haber\/hikmet_tasdemir_sonsuzluga_ugurlandi-87096.html\">Source link <\/a><\/p>\n","protected":false},"excerpt":{"rendered":"<p>[ad_1] Korkusuz Korkak filminde Gaddar Kerim, Umudumuz \u015eaban filminde Mardinli Arif&#8217;i ve Tatar Ramazan filminde C\u0131b\u0131l Halil karakterleri ba\u015fta olmak \u00fczere canland\u0131rd\u0131\u011f\u0131 bir\u00e7ok karakterle haf\u0131zalara kaz\u0131nan Hikmet Ta\u015fdemir\u2019in cenazesine\u00a0Silivri Belediye Ba\u015fkan\u0131 Volkan Y\u0131lmaz, sinema oyuncusu ve y\u00f6netmen Gani R\u00fczgar \u015eavat, oyuncu Mehmet Y\u00fcksel, kom\u015fular\u0131 ve yak\u0131nlar\u0131 kat\u0131ld\u0131.\u00a0 \u00a0 \u00a0 \u00a0 \u00a0 FENERK\u00d6Y MEZARLI\u011eI\u2019NDA SONSUZLU\u011eA U\u011eURLANDI [&hellip;]<\/p>\n","protected":false},"author":1,"featured_media":5212,"comment_status":"open","ping_status":"open","sticky":false,"template":"","format":"standard","meta":{"footnotes":""},"categories":[10],"tags":[],"class_list":["post-5211","post","type-post","status-publish","format-standard","has-post-thumbnail","hentry","category-gundem"],"_links":{"self":[{"href":"https:\/\/habermarmaratv.com\/index.php\/wp-json\/wp\/v2\/posts\/5211","targetHints":{"allow":["GET"]}}],"collection":[{"href":"https:\/\/habermarmaratv.com\/index.php\/wp-json\/wp\/v2\/posts"}],"about":[{"href":"https:\/\/habermarmaratv.com\/index.php\/wp-json\/wp\/v2\/types\/post"}],"author":[{"embeddable":true,"href":"https:\/\/habermarmaratv.com\/index.php\/wp-json\/wp\/v2\/users\/1"}],"replies":[{"embeddable":true,"href":"https:\/\/habermarmaratv.com\/index.php\/wp-json\/wp\/v2\/comments?post=5211"}],"version-history":[{"count":0,"href":"https:\/\/habermarmaratv.com\/index.php\/wp-json\/wp\/v2\/posts\/5211\/revisions"}],"wp:featuredmedia":[{"embeddable":true,"href":"https:\/\/habermarmaratv.com\/index.php\/wp-json\/wp\/v2\/media\/5212"}],"wp:attachment":[{"href":"https:\/\/habermarmaratv.com\/index.php\/wp-json\/wp\/v2\/media?parent=5211"}],"wp:term":[{"taxonomy":"category","embeddable":true,"href":"https:\/\/habermarmaratv.com\/index.php\/wp-json\/wp\/v2\/categories?post=5211"},{"taxonomy":"post_tag","embeddable":true,"href":"https:\/\/habermarmaratv.com\/index.php\/wp-json\/wp\/v2\/tags?post=5211"}],"curies":[{"name":"wp","href":"https:\/\/api.w.org\/{rel}","templated":true}]}}