{"id":5199,"date":"2024-01-27T19:46:03","date_gmt":"2024-01-27T16:46:03","guid":{"rendered":"https:\/\/habermarmaratv.com\/index.php\/2024\/01\/27\/nisanci-buyuksehir-belediye-baskanligina-aday\/"},"modified":"2024-01-27T19:46:03","modified_gmt":"2024-01-27T16:46:03","slug":"nisanci-buyuksehir-belediye-baskanligina-aday","status":"publish","type":"post","link":"https:\/\/habermarmaratv.com\/index.php\/2024\/01\/27\/nisanci-buyuksehir-belediye-baskanligina-aday\/","title":{"rendered":"Ni\u015fanc\u0131, B\u00fcy\u00fck\u015fehir Belediye Ba\u015fkanl\u0131\u011f\u0131na aday"},"content":{"rendered":"<p> [ad_1]<br \/>\n<br \/><img decoding=\"async\" src=\"https:\/\/www.marmarahaber.com.tr\/resimler\/2024-1\/27\/504121345969819.webp\" \/><\/p>\n<div id=\"detaymetin\">\n<p><span class=\"text-big\">Bas\u0131n mensuplar\u0131 ile bir araya gelerek adayl\u0131\u011f\u0131n\u0131 a\u00e7\u0131klayan Ni\u015fanc\u0131, \u201cHavas\u0131n\u0131 soludu\u011fum g\u00fczel \u015fehrimiz Tekirda\u011f\u2019da ba\u011f\u0131ms\u0131z b\u00fcy\u00fck\u015fehir belediye ba\u015fkan adayl\u0131\u011f\u0131m\u0131z a\u00e7\u0131kl\u0131yorum. Tekirda\u011f\u2019\u0131n gelece\u011fi i\u00e7in ad\u0131m atma vaktinin geldi\u011fine inan\u0131yorum. Beni burada yaln\u0131z b\u0131rakmayan herkese te\u015fekk\u00fcr ediyorum. \u015eehrimizin potansiyelini \u00fcst d\u00fczeye \u00e7\u0131karmak, adil ve \u015feffaf bir y\u00f6netim anlay\u0131\u015f\u0131yla hizmet etmek i\u00e7in aday\u0131m\u201d dedi.\u00a0<\/span><\/p>\n<p>\u00a0<\/p>\n<p><span class=\"text-big\"><strong>\u201cDAHA FAZLA \u00c7ABA SARF ETMEM\u0130Z GEREK\u0130YOR\u201d<\/strong><\/span><\/p>\n<p>\u00a0<\/p>\n<p><span class=\"text-big\">Tekirda\u011f Erzurumlular Dernek Ba\u015fkanl\u0131\u011f\u0131 g\u00f6revini y\u00fcr\u00fcten Ni\u015fanc\u0131, \u201c\u015eehrimizin potansiyelini yak\u0131ndan tan\u0131yorum. Tekirda\u011f tarihi, k\u00fclt\u00fcrel ve do\u011fal zenginliklerle dolu bir \u015fehir. Ancak bu potansiyeli de\u011ferlendirmek, herkesin refah i\u00e7erisinde ya\u015fad\u0131\u011f\u0131 bir \u015fehir in\u015fa etmek i\u00e7in daha fazla \u00e7aba sarf etmemiz gerekiyor. Bu m\u00fccadelede ba\u011f\u0131ms\u0131z bir aday olarak her kesime e\u015fit mesafede durarak \u015fehrime hizmet etmek i\u00e7in s\u00f6z veriyorum\u201d ifadelerini kulland\u0131.\u00a0<\/span><\/p>\n<p>\u00a0<\/p>\n<p><span class=\"text-big\"><strong>Haber \/ G\u00fclveren ALTUNO\u011eLU<\/strong><\/span><\/p>\n<\/p><\/div>\n<p>[ad_2]<br \/>\n<br \/><a href=\"https:\/\/www.marmarahaber.com.tr\/haber\/nisanci_buyuksehir_belediye_baskanligina_aday-87103.html\">Source link <\/a><\/p>\n","protected":false},"excerpt":{"rendered":"<p>[ad_1] Bas\u0131n mensuplar\u0131 ile bir araya gelerek adayl\u0131\u011f\u0131n\u0131 a\u00e7\u0131klayan Ni\u015fanc\u0131, \u201cHavas\u0131n\u0131 soludu\u011fum g\u00fczel \u015fehrimiz Tekirda\u011f\u2019da ba\u011f\u0131ms\u0131z b\u00fcy\u00fck\u015fehir belediye ba\u015fkan adayl\u0131\u011f\u0131m\u0131z a\u00e7\u0131kl\u0131yorum. Tekirda\u011f\u2019\u0131n gelece\u011fi i\u00e7in ad\u0131m atma vaktinin geldi\u011fine inan\u0131yorum. Beni burada yaln\u0131z b\u0131rakmayan herkese te\u015fekk\u00fcr ediyorum. \u015eehrimizin potansiyelini \u00fcst d\u00fczeye \u00e7\u0131karmak, adil ve \u015feffaf bir y\u00f6netim anlay\u0131\u015f\u0131yla hizmet etmek i\u00e7in aday\u0131m\u201d dedi.\u00a0 \u00a0 \u201cDAHA FAZLA [&hellip;]<\/p>\n","protected":false},"author":1,"featured_media":5200,"comment_status":"open","ping_status":"open","sticky":false,"template":"","format":"standard","meta":{"footnotes":""},"categories":[10],"tags":[],"class_list":["post-5199","post","type-post","status-publish","format-standard","has-post-thumbnail","hentry","category-gundem"],"_links":{"self":[{"href":"https:\/\/habermarmaratv.com\/index.php\/wp-json\/wp\/v2\/posts\/5199","targetHints":{"allow":["GET"]}}],"collection":[{"href":"https:\/\/habermarmaratv.com\/index.php\/wp-json\/wp\/v2\/posts"}],"about":[{"href":"https:\/\/habermarmaratv.com\/index.php\/wp-json\/wp\/v2\/types\/post"}],"author":[{"embeddable":true,"href":"https:\/\/habermarmaratv.com\/index.php\/wp-json\/wp\/v2\/users\/1"}],"replies":[{"embeddable":true,"href":"https:\/\/habermarmaratv.com\/index.php\/wp-json\/wp\/v2\/comments?post=5199"}],"version-history":[{"count":0,"href":"https:\/\/habermarmaratv.com\/index.php\/wp-json\/wp\/v2\/posts\/5199\/revisions"}],"wp:featuredmedia":[{"embeddable":true,"href":"https:\/\/habermarmaratv.com\/index.php\/wp-json\/wp\/v2\/media\/5200"}],"wp:attachment":[{"href":"https:\/\/habermarmaratv.com\/index.php\/wp-json\/wp\/v2\/media?parent=5199"}],"wp:term":[{"taxonomy":"category","embeddable":true,"href":"https:\/\/habermarmaratv.com\/index.php\/wp-json\/wp\/v2\/categories?post=5199"},{"taxonomy":"post_tag","embeddable":true,"href":"https:\/\/habermarmaratv.com\/index.php\/wp-json\/wp\/v2\/tags?post=5199"}],"curies":[{"name":"wp","href":"https:\/\/api.w.org\/{rel}","templated":true}]}}