{"id":5037,"date":"2024-01-21T05:47:33","date_gmt":"2024-01-21T02:47:33","guid":{"rendered":"https:\/\/habermarmaratv.com\/index.php\/2024\/01\/21\/sehitlerimiz-kapaklida-dualarla-anildi\/"},"modified":"2024-01-21T05:47:33","modified_gmt":"2024-01-21T02:47:33","slug":"sehitlerimiz-kapaklida-dualarla-anildi","status":"publish","type":"post","link":"https:\/\/habermarmaratv.com\/index.php\/2024\/01\/21\/sehitlerimiz-kapaklida-dualarla-anildi\/","title":{"rendered":"\u015eehitlerimiz Kapakl\u0131\u2019da dualarla an\u0131ld\u0131"},"content":{"rendered":"<p> [ad_1]<br \/>\n<\/p>\n<div id=\"detaymetin\">\n<p>\u00a0<\/p>\n<p><span class=\"text-big\">12 Ocak\u2019ta Pen\u00e7e-Kilit Harekat\u0131 b\u00f6lgesinde bir \u00fcs b\u00f6lgemize s\u0131zmaya \u00e7al\u0131\u015fan ter\u00f6ristlerle \u00e7\u0131kan \u00e7at\u0131\u015fmada \u015fehit d\u00fc\u015fen kahraman Mehmet\u00e7iklerimiz ve t\u00fcm \u015fehitlerimiz i\u00e7in Kapakl\u0131 Belediyesi taraf\u0131ndan Cuma namaz\u0131 sonras\u0131nda mevlit program\u0131 d\u00fczenlendi.<\/span><\/p>\n<p>\u00a0<\/p>\n<p><span class=\"text-big\">Kapakl\u0131 Belediyesi Sosyal Destek Hizmetleri M\u00fcd\u00fcrl\u00fc\u011f\u00fc taraf\u0131ndan d\u00fczenlenen program sayg\u0131 duru\u015funda bulunulmas\u0131 ve \u0130stiklal Mar\u015f\u0131m\u0131z\u0131n okunmas\u0131yla ba\u015flad\u0131. Kur\u2019an-\u0131 Kerim ve Mevlid-i \u015eerif\u2019in okunmas\u0131n\u0131n ard\u0131ndan t\u00fcm \u015fehitlerimiz i\u00e7in dualar edildi.<\/span><\/p>\n<p>\u00a0<\/p>\n<figure class=\"image\"><img decoding=\"async\" src=\"https:\/\/marmarahaber.com.tr\/resimler\/2024-1\/20\/959781396842825.webp\"\/><\/figure>\n<p>\u00a0<\/p>\n<p><span class=\"text-big\">\u00a0Cuma namaz\u0131 sonras\u0131nda d\u00fczenlenen Mevlid-i \u015eerif program\u0131na Kapakl\u0131 Kaymakam\u0131 Mustafa G\u00fcrdal, Kapakl\u0131 Belediye Ba\u015fkan\u0131 Mustafa \u00c7etin, \u0130l\u00e7e Emniyet M\u00fcd\u00fcr\u00fc Ertu\u011frul Gazi Aksoy, \u0130l\u00e7e Milli E\u011fitim M\u00fcd\u00fcr\u00fc Halil Vard\u0131, kurum amirleri, STK temsilcileri ve \u00e7ok say\u0131da vatanda\u015f kat\u0131ld\u0131. Program sonras\u0131nda vatanda\u015flara hay\u0131rsever \u015eef Fatma Bayrak\u2019\u0131n katk\u0131lar\u0131yla Kapakl\u0131 Belediyesi A\u015fevi\u2019nde haz\u0131rlanan yemek ikram edildi.\u00a0<\/span><\/p>\n<p>\u00a0<\/p>\n<figure class=\"image\"><img decoding=\"async\" src=\"https:\/\/marmarahaber.com.tr\/resimler\/2024-1\/20\/1006972094898831.webp\"\/><\/figure>\n<p><span class=\"text-big\"><strong>\u201c\u015eEH\u0130TLER\u0130M\u0130Z\u0130 RAHMETLE ANDIK\u201d<\/strong><\/span><\/p>\n<p><span class=\"text-big\">12 Ocak tarihinde Pen\u00e7e-Kilit Harekat\u0131 b\u00f6lgesinde bir \u00fcs b\u00f6lgemize s\u0131zmaya \u00e7al\u0131\u015fan ter\u00f6ristlerle \u00e7\u0131kan \u00e7at\u0131\u015fmada \u015fehit d\u00fc\u015fen kahraman Mehmet\u00e7iklerimiz ve t\u00fcm \u015fehitlerimiz i\u00e7in Cuma namaz\u0131 sonras\u0131nda bir araya geldiklerini belirten Kapakl\u0131 Belediye Ba\u015fkan\u0131 Mustafa \u00c7etin, \u201cKur\u2019an-\u0131 Kerim ve Mevlid-i \u015eeriflerin okunmas\u0131yla, dualar\u0131n edilmesiyle \u015fehitlerimizi rahmetle and\u0131k. Ruhlar\u0131 \u015fad olsun. Rabbim t\u00fcm \u015fehitlerimize makamlar\u0131n en g\u00fczeli olan Peygamber Efendimiz Hz. Muhammed (Sav) ile kom\u015fu olmay\u0131, bizlere de onlar\u0131n aziz hat\u0131ralar\u0131na sahip \u00e7\u0131kabilmeyi nasip etsin\u201d dedi.<\/span><\/p>\n<p><span class=\"text-big\"><strong>Haber \/ Erdal AYDIN<\/strong><\/span><\/p>\n<\/p><\/div>\n<p>[ad_2]<br \/>\n<br \/><a href=\"https:\/\/www.marmarahaber.com.tr\/haber\/sehitlerimiz_kapaklida_dualarla_anildi-87004.html\">Source link <\/a><\/p>\n","protected":false},"excerpt":{"rendered":"<p>[ad_1] \u00a0 12 Ocak\u2019ta Pen\u00e7e-Kilit Harekat\u0131 b\u00f6lgesinde bir \u00fcs b\u00f6lgemize s\u0131zmaya \u00e7al\u0131\u015fan ter\u00f6ristlerle \u00e7\u0131kan \u00e7at\u0131\u015fmada \u015fehit d\u00fc\u015fen kahraman Mehmet\u00e7iklerimiz ve t\u00fcm \u015fehitlerimiz i\u00e7in Kapakl\u0131 Belediyesi taraf\u0131ndan Cuma namaz\u0131 sonras\u0131nda mevlit program\u0131 d\u00fczenlendi. \u00a0 Kapakl\u0131 Belediyesi Sosyal Destek Hizmetleri M\u00fcd\u00fcrl\u00fc\u011f\u00fc taraf\u0131ndan d\u00fczenlenen program sayg\u0131 duru\u015funda bulunulmas\u0131 ve \u0130stiklal Mar\u015f\u0131m\u0131z\u0131n okunmas\u0131yla ba\u015flad\u0131. Kur\u2019an-\u0131 Kerim ve Mevlid-i \u015eerif\u2019in [&hellip;]<\/p>\n","protected":false},"author":1,"featured_media":5038,"comment_status":"open","ping_status":"open","sticky":false,"template":"","format":"standard","meta":{"footnotes":""},"categories":[10],"tags":[],"class_list":["post-5037","post","type-post","status-publish","format-standard","has-post-thumbnail","hentry","category-gundem"],"_links":{"self":[{"href":"https:\/\/habermarmaratv.com\/index.php\/wp-json\/wp\/v2\/posts\/5037","targetHints":{"allow":["GET"]}}],"collection":[{"href":"https:\/\/habermarmaratv.com\/index.php\/wp-json\/wp\/v2\/posts"}],"about":[{"href":"https:\/\/habermarmaratv.com\/index.php\/wp-json\/wp\/v2\/types\/post"}],"author":[{"embeddable":true,"href":"https:\/\/habermarmaratv.com\/index.php\/wp-json\/wp\/v2\/users\/1"}],"replies":[{"embeddable":true,"href":"https:\/\/habermarmaratv.com\/index.php\/wp-json\/wp\/v2\/comments?post=5037"}],"version-history":[{"count":0,"href":"https:\/\/habermarmaratv.com\/index.php\/wp-json\/wp\/v2\/posts\/5037\/revisions"}],"wp:featuredmedia":[{"embeddable":true,"href":"https:\/\/habermarmaratv.com\/index.php\/wp-json\/wp\/v2\/media\/5038"}],"wp:attachment":[{"href":"https:\/\/habermarmaratv.com\/index.php\/wp-json\/wp\/v2\/media?parent=5037"}],"wp:term":[{"taxonomy":"category","embeddable":true,"href":"https:\/\/habermarmaratv.com\/index.php\/wp-json\/wp\/v2\/categories?post=5037"},{"taxonomy":"post_tag","embeddable":true,"href":"https:\/\/habermarmaratv.com\/index.php\/wp-json\/wp\/v2\/tags?post=5037"}],"curies":[{"name":"wp","href":"https:\/\/api.w.org\/{rel}","templated":true}]}}