{"id":4989,"date":"2024-01-20T02:13:52","date_gmt":"2024-01-19T23:13:52","guid":{"rendered":"https:\/\/habermarmaratv.com\/index.php\/2024\/01\/20\/suloglu-carsida-kaldirimlar-yenileniyor\/"},"modified":"2024-01-20T02:13:52","modified_gmt":"2024-01-19T23:13:52","slug":"suloglu-carsida-kaldirimlar-yenileniyor","status":"publish","type":"post","link":"https:\/\/habermarmaratv.com\/index.php\/2024\/01\/20\/suloglu-carsida-kaldirimlar-yenileniyor\/","title":{"rendered":"S\u00fclo\u011flu \u00c7ar\u015f\u0131\u2019da kald\u0131r\u0131mlar yenileniyor"},"content":{"rendered":"<p> [ad_1]<br \/>\n<\/p>\n<div id=\"detaymetin\">\n<p><span class=\"text-big\">Belediye Ba\u015fkan\u0131 Mehmet Ormank\u0131ran, \u00e7al\u0131\u015fmalar\u0131 inceleyerek, yetkililerden bilgi ald\u0131.\u00a0<\/span><\/p>\n<p><span class=\"text-big\"><strong>\u201cELEKTR\u0130K D\u0130REKLER\u0130M\u0130Z\u0130N MONTAJINI DA YAPTIK\u201d<\/strong><\/span><\/p>\n<p><span class=\"text-big\">\u201cHay\u0131rl\u0131s\u0131yla \u00e7ar\u015f\u0131m\u0131z\u0131 yenilemeye ba\u015flad\u0131k\u201d diyen Ba\u015fkan Ormank\u0131ran, \u201c\u0130l\u00e7emizde do\u011fal gaz, i\u00e7me suyu ve en son da ge\u00e7ti\u011fimiz g\u00fcnlerde elektrik hatlar\u0131n\u0131n yer alt\u0131na al\u0131nmas\u0131 sonras\u0131 uzun zamand\u0131r yapmay\u0131 planlad\u0131\u011f\u0131m\u0131z \u00e7ar\u015f\u0131m\u0131z\u0131n kald\u0131r\u0131mlar\u0131n\u0131, il\u00e7emizde \u00e7\u0131kan K\u00fcfeki (midye ta\u015f\u0131) ile d\u00f6\u015femeye ba\u015flad\u0131k.\u00a0<\/span><\/p>\n<p>\u00a0<\/p>\n<figure class=\"image\"><img decoding=\"async\" src=\"https:\/\/marmarahaber.com.tr\/resimler\/2024-1\/19\/10369780327914.webp\"\/><\/figure>\n<p>\u00a0<\/p>\n<p><span class=\"text-big\">Altyap\u0131s\u0131 tamamen biten caddemizin kald\u0131r\u0131mlar\u0131n\u0131 yapmaya ba\u015flarken, ilk etap gelen dekoratif elektrik direklerimizin de montaj\u0131n\u0131 yapt\u0131k. G\u00fczel il\u00e7emiz S\u00fclo\u011flu\u2019muzda siz de\u011ferli halk\u0131m\u0131z\u0131n ve esnaflar\u0131m\u0131z\u0131n daha iyi faydalanabilece\u011fi bir \u00e7ar\u015f\u0131 haz\u0131rlarken, vermi\u015f oldu\u011fumuz rahats\u0131zl\u0131ktan dolay\u0131 da \u00f6z\u00fcr dileriz. Sizlerle birlikte S\u00fclo\u011flu\u2019muz i\u00e7in \u00e7al\u0131\u015fmaya devam edece\u011fiz. Hay\u0131rl\u0131 u\u011furlu olsun\u201d ifadelerini kulland\u0131.\u00a0<\/span><\/p>\n<p><span class=\"text-big\"><strong>Haber \/ Men\u015fure KARDE\u015e<\/strong><\/span><\/p>\n<\/p><\/div>\n<p>[ad_2]<br \/>\n<br \/><a href=\"https:\/\/www.marmarahaber.com.tr\/haber\/suloglu_carsida_kaldirimlar_yenileniyor_-86995.html\">Source link <\/a><\/p>\n","protected":false},"excerpt":{"rendered":"<p>[ad_1] Belediye Ba\u015fkan\u0131 Mehmet Ormank\u0131ran, \u00e7al\u0131\u015fmalar\u0131 inceleyerek, yetkililerden bilgi ald\u0131.\u00a0 \u201cELEKTR\u0130K D\u0130REKLER\u0130M\u0130Z\u0130N MONTAJINI DA YAPTIK\u201d \u201cHay\u0131rl\u0131s\u0131yla \u00e7ar\u015f\u0131m\u0131z\u0131 yenilemeye ba\u015flad\u0131k\u201d diyen Ba\u015fkan Ormank\u0131ran, \u201c\u0130l\u00e7emizde do\u011fal gaz, i\u00e7me suyu ve en son da ge\u00e7ti\u011fimiz g\u00fcnlerde elektrik hatlar\u0131n\u0131n yer alt\u0131na al\u0131nmas\u0131 sonras\u0131 uzun zamand\u0131r yapmay\u0131 planlad\u0131\u011f\u0131m\u0131z \u00e7ar\u015f\u0131m\u0131z\u0131n kald\u0131r\u0131mlar\u0131n\u0131, il\u00e7emizde \u00e7\u0131kan K\u00fcfeki (midye ta\u015f\u0131) ile d\u00f6\u015femeye ba\u015flad\u0131k.\u00a0 \u00a0 \u00a0 [&hellip;]<\/p>\n","protected":false},"author":1,"featured_media":4990,"comment_status":"open","ping_status":"open","sticky":false,"template":"","format":"standard","meta":{"footnotes":""},"categories":[10],"tags":[],"class_list":["post-4989","post","type-post","status-publish","format-standard","has-post-thumbnail","hentry","category-gundem"],"_links":{"self":[{"href":"https:\/\/habermarmaratv.com\/index.php\/wp-json\/wp\/v2\/posts\/4989","targetHints":{"allow":["GET"]}}],"collection":[{"href":"https:\/\/habermarmaratv.com\/index.php\/wp-json\/wp\/v2\/posts"}],"about":[{"href":"https:\/\/habermarmaratv.com\/index.php\/wp-json\/wp\/v2\/types\/post"}],"author":[{"embeddable":true,"href":"https:\/\/habermarmaratv.com\/index.php\/wp-json\/wp\/v2\/users\/1"}],"replies":[{"embeddable":true,"href":"https:\/\/habermarmaratv.com\/index.php\/wp-json\/wp\/v2\/comments?post=4989"}],"version-history":[{"count":0,"href":"https:\/\/habermarmaratv.com\/index.php\/wp-json\/wp\/v2\/posts\/4989\/revisions"}],"wp:featuredmedia":[{"embeddable":true,"href":"https:\/\/habermarmaratv.com\/index.php\/wp-json\/wp\/v2\/media\/4990"}],"wp:attachment":[{"href":"https:\/\/habermarmaratv.com\/index.php\/wp-json\/wp\/v2\/media?parent=4989"}],"wp:term":[{"taxonomy":"category","embeddable":true,"href":"https:\/\/habermarmaratv.com\/index.php\/wp-json\/wp\/v2\/categories?post=4989"},{"taxonomy":"post_tag","embeddable":true,"href":"https:\/\/habermarmaratv.com\/index.php\/wp-json\/wp\/v2\/tags?post=4989"}],"curies":[{"name":"wp","href":"https:\/\/api.w.org\/{rel}","templated":true}]}}