{"id":4927,"date":"2024-01-18T19:44:45","date_gmt":"2024-01-18T16:44:45","guid":{"rendered":"https:\/\/habermarmaratv.com\/index.php\/2024\/01\/18\/buyuksehir-10-yeni-otobusle-toplu-tasima-agini-guclendirdi\/"},"modified":"2024-01-18T19:44:45","modified_gmt":"2024-01-18T16:44:45","slug":"buyuksehir-10-yeni-otobusle-toplu-tasima-agini-guclendirdi","status":"publish","type":"post","link":"https:\/\/habermarmaratv.com\/index.php\/2024\/01\/18\/buyuksehir-10-yeni-otobusle-toplu-tasima-agini-guclendirdi\/","title":{"rendered":"B\u00fcy\u00fck\u015fehir, 10 yeni otob\u00fcsle toplu ta\u015f\u0131ma a\u011f\u0131n\u0131 g\u00fc\u00e7lendirdi"},"content":{"rendered":"<p> [ad_1]<br \/>\n<\/p>\n<div id=\"detaymetin\">\n<p>\u00a0<\/p>\n<p><span class=\"text-big\">T\u00f6rende konu\u015fan Tekirda\u011f B\u00fcy\u00fck\u015fehir Belediye Ba\u015fkan\u0131 Kadir Albayrak, \u201cBug\u00fcn itibariyle 10 yeni arac\u0131m\u0131z\u0131 daha vatanda\u015flar\u0131m\u0131z\u0131n hizmetine sunmu\u015f bulunuyoruz. Her biri son model, klimal\u0131 ve konforlu olan engelsiz ara\u00e7lar\u0131m\u0131zla \u00c7orlu\u2019da y\u00fcksek kalite standartlar\u0131nda hizmet vermeye devam edece\u011fiz\u201d dedi.<\/span><\/p>\n<p><span class=\"text-big\">Tekirda\u011f B\u00fcy\u00fck\u015fehir Belediyesi\u2019nin ara\u00e7 filosuna katt\u0131\u011f\u0131 10 adet otob\u00fcs\u00fcn hizmete al\u0131m t\u00f6reni, \u00c7orlu Atat\u00fcrk Meydan\u0131\u2019nda geni\u015f \u00e7apl\u0131 kat\u0131l\u0131mla ger\u00e7ekle\u015ftirildi.\u00a0<\/span><\/p>\n<p>\u00a0<\/p>\n<figure class=\"image\"><img decoding=\"async\" src=\"https:\/\/marmarahaber.com.tr\/resimler\/2024-1\/18\/69516165428189.webp\"\/><\/figure>\n<p><span class=\"text-big\"><strong>\u00c7ORLU\u2019DA H\u0130ZMET VERECEK<\/strong><\/span><\/p>\n<p><span class=\"text-big\">Saat 12.00\u2019de d\u00fczenlenen t\u00f6renin a\u00e7\u0131l\u0131\u015f konu\u015fmas\u0131n\u0131 yapan Tekula\u015f Genel M\u00fcd\u00fcr\u00fc \u0130lyas K\u00fc\u00e7\u00fckmidil, yeni al\u0131nan ara\u00e7larla ilgili teknik bilgileri payla\u015f\u0131rken, hizmete sunulan 10 adet \u0130suzu Citiport 12 metrelik, toplam 107 yolcu kapasiteli klimal\u0131, konforlu ve engelsiz ara\u00e7lar\u0131n \u00c7orlu\u2019da vatanda\u015flara toplu ta\u015f\u0131ma hizmeti verece\u011fini ifade etti.\u00a0<\/span><\/p>\n<p><span class=\"text-big\"><strong>HAYIRLI OLMASI TEMENN\u0130S\u0130NDE BULUNDU<\/strong><\/span><\/p>\n<p><span class=\"text-big\">A\u00e7\u0131l\u0131\u015fta \u00c7orlu Belediye Ba\u015fkan\u0131 Ahmet Sar\u0131kurt da konu\u015fma yeni al\u0131nan ara\u00e7lar\u0131n hay\u0131rl\u0131 olmas\u0131 temennisinde bulundu ve toplu ula\u015f\u0131ma verdi\u011fi destek ve katk\u0131lardan dolay\u0131 Ba\u015fkan Albayrak ve ekibine te\u015fekk\u00fcr etti.<\/span><\/p>\n<p>\u00a0<\/p>\n<figure class=\"image\"><img decoding=\"async\" src=\"https:\/\/marmarahaber.com.tr\/resimler\/2024-1\/18\/763134067435.webp\"\/><\/figure>\n<p><span class=\"text-big\"><strong>\u201c10 YEN\u0130 ARACI DAHA H\u0130ZMETE SUNDUK\u201d<\/strong><\/span><\/p>\n<p><span class=\"text-big\">Tekirda\u011f B\u00fcy\u00fck\u015fehir Belediye Ba\u015fkan\u0131 Kadir Albayrak da t\u00f6rende yapt\u0131\u011f\u0131 konu\u015fmada konforlu ve g\u00fcvenli ula\u015f\u0131m i\u00e7in ara\u00e7 filosunu g\u00fc\u00e7lendirmeye devam ettiklerini belirtti. Tekirda\u011f B\u00fcy\u00fck\u015fehir Belediyesi olarak vatanda\u015flara etkin, verimli ve konforlu bir \u015fekilde toplu ula\u015f\u0131m hizmeti verebilmek amac\u0131yla \u00e7al\u0131\u015fmalar\u0131n\u0131 s\u00fcrd\u00fcrd\u00fcklerini dile getiren Albayrak, \u201cYeni yat\u0131r\u0131mlar\u0131m\u0131zla toplu ula\u015f\u0131m a\u011f\u0131m\u0131z\u0131 b\u00fcy\u00fctmeye devam ediyoruz. Bir yandan ta\u015f\u0131ma kapasitemizi artt\u0131r\u0131rken bir yandan da yeni hatlar a\u00e7arak toplu ula\u015f\u0131m a\u011f\u0131m\u0131z\u0131 geni\u015fletiyoruz. Bug\u00fcn itibariyle 10 yeni arac\u0131m\u0131z\u0131 daha vatanda\u015flar\u0131m\u0131z\u0131n hizmetine sunmu\u015f bulunuyoruz\u201d dedi.\u00a0<\/span><\/p>\n<p>\u00a0<\/p>\n<figure class=\"image\"><img decoding=\"async\" src=\"https:\/\/marmarahaber.com.tr\/resimler\/2024-1\/18\/81141582635833.webp\"\/><\/figure>\n<p><span class=\"text-big\"><strong>\u201cTEK\u0130RDA\u011e HALKI HER \u015eEY\u0130N EN \u0130Y\u0130S\u0130N\u0130 HAK ED\u0130YOR\u201d<\/strong><\/span><\/p>\n<p><span class=\"text-big\">Her biri son model, klimal\u0131 ve konforlu olan engelsiz ara\u00e7larla \u00c7orlu\u2019da y\u00fcksek kalite standartlar\u0131nda hizmet vermeye devam edeceklerini dile getiren Albayrak, \u201cB\u00fcy\u00fck ailemiz olan Tekirda\u011f halk\u0131 her \u015feyin en iyisini hak ediyor. Hizmetlerimizin ger\u00e7ek mimar\u0131; bizleri bu g\u00f6reve getiren Tekirda\u011f halk\u0131d\u0131r\u201d diyerek yeni ara\u00e7lar\u0131n hay\u0131rl\u0131 olmas\u0131n\u0131 temenni etti. Konu\u015fmalar\u0131n ard\u0131ndan kurdele kesilerek ara\u00e7lar\u0131n hizmete al\u0131m\u0131 ger\u00e7ekle\u015ftirildi.\u00a0<\/span><\/p>\n<p><span class=\"text-big\"><strong>Haber \/ Buse AKIN<\/strong><\/span><\/p>\n<\/p><\/div>\n<p>[ad_2]<br \/>\n<br \/><a href=\"https:\/\/www.marmarahaber.com.tr\/haber\/buyuksehir_10_yeni_otobusle_toplu_tasima_agini_guclendirdi-86982.html\">Source link <\/a><\/p>\n","protected":false},"excerpt":{"rendered":"<p>[ad_1] \u00a0 T\u00f6rende konu\u015fan Tekirda\u011f B\u00fcy\u00fck\u015fehir Belediye Ba\u015fkan\u0131 Kadir Albayrak, \u201cBug\u00fcn itibariyle 10 yeni arac\u0131m\u0131z\u0131 daha vatanda\u015flar\u0131m\u0131z\u0131n hizmetine sunmu\u015f bulunuyoruz. Her biri son model, klimal\u0131 ve konforlu olan engelsiz ara\u00e7lar\u0131m\u0131zla \u00c7orlu\u2019da y\u00fcksek kalite standartlar\u0131nda hizmet vermeye devam edece\u011fiz\u201d dedi. Tekirda\u011f B\u00fcy\u00fck\u015fehir Belediyesi\u2019nin ara\u00e7 filosuna katt\u0131\u011f\u0131 10 adet otob\u00fcs\u00fcn hizmete al\u0131m t\u00f6reni, \u00c7orlu Atat\u00fcrk Meydan\u0131\u2019nda geni\u015f [&hellip;]<\/p>\n","protected":false},"author":1,"featured_media":4928,"comment_status":"open","ping_status":"open","sticky":false,"template":"","format":"standard","meta":{"footnotes":""},"categories":[10],"tags":[],"class_list":["post-4927","post","type-post","status-publish","format-standard","has-post-thumbnail","hentry","category-gundem"],"_links":{"self":[{"href":"https:\/\/habermarmaratv.com\/index.php\/wp-json\/wp\/v2\/posts\/4927","targetHints":{"allow":["GET"]}}],"collection":[{"href":"https:\/\/habermarmaratv.com\/index.php\/wp-json\/wp\/v2\/posts"}],"about":[{"href":"https:\/\/habermarmaratv.com\/index.php\/wp-json\/wp\/v2\/types\/post"}],"author":[{"embeddable":true,"href":"https:\/\/habermarmaratv.com\/index.php\/wp-json\/wp\/v2\/users\/1"}],"replies":[{"embeddable":true,"href":"https:\/\/habermarmaratv.com\/index.php\/wp-json\/wp\/v2\/comments?post=4927"}],"version-history":[{"count":0,"href":"https:\/\/habermarmaratv.com\/index.php\/wp-json\/wp\/v2\/posts\/4927\/revisions"}],"wp:featuredmedia":[{"embeddable":true,"href":"https:\/\/habermarmaratv.com\/index.php\/wp-json\/wp\/v2\/media\/4928"}],"wp:attachment":[{"href":"https:\/\/habermarmaratv.com\/index.php\/wp-json\/wp\/v2\/media?parent=4927"}],"wp:term":[{"taxonomy":"category","embeddable":true,"href":"https:\/\/habermarmaratv.com\/index.php\/wp-json\/wp\/v2\/categories?post=4927"},{"taxonomy":"post_tag","embeddable":true,"href":"https:\/\/habermarmaratv.com\/index.php\/wp-json\/wp\/v2\/tags?post=4927"}],"curies":[{"name":"wp","href":"https:\/\/api.w.org\/{rel}","templated":true}]}}