{"id":4917,"date":"2024-01-18T14:37:52","date_gmt":"2024-01-18T11:37:52","guid":{"rendered":"https:\/\/habermarmaratv.com\/index.php\/2024\/01\/18\/yeni-konteynerler-ihtiyac-duyulan-bolgelere-dagitiliyor\/"},"modified":"2024-01-18T14:37:52","modified_gmt":"2024-01-18T11:37:52","slug":"yeni-konteynerler-ihtiyac-duyulan-bolgelere-dagitiliyor","status":"publish","type":"post","link":"https:\/\/habermarmaratv.com\/index.php\/2024\/01\/18\/yeni-konteynerler-ihtiyac-duyulan-bolgelere-dagitiliyor\/","title":{"rendered":"Yeni konteynerler, ihtiya\u00e7 duyulan b\u00f6lgelere da\u011f\u0131t\u0131l\u0131yor"},"content":{"rendered":"<p> [ad_1]<br \/>\n<br \/><img decoding=\"async\" src=\"https:\/\/www.marmarahaber.com.tr\/resimler\/2024-1\/18\/735142069528914.webp\" \/><\/p>\n<div id=\"detaymetin\">\n<p>\u00a0<\/p>\n<p><span class=\"text-big\">Konuyla ilgili a\u00e7\u0131klama yapan \u015eark\u00f6y Belediye Ba\u015fkan\u0131 Alpay Var, \u201cDaha temiz ve daha ya\u015fanabilir bir \u015eark\u00f6y i\u00e7in t\u00fcm h\u0131z\u0131yla \u00e7al\u0131\u015fmaya devam ediyoruz. 800 litrelik galvaniz \u00e7\u00f6p konteynerleri belediyemiz envanterine dahil edilmi\u015f olup, konteynerlerin ihtiya\u00e7 duyulan b\u00f6lgelerde S\u00fcrd\u00fcr\u00fclebilir Kat\u0131 At\u0131k Y\u00f6netimi Projesi kapsam\u0131nda da\u011f\u0131t\u0131m \u00e7al\u0131\u015fmas\u0131 yap\u0131lmaya devam etmektedir.\u00a0<\/span><\/p>\n<p>\u00a0<\/p>\n<p><span class=\"text-big\">Kentimizi temiz \u00e7evre ve daha sa\u011fl\u0131kl\u0131 yar\u0131nlar ile bulu\u015fturacak \u00e7al\u0131\u015fmalar\u0131 hayata ge\u00e7irecek, vatanda\u015flar\u0131m\u0131z\u0131n ihtiya\u00e7lar\u0131n\u0131 kar\u015f\u0131lamak i\u00e7in durmaks\u0131z\u0131n \u00e7al\u0131\u015fmaya devam edece\u011fiz\u201d dedi.\u00a0<\/span><\/p>\n<p><span class=\"text-big\"><strong>Haber \/ \u0130rem BAN\u00c7O<\/strong><\/span><\/p>\n<\/p><\/div>\n<p>[ad_2]<br \/>\n<br \/><a href=\"https:\/\/www.marmarahaber.com.tr\/haber\/yeni_konteynerler_ihtiyac_duyulan_bolgelere_dagitiliyor-86972.html\">Source link <\/a><\/p>\n","protected":false},"excerpt":{"rendered":"<p>[ad_1] \u00a0 Konuyla ilgili a\u00e7\u0131klama yapan \u015eark\u00f6y Belediye Ba\u015fkan\u0131 Alpay Var, \u201cDaha temiz ve daha ya\u015fanabilir bir \u015eark\u00f6y i\u00e7in t\u00fcm h\u0131z\u0131yla \u00e7al\u0131\u015fmaya devam ediyoruz. 800 litrelik galvaniz \u00e7\u00f6p konteynerleri belediyemiz envanterine dahil edilmi\u015f olup, konteynerlerin ihtiya\u00e7 duyulan b\u00f6lgelerde S\u00fcrd\u00fcr\u00fclebilir Kat\u0131 At\u0131k Y\u00f6netimi Projesi kapsam\u0131nda da\u011f\u0131t\u0131m \u00e7al\u0131\u015fmas\u0131 yap\u0131lmaya devam etmektedir.\u00a0 \u00a0 Kentimizi temiz \u00e7evre ve daha [&hellip;]<\/p>\n","protected":false},"author":1,"featured_media":4918,"comment_status":"open","ping_status":"open","sticky":false,"template":"","format":"standard","meta":{"footnotes":""},"categories":[10],"tags":[],"class_list":["post-4917","post","type-post","status-publish","format-standard","has-post-thumbnail","hentry","category-gundem"],"_links":{"self":[{"href":"https:\/\/habermarmaratv.com\/index.php\/wp-json\/wp\/v2\/posts\/4917","targetHints":{"allow":["GET"]}}],"collection":[{"href":"https:\/\/habermarmaratv.com\/index.php\/wp-json\/wp\/v2\/posts"}],"about":[{"href":"https:\/\/habermarmaratv.com\/index.php\/wp-json\/wp\/v2\/types\/post"}],"author":[{"embeddable":true,"href":"https:\/\/habermarmaratv.com\/index.php\/wp-json\/wp\/v2\/users\/1"}],"replies":[{"embeddable":true,"href":"https:\/\/habermarmaratv.com\/index.php\/wp-json\/wp\/v2\/comments?post=4917"}],"version-history":[{"count":0,"href":"https:\/\/habermarmaratv.com\/index.php\/wp-json\/wp\/v2\/posts\/4917\/revisions"}],"wp:featuredmedia":[{"embeddable":true,"href":"https:\/\/habermarmaratv.com\/index.php\/wp-json\/wp\/v2\/media\/4918"}],"wp:attachment":[{"href":"https:\/\/habermarmaratv.com\/index.php\/wp-json\/wp\/v2\/media?parent=4917"}],"wp:term":[{"taxonomy":"category","embeddable":true,"href":"https:\/\/habermarmaratv.com\/index.php\/wp-json\/wp\/v2\/categories?post=4917"},{"taxonomy":"post_tag","embeddable":true,"href":"https:\/\/habermarmaratv.com\/index.php\/wp-json\/wp\/v2\/tags?post=4917"}],"curies":[{"name":"wp","href":"https:\/\/api.w.org\/{rel}","templated":true}]}}