{"id":4583,"date":"2024-01-08T10:40:51","date_gmt":"2024-01-08T07:40:51","guid":{"rendered":"https:\/\/habermarmaratv.com\/index.php\/2024\/01\/08\/edirnenin-belediye-baskani-belgin-iba-oldu\/"},"modified":"2024-01-08T10:40:51","modified_gmt":"2024-01-08T07:40:51","slug":"edirnenin-belediye-baskani-belgin-iba-oldu","status":"publish","type":"post","link":"https:\/\/habermarmaratv.com\/index.php\/2024\/01\/08\/edirnenin-belediye-baskani-belgin-iba-oldu\/","title":{"rendered":"Edirne\u2019nin Belediye Ba\u015fkan\u0131 Belgin \u0130ba oldu"},"content":{"rendered":"<p> [ad_1]<br \/>\n<\/p>\n<div id=\"detaymetin\">\n<p><span class=\"text-big\">31 Mart yerel se\u00e7imleri \u00f6ncesi belediye ba\u015fkanl\u0131klar\u0131yla ilgili aday belirleme \u00e7al\u0131\u015fmas\u0131nda sona gelindi. Cumhurba\u015fkan\u0131 ve AK Parti Genel Ba\u015fkan\u0131 Recep Tayyip Erdo\u011fan, Hali\u00e7 Kongre Merkezi\u2019nde d\u00fczenlenen Aday Tan\u0131t\u0131m Toplant\u0131s\u0131\u2019nda 11\u2019i b\u00fcy\u00fck\u015fehir, 15\u2019i il olmak \u00fczere 26 \u015fehrin adaylar\u0131n\u0131 a\u00e7\u0131klad\u0131. Toplant\u0131da, bakanlar, MYK ve MKYK \u00fcyeleri, 26 \u015fehrin milletvekilleri ve 3 kademe il ba\u015fkanlar\u0131, adaylar\u0131 a\u00e7\u0131klanacak b\u00fcy\u00fck\u015fehirlerin MHP il ba\u015fkanlar\u0131 da yer ald\u0131. Programda, \u2018T\u00fcrkiye Y\u00fczy\u0131l\u0131 \u015eehirleri i\u00e7in Haz\u0131r\u0131z Kararl\u0131y\u0131z\u2019 mottolu sahne tasar\u0131m\u0131 d\u00fczenlendi.\u00a0<\/span><\/p>\n<p>\u00a0<\/p>\n<p>\u00a0<\/p>\n<figure class=\"image\"><img decoding=\"async\" src=\"https:\/\/marmarahaber.com.tr\/resimler\/2024-1\/8\/412442006401631.webp\"\/><\/figure>\n<p>\u00a0<\/p>\n<p>\u00a0<\/p>\n<p><span class=\"text-big\"><strong>\u201cGEN\u00c7LER, FAZLA ZAMANIMIZ YOK\u201d<\/strong><\/span><\/p>\n<p>\u00a0<\/p>\n<p><span class=\"text-big\">Partinin kurulu\u015fundan 15 ay sonra girdikleri 3 Kas\u0131m 2002 se\u00e7imlerinde iktidara geldiklerini kaydeden Cumhurba\u015fkan\u0131 Erdo\u011fan, \u201cHer an\u0131 eser ve hizmet siyasetiyle dolu dolu ge\u00e7en 21 y\u0131l\u0131 a\u015fk\u0131n s\u00fcredir de iktidar\u0131m\u0131z\u0131 kesintisiz s\u00fcrd\u00fcr\u00fcyoruz. May\u0131s ay\u0131nda yap\u0131lan Cumhurba\u015fkanl\u0131\u011f\u0131 se\u00e7imini kazanarak, Cumhur \u0130ttifak\u0131\u2019yla da mecliste \u00e7o\u011funlu\u011fu elde ederek milletimizden 5 y\u0131l daha yetki ald\u0131k. Amac\u0131m\u0131z 31 Mart 2024 se\u00e7imleri i\u00e7in de milletimizin huzuruna ger\u00e7ek belediyecilik s\u00f6z\u00fcm\u00fcz\u00fc yerine getirecek adaylarla \u00e7\u0131kmakt\u0131r. Merkezi y\u00f6netimde, \u00fclkemize kazand\u0131rd\u0131\u011f\u0131m\u0131z eser ve hizmetleri belediyelerdeki ba\u015far\u0131larla ta\u00e7land\u0131rmadan, T\u00fcrkiye Y\u00fczy\u0131l\u0131 hedefimizin eksik kalaca\u011f\u0131na inan\u0131yoruz. Hatta muhalefet partilerindeki belediyelerin k\u00f6t\u00fc y\u00f6netilmelerinin faturas\u0131n\u0131 da milletimizi ma\u011fdur etmemek ad\u0131na yeri geldi\u011finde biz \u00f6demek mecburiyetinde kal\u0131yoruz. \u00dclkemizi ve \u015fehirlerimizi b\u00f6yle bir iklimle kar\u015f\u0131 kar\u015f\u0131ya b\u0131rakmaya hi\u00e7birimizin hakk\u0131 yoktur. \u00d6yleyse, bunun i\u00e7in adaylar\u0131m\u0131z\u0131 tespit ederken \u015fehirlerinin her an\u0131nda hep yan\u0131nda olacak, ehil isimlerden olu\u015fmas\u0131na bilhassa dikkat ettik. Ayn\u0131 \u015fekilde AK Parti\u2019nin hizmet belediyecili\u011findeki uzak \u015fekilde y\u0131llard\u0131r adeta eziyet \u00e7eken, il ve il\u00e7elerdeki vatanda\u015flar\u0131m\u0131za da bir \u00e7a\u011fr\u0131m\u0131z var. Gen\u00e7ler, fazla zaman\u0131m\u0131z yok. 31 Mart\u2019a kadar durmak yok, yola devam diyoruz. Muhalefetin ideolojik dayatmalar\u0131 ve korku siyaseti sebebiyle hak ettikleri hizmetlerden mahrum kalan vatanda\u015flar\u0131m\u0131za mecbur de\u011filsin \u015fehrin seninle de\u011fi\u015fsin diyoruz. Nerede ya\u015farsa ya\u015fas\u0131n hi\u00e7 kimse hizmetsizli\u011fe mahkum de\u011fildir. Hi\u00e7bir insan\u0131m\u0131z\u0131n beceriksizlere t\u0131p\u0131\u015f t\u0131p\u0131\u015f oy verme mecburiyeti yoktur&#8221; dedi.<\/span><\/p>\n<p>\u00a0<\/p>\n<p><span class=\"text-big\"><strong>\u201cB\u00dcY\u00dcK B\u0130R T\u00d6REN YAPACA\u011eIZ\u201d\u00a0<\/strong><\/span><\/p>\n<p>\u00a0<\/p>\n<p><span class=\"text-big\">Cumhurba\u015fkan\u0131 Erdo\u011fan, \u201cBu anlay\u0131\u015fla kendini de\u011fil, kentini d\u00fc\u015f\u00fcnen, laf de\u011fil proje \u00fcreten, bahane de\u011fil \u00e7\u00f6z\u00fcm pe\u015finde ko\u015fan, kendi hayat\u0131n\u0131 de\u011fil halk\u0131n hayat\u0131n\u0131 kolayla\u015ft\u0131ran, kibirle de\u011fil tevazuyla hareket eden velhas\u0131l kendi bireysel ama\u00e7lar\u0131n\u0131n de\u011fil, \u015fehrinin ve orada ya\u015fayanlar\u0131n g\u00fcndemiyle yat\u0131p kalkacak, kendini \u015fehrine hizmet etmeye vakfedecek belediye ba\u015fkan adaylar\u0131yla milletimizin kar\u015f\u0131s\u0131na \u00e7\u0131k\u0131yoruz. \u0130n\u015fallah, 15 Ocak Pazartesi g\u00fcn\u00fc hem di\u011fer adaylar\u0131m\u0131z\u0131 tan\u0131taca\u011f\u0131m\u0131z hem se\u00e7im beyannamemizi a\u00e7\u0131klayaca\u011f\u0131m\u0131z b\u00fcy\u00fck bir t\u00f6ren yapaca\u011f\u0131z. Se\u00e7im start\u0131n\u0131 verece\u011fimiz bu t\u00f6renimizle birlikte art\u0131k adaylar\u0131m\u0131zla, te\u015fkilat\u0131m\u0131zla, \u00fcyelerimizle gece g\u00fcnd\u00fcz sahada olaca\u011f\u0131z&#8221; dedi.<\/span><\/p>\n<p>\u00a0<\/p>\n<p><span class=\"text-big\"><strong>\u201cM\u0130LLET\u0130M\u0130Z\u0130N TERC\u0130H\u0130 NE OLURSA OLSUN, BA\u015eIMIZIN \u00dcZER\u0130NDE YER\u0130 VAR\u201d<\/strong><\/span><\/p>\n<p>\u00a0<\/p>\n<p><span class=\"text-big\">AK Parti ve Cumhur \u0130ttifak\u0131 olarak 31 Mart\u2019ta se\u00e7im zaferlerine en b\u00fcy\u00fck halkay\u0131 ilave edeceklerini kaydeden Erdo\u011fan, \u201cAllah\u2019\u0131n yard\u0131m\u0131, milletimizin deste\u011fiyle T\u00fcrkiye 30 b\u00fcy\u00fck\u015fehir ve 519 il\u00e7esi, 51 ili ve 403 il\u00e7esi, 390 beldesiyle belediyecilikte yeni bir d\u00f6nemin kap\u0131lar\u0131n\u0131 aralayacakt\u0131r. Yine yakla\u015f\u0131k 50 bin 500 mahalle ve k\u00f6y muhtar\u0131m\u0131zla bu se\u00e7imle belirlenecek. D\u00fcnyada yerel demokrasinin bu kadar yayg\u0131n bir \u015fekilde do\u011frudan millet iradesiyle i\u015fledi\u011fi pek az \u00fclke vard\u0131r. Darbelerin ve vesayetin bask\u0131s\u0131ndan uzak tamamen h\u00fcr iradesiyle, \u015fehrinin belediye ba\u015fkanlar\u0131n\u0131, belediye meclis \u00fcyelerini, il genel meclis \u00fcyelerini mahalle ve k\u00f6y muhtarlar\u0131n\u0131 k\u0131saca mahalli idarelerini belirleyecek vatanda\u015flar\u0131m\u0131za \u015fimdiden \u015f\u00fckranlar\u0131m\u0131z\u0131 sunuyoruz. Milletimizin tercihi ne olursa olsun, ba\u015f\u0131m\u0131z\u0131n \u00fczerinde yeri vard\u0131r. Bizim siyasi k\u00fclt\u00fcr\u00fcm\u00fczde milletimizle inatla\u015fma olmaz, millete k\u00fcsme olmaz, oy renginden dolay\u0131 millete hakaret etme asla ve asla s\u00f6z konusu olamaz. Biz, vatanda\u015flar\u0131m\u0131za sadece tercihlerini eser ve hizmet siyasetinden yana kullanmalar\u0131 tavsiyesinde bulunmakla m\u00fckellefiz. \u015eehrini ve insanlar\u0131n\u0131 lay\u0131k oldu\u011fu hizmetlere kavu\u015fturacak belediye ba\u015fkanlar\u0131n\u0131n bizim partimizden ve Cumhur \u0130ttifak\u0131\u2019ndan se\u00e7ilmesi i\u00e7in hep birlikte \u00e7al\u0131\u015facak ancak son s\u00f6z\u00fc milletimize b\u0131rakaca\u011f\u0131z. Se\u00e7imlerin ve se\u00e7ilecek adaylar\u0131n \u015fimdiden hay\u0131rl\u0131 olmas\u0131n\u0131 diliyorum&#8221; diye konu\u015ftu.\u00a0<\/span><\/p>\n<p>\u00a0<\/p>\n<p><span class=\"text-big\"><strong>\u201cSE\u00c7\u0130M \u00d6NCES\u0130 Z\u0130H\u0130NLER BULANDIRILMAYA \u00c7ALI\u015eILIYOR\u201d<\/strong><\/span><\/p>\n<p>\u00a0<\/p>\n<p><span class=\"text-big\">Cumhurba\u015fkan\u0131 Erdo\u011fan, \u201cT\u00fcrkiye, \u015fehirlerini 5 y\u0131l boyunca y\u00f6netecek belediye ba\u015fkanlar\u0131n\u0131 belirlemek i\u00e7in se\u00e7ime haz\u0131rlan\u0131rken eski T\u00fcrkiye\u2019de kald\u0131\u011f\u0131n\u0131 umut etti\u011fimiz kimi senaryolar yeniden tedav\u00fcle s\u00fcr\u00fclmeye ba\u015fland\u0131. Her biri 28 \u015eubat s\u00fcrecindeki provokasyonlar\u0131n k\u00f6t\u00fc birer kopyas\u0131 niteli\u011findeki oyunlarla se\u00e7im \u00f6ncesi zihinler buland\u0131r\u0131lmaya \u00e7al\u0131\u015f\u0131l\u0131yor. Daha k\u00f6t\u00fcs\u00fc ise bu ama\u00e7la sahnelenen oyunlarla \u00fclkemizin medeniyet miras\u0131yla milletimizin can\u0131ndan aziz bildi\u011fi mukaddes de\u011ferleri do\u011frudan hedef al\u0131yor. Bu s\u00fcre\u00e7te kullan\u0131lan kesimde i\u00e7inde ya\u015fad\u0131klar\u0131 toplumdan ve o toplumu ayakta tutan de\u011ferlerden habersiz bir g\u00fcruhtur. Bu g\u00fcruha mensup ki\u015filerin ortak \u00f6zelli\u011fi Elif\u2019i g\u00f6rse mertek sanacak kadar cahil olmalar\u0131d\u0131r. Bunlar \u00fclkemizin vatanda\u015f\u0131d\u0131rlar. Ceplerinde devletimizin verdi\u011fi n\u00fcfus c\u00fczdanlar\u0131 vard\u0131r ama kendi milletlerine bir turist kadar yabanc\u0131d\u0131rlar. Cengiz Aytmatov\u2019dan ilhamla mankurt diye s\u0131fatland\u0131rd\u0131\u011f\u0131m\u0131z bu kesime mensup etki elemanlar\u0131 cahil ve c\u00fcretkar olduklar\u0131 i\u00e7in g\u00fcd\u00fclmeye de son derece m\u00fcsaittirler\u201d dedi.<\/span><\/p>\n<p>\u00a0<\/p>\n<p><span class=\"text-big\"><strong>\u201cYA\u015eANANLARDAN DERS \u00c7IKARMA G\u0130B\u0130 B\u0130R ALI\u015eKANLIKLARI YOK\u201d<\/strong><\/span><\/p>\n<p>\u00a0<\/p>\n<p><span class=\"text-big\">\u201cY\u0131llar boyunca vesayet\u00e7iler, darbelere giden yollar\u0131 bunlar\u0131n bilgisizlikleri ve eylemleriyle d\u00f6\u015fedi\u201d diyen Erdo\u011fan, \u201cYabanc\u0131 \u00fclkeler emellerine ula\u015fmak i\u00e7in bunlar\u0131 piyon olarak kulland\u0131. Ter\u00f6r \u00f6rg\u00fctleri kedinin fareyle oynad\u0131\u011f\u0131 gibi oynad\u0131\u011f\u0131 bu ki\u015filere kimi zaman g\u00f6n\u00fcll\u00fc avukatl\u0131klar\u0131n\u0131 kimi zaman fig\u00fcranl\u0131klar\u0131n\u0131 yapt\u0131lar. \u00c7ok partili demokrasiye ge\u00e7ti\u011fimiz g\u00fcnden beri bunlar millet ve memleket d\u00fc\u015fmanlar\u0131n\u0131n en kullan\u0131\u015fl\u0131 aparat\u0131 olmu\u015flard\u0131r. \u00c7\u00fcnk\u00fc bunlar asla d\u00fc\u015f\u00fcnmezler. Tefekk\u00fcr etmez, kendilerini geli\u015ftirmezler. Ya\u015fananlardan ders \u00e7\u0131karma gibi bir al\u0131\u015fkanl\u0131klar\u0131 zaten yoktur. Ortaya at\u0131lan her yalana atlamak, kimi zaman sald\u0131rganl\u0131\u011fa kadar varacak \u015fekilde yaymak bunlar\u0131n ruhunda vard\u0131r. Kendi yank\u0131 odalar\u0131ndan \u00e7\u0131k\u0131p i\u00e7inde ya\u015fad\u0131klar\u0131 toplumu anlamaya, tan\u0131maya, \u00f6\u011frenmeye tenezz\u00fcl dahi etmezler. Y\u0131llarca \u00f6n yarg\u0131lar\u0131n\u0131 ger\u00e7ek zannettiler. Y\u0131llarca sahte korkular\u0131n\u0131n eseri oldular. Kelime-i Tehvid\u2019i bilemeyecek kadar cehalet, nefret ve gaflet \u00e7ukurunda bo\u011fuluyorlar. Oysa biraz okusalar, biraz bu milletle hemhal olsalar, biraz farkl\u0131 mahallelere kulak verseler \u015funu \u00e7ok rahat g\u00f6recekler\u201d ifadelerini kulland\u0131.\u00a0<\/span><\/p>\n<p>\u00a0<\/p>\n<p><span class=\"text-big\"><strong>\u201cAZ\u0130Z B\u0130R M\u0130LLET\u0130Z\u201d\u00a0<\/strong><\/span><\/p>\n<p>\u00a0<\/p>\n<p><span class=\"text-big\">Milletimizin y\u00fczy\u0131llarca \u0130\u2019la-yi Kelimetullah\u2019\u0131n sancaktarl\u0131\u011f\u0131n\u0131 yapt\u0131\u011f\u0131n\u0131, Allah Allah nidalar\u0131yla cihan\u0131 titretti\u011fini, askerine, Resul\u00fc Ekrem efendimize h\u00fcrmeten Mehmet\u00e7ik ismini verdi\u011fini, hamurunun M\u00fcsl\u00fcmanl\u0131kla yo\u011fruldu\u011funu, mayas\u0131n\u0131n \u0130slam\u2019la at\u0131ld\u0131\u011f\u0131n\u0131 kaydeden Cumhurba\u015fkan\u0131 Erdo\u011fan, \u201cBu millet, \u0130stiklal Mar\u015f\u0131\u2019na dahi Kelime-i Tevhidi ilmek ilmek i\u015flemi\u015f aziz bir millettir&#8221; dedi.<\/span><\/p>\n<p>\u00a0<\/p>\n<p><span class=\"text-big\"><strong>\u201cT\u00dcRK\u0130YE BU TUZA\u011eA D\u00dc\u015eMEYECEK\u201d<\/strong><\/span><\/p>\n<p>\u00a0<\/p>\n<p><span class=\"text-big\">Cumhurba\u015fkan\u0131 Erdo\u011fan, \u201c\u0130stanbul Belediye Ba\u015fkanl\u0131\u011f\u0131 adayl\u0131\u011f\u0131m\u0131zdan itibaren siyasi hayat\u0131m\u0131z\u0131n her safhas\u0131nda biz bunlarla kar\u015f\u0131la\u015ft\u0131k, bunlarla m\u00fccadele ettik. Bu kibirli cehaletin nerelere varabilece\u011fini 28 \u015eubat d\u00f6neminde iktidar\u0131m\u0131z\u0131n ilk y\u0131llar\u0131ndaki m\u00fcessif hadiselerde hep birlikte g\u00f6rd\u00fck. Samimi bir \u00fcz\u00fcnt\u00fcyle ifade etmek isterim ki, bu kirli oyunun siyasetteki en b\u00fcy\u00fck aparat\u0131 da maalesef hep CHP oldu. \u015eimdilerde her ne kadar oy oranlar\u0131 d\u00fc\u015f\u00fck de olsa kimi ba\u015fka partilerin de bu sinsi oyunda rol almak i\u00e7in adeta can att\u0131\u011f\u0131n\u0131 g\u00f6r\u00fcyoruz. Her \u015fey de\u011fi\u015fiyor ama CHP ve \u015f\u00fcrekas\u0131n\u0131n ba\u015f rol\u00fcn\u00fc kimseye b\u0131rakmad\u0131\u011f\u0131, toplum ve siyaset m\u00fchendisli\u011fi senaryolar\u0131 ayn\u0131 kal\u0131yor. Pulu d\u00f6nemlerin, kadrolu provokat\u00f6rlerine yeniden i\u015f ba\u015f\u0131 yapt\u0131r\u0131l\u0131rken 30 y\u0131l \u00f6ncesinin senaryolar\u0131n\u0131n g\u00fcncellemeye ihtiya\u00e7 dahi duyulmuyor. Yine hayat tarz\u0131, k\u00f6ken, mezhep, inan\u00e7lar ve semboller \u00fczerinden pis bir oyun oynanmaktad\u0131r. Cumhuriyetimiz ve onun kurucu Gazi Mustafa Kemal, her zamanki gibi yine istismara, en elveri\u015fli malzeme olarak \u00f6ne s\u00fcr\u00fcl\u00fcyor. Oysa bu milletin ne Cumhuriyetle ne de Cumhuriyetimizin banisi Gazi Mustafa Kemal\u2019le bir sorunu, s\u0131k\u0131nt\u0131s\u0131, derdi, problemi vard\u0131r. \u015eunu \u00e7ok a\u00e7\u0131k ve net ifade etmek istiyorum. Bu kavramlar\u0131n arkas\u0131na saklanarak siyaset yapmak, hassasiyet emaresi asla de\u011fildir. Tam tersine olur olmaz bahanelerle, yalan yanl\u0131\u015f s\u00f6ylemlerle bu y\u00f6nde yap\u0131lan \u00e7\u0131k\u0131\u015flar, siyasi t\u00fckenmi\u015fli\u011fin kirli senaryolarda rol alma gayretke\u015fli\u011finin i\u015faretidir. T\u00fcrkiye bu tuza\u011fa d\u00fc\u015fmeyecek kadar demokrasisini derinle\u015ftirmi\u015f, kalk\u0131nmas\u0131n\u0131 ilerletmi\u015f, b\u00f6lgesi ve d\u00fcnya ile b\u00fct\u00fcnle\u015fmi\u015f bir \u00fclkedir. Yine de tedbiri elden b\u0131rakmadan bu \u00e7irkin senaryolar\u0131 ve oyuncular\u0131n\u0131 izlemeyi ger\u00e7ek niyetleri ve y\u00fczleri milletimize if\u015fa etmeyi s\u00fcrd\u00fcrece\u011fiz&#8221; diye konu\u015ftu.<\/span><\/p>\n<p>\u00a0<\/p>\n<p>\u00a0<\/p>\n<figure class=\"image\"><img decoding=\"async\" src=\"https:\/\/marmarahaber.com.tr\/resimler\/2024-1\/8\/552281489317436.webp\"\/><\/figure>\n<p>\u00a0<\/p>\n<p>\u00a0<\/p>\n<p><span class=\"text-big\"><strong>\u0130\u015eTE ADAYLAR<\/strong><\/span><\/p>\n<p>\u00a0<\/p>\n<p><span class=\"text-big\">Cumhurba\u015fkan\u0131 Erdo\u011fan, 26 \u015fehrin adaylar\u0131n\u0131 tek tek a\u00e7\u0131klad\u0131. Alfabetik s\u0131raya g\u00f6re adaylar\u0131 a\u00e7\u0131klayan Cumhurba\u015fkan\u0131 Erdo\u011fan, \u201cArtvin, Belediye eskiBa\u015fkan\u0131m\u0131z Mehmet Kocatepe. Ayd\u0131n, \u015fu an Milletvekilimiz Mustafa Sava\u015f. Bal\u0131kesir, Milletvekilimiz Y\u00fccel Y\u0131lmaz. Bing\u00f6l, mevcut belediye ba\u015fkan\u0131m\u0131z Erdal Ar\u0131kan ile yola devam ediyoruz. Bitlis, mevcut belediye ba\u015fkan\u0131m\u0131z Nesrullah Tan\u011flay ile yola devam ediyoruz. Bursa, mevcut Belediye Ba\u015fkan\u0131m\u0131z Alinur Akta\u015f ile yola devam ediyoruz. \u00c7anakkale, eski milletvekilimiz J\u00fclide \u0130skendero\u011flu. \u00c7ank\u0131r\u0131, eski milletvekillerimizden H\u00fcseyin Filiz. Denizli, mevcut B\u00fcy\u00fck\u015fehir Belediye Ba\u015fkan\u0131m\u0131z Osman Zolan ile yola devam ediyoruz. D\u00fczce, mevcut Belediye Ba\u015fkan\u0131m\u0131z Faruk \u00d6zl\u00fc ile devam ediyoruz. Edirne, mevcut il ba\u015fkan\u0131m\u0131z Belgin \u0130ba. Elaz\u0131\u011f, mevcut Belediye Ba\u015fkan\u0131m\u0131z \u015eahin \u015eerifo\u011fullar\u0131 ile yola devam. \u015e\u00f6yle dada\u015flar diyar\u0131na do\u011fru gidelim Erzurum, mevcut Belediye Ba\u015fkan\u0131m\u0131z Mehmet Sekmen. Geldik \u015fehirlerin eskisine, Eski\u015fehir, Milletvekilimiz Nebi Hatipo\u011flu. Giresun, mevcut Belediye Ba\u015fkan\u0131m\u0131z Aytekin \u015eenliko\u011flu ile yola devam ediyoruz. Isparta, mevcut Belediye Ba\u015fkan\u0131m\u0131z \u015e\u00fckr\u00fc Ba\u015fde\u011firmen. Kastamonu, Belediye eski Ba\u015fkan\u0131 Tahsin Baba\u015f. Kocaeli, mevcut Belediye Ba\u015fkan\u0131m\u0131z Tahir B\u00fcy\u00fckak\u0131n. Mu\u011fla, Prof. Dr. Ayd\u0131n Ayayd\u0131n. Ordu, Mehmet Hilmi G\u00fcler, mevcut B\u00fcy\u00fck\u015fehir Belediye Ba\u015fkan\u0131m\u0131zla devam. Rize, Rahmi Metin, mevcut Belediye Ba\u015fkan\u0131yla yola devam. Karadeniz\u2019in iftihar\u0131 geldik Samsun\u2019a, aday\u0131m\u0131z Halit Do\u011fan, \u00c7ar\u015famba Belediye Ba\u015fkan\u0131. Sinop, Yakup \u00dc\u00e7\u00fcnc\u00fco\u011flu, \u0130l Genel Meclis Ba\u015fkan\u0131. Tokat, Ey\u00fcp Ero\u011flu, mevcut Belediye Ba\u015fkan\u0131m\u0131z. Yalova, Mustafa Tutuk, mevcut Belediye Ba\u015fkan\u0131m\u0131z, onunla yola devam diyoruz. Nereye geldik\u2026 \u0130stanbul. Yeniden \u0130stanbul, Yeniden AK Parti, haz\u0131r\u0131z, kararl\u0131y\u0131z&#8221; dedi.\u00a0\u0130stanbul\u2019un Belediye Ba\u015fkan Aday\u0131 Murat Kurum oldu.<\/span><\/p>\n<p>\u00a0<\/p>\n<p><span class=\"text-big\"><strong>Haber \/ \u015eaban KARDE\u015e<\/strong><\/span><\/p>\n<\/p><\/div>\n<p>[ad_2]<br \/>\n<br \/><a href=\"https:\/\/www.marmarahaber.com.tr\/haber\/edirnenin_belediye_baskani_belgin_iba_oldu_-86798.html\">Source link <\/a><\/p>\n","protected":false},"excerpt":{"rendered":"<p>[ad_1] 31 Mart yerel se\u00e7imleri \u00f6ncesi belediye ba\u015fkanl\u0131klar\u0131yla ilgili aday belirleme \u00e7al\u0131\u015fmas\u0131nda sona gelindi. Cumhurba\u015fkan\u0131 ve AK Parti Genel Ba\u015fkan\u0131 Recep Tayyip Erdo\u011fan, Hali\u00e7 Kongre Merkezi\u2019nde d\u00fczenlenen Aday Tan\u0131t\u0131m Toplant\u0131s\u0131\u2019nda 11\u2019i b\u00fcy\u00fck\u015fehir, 15\u2019i il olmak \u00fczere 26 \u015fehrin adaylar\u0131n\u0131 a\u00e7\u0131klad\u0131. Toplant\u0131da, bakanlar, MYK ve MKYK \u00fcyeleri, 26 \u015fehrin milletvekilleri ve 3 kademe il ba\u015fkanlar\u0131, adaylar\u0131 [&hellip;]<\/p>\n","protected":false},"author":1,"featured_media":4584,"comment_status":"open","ping_status":"open","sticky":false,"template":"","format":"standard","meta":{"footnotes":""},"categories":[10],"tags":[],"class_list":["post-4583","post","type-post","status-publish","format-standard","has-post-thumbnail","hentry","category-gundem"],"_links":{"self":[{"href":"https:\/\/habermarmaratv.com\/index.php\/wp-json\/wp\/v2\/posts\/4583","targetHints":{"allow":["GET"]}}],"collection":[{"href":"https:\/\/habermarmaratv.com\/index.php\/wp-json\/wp\/v2\/posts"}],"about":[{"href":"https:\/\/habermarmaratv.com\/index.php\/wp-json\/wp\/v2\/types\/post"}],"author":[{"embeddable":true,"href":"https:\/\/habermarmaratv.com\/index.php\/wp-json\/wp\/v2\/users\/1"}],"replies":[{"embeddable":true,"href":"https:\/\/habermarmaratv.com\/index.php\/wp-json\/wp\/v2\/comments?post=4583"}],"version-history":[{"count":0,"href":"https:\/\/habermarmaratv.com\/index.php\/wp-json\/wp\/v2\/posts\/4583\/revisions"}],"wp:featuredmedia":[{"embeddable":true,"href":"https:\/\/habermarmaratv.com\/index.php\/wp-json\/wp\/v2\/media\/4584"}],"wp:attachment":[{"href":"https:\/\/habermarmaratv.com\/index.php\/wp-json\/wp\/v2\/media?parent=4583"}],"wp:term":[{"taxonomy":"category","embeddable":true,"href":"https:\/\/habermarmaratv.com\/index.php\/wp-json\/wp\/v2\/categories?post=4583"},{"taxonomy":"post_tag","embeddable":true,"href":"https:\/\/habermarmaratv.com\/index.php\/wp-json\/wp\/v2\/tags?post=4583"}],"curies":[{"name":"wp","href":"https:\/\/api.w.org\/{rel}","templated":true}]}}