{"id":4549,"date":"2024-01-06T23:52:10","date_gmt":"2024-01-06T20:52:10","guid":{"rendered":"https:\/\/habermarmaratv.com\/index.php\/2024\/01\/06\/yerel-secimlere-iliskin-cumhurbaskanligi-genelgesi-resmi-gazetede\/"},"modified":"2024-01-06T23:52:10","modified_gmt":"2024-01-06T20:52:10","slug":"yerel-secimlere-iliskin-cumhurbaskanligi-genelgesi-resmi-gazetede","status":"publish","type":"post","link":"https:\/\/habermarmaratv.com\/index.php\/2024\/01\/06\/yerel-secimlere-iliskin-cumhurbaskanligi-genelgesi-resmi-gazetede\/","title":{"rendered":"Yerel se\u00e7imlere ili\u015fkin Cumhurba\u015fkanl\u0131\u011f\u0131 Genelgesi, Resmi Gazete&#8217;de"},"content":{"rendered":"<p> [ad_1]<br \/>\n<br \/><img decoding=\"async\" src=\"https:\/\/www.marmarahaber.com.tr\/resimler\/2024-1\/6\/922011747540688.webp\" \/><\/p>\n<div id=\"detaymetin\">\n<p><span class=\"text-big\">Cumhurba\u015fkan\u0131 Recep Tayyip Erdo\u011fan imzal\u0131, &#8216;Mahalli \u0130dareler Genel Se\u00e7imleri ile \u0130lgili 2024\/1 Say\u0131l\u0131 Cumhurba\u015fkanl\u0131\u011f\u0131 Genelgesi&#8217; Resmi Gazete&#8217;de yay\u0131mland\u0131. Mahalli \u0130dareler Genel Se\u00e7imleri ile \u0130lgili 2024\/1 Say\u0131l\u0131 Cumhurba\u015fkanl\u0131\u011f\u0131 Genelgesi&#8217;nde, Anayasa&#8217;n\u0131n 127&#8217;nci ve 2972 say\u0131l\u0131 Mahalli \u0130dareler ile Mahalle Muhtarl\u0131klar\u0131 ve \u0130htiyar Heyetleri Se\u00e7imi Hakk\u0131nda Kanun&#8217;un 8&#8217;inci maddesi uyar\u0131nca, 31 Mart Pazar g\u00fcn\u00fc Mahalli \u0130dareler Genel Se\u00e7imleri yap\u0131laca\u011f\u0131 hat\u0131rlat\u0131ld\u0131.<\/span><\/p>\n<p><span class=\"text-big\"><strong>\u201c\u0130\u015eG\u00dcC\u00dc DESTE\u011e\u0130N\u0130N VER\u0130LMES\u0130 \u00d6NEM ARZ ED\u0130YOR\u201d\u00a0<\/strong><\/span><\/p>\n<p><span class=\"text-big\">Mahalli \u0130dareler Genel Se\u00e7imlerinin Anayasa&#8217;n\u0131n 79&#8217;uncu maddesinde \u00f6ng\u00f6r\u00fclen &#8216;se\u00e7imlerin ba\u015flamas\u0131ndan bitimine kadar, se\u00e7imin d\u00fczen i\u00e7inde y\u00f6netimi ve d\u00fcr\u00fcstl\u00fc\u011f\u00fc&#8217; ilkesine yara\u015f\u0131r bir \u015fekilde ger\u00e7ekle\u015ftirilebilmesini teminen, Y\u00fcksek Se\u00e7im Kurulu (YSK) ile il ve il\u00e7e se\u00e7im kurullar\u0131n\u0131n bu kapsamdaki \u00e7al\u0131\u015fmalar\u0131na, di\u011fer kamu kurum ve kurulu\u015flar\u0131nca da her t\u00fcrl\u00fc i\u015fg\u00fcc\u00fc, ara\u00e7 ile di\u011fer malzeme deste\u011fi verilmesinin \u00f6nem arz etti\u011fi belirtildi.<\/span><\/p>\n<p><span class=\"text-big\"><strong>\u201cAZAM\u0130 GAYRET VE DUYARLILIK G\u00d6STER\u0130LECEK\u201d<\/strong><\/span><\/p>\n<p><span class=\"text-big\">Genelgede, &#8220;Bu itibarla 31 Mart 2024 Pazar g\u00fcn\u00fc yap\u0131lacak Mahalli \u0130dareler Genel Se\u00e7imlerinin ba\u015far\u0131yla ger\u00e7ekle\u015ftirilerek millet iradesinin sand\u0131\u011fa sa\u011fl\u0131kl\u0131 olarak yans\u0131mas\u0131 amac\u0131yla \u00f6zellikle il\u00e7e se\u00e7im kurullar\u0131na yer, ara\u00e7 tahsisi, bilgisayar, yaz\u0131c\u0131 ve toneri, kesintisiz g\u00fc\u00e7 kayna\u011f\u0131, jenerat\u00f6r gibi ihtiya\u00e7lar ile bunlar\u0131 kullanabilen nitelikli i\u015fg\u00fcc\u00fc takviyesinin t\u00fcm kamu kurum ve kurulu\u015flar\u0131nca herhangi bir aksamaya meydan verilmeden kar\u015f\u0131lanmas\u0131 konusunda ba\u015fta m\u00fclki idare amirleri olmak \u00fczere t\u00fcm kamu kurum ve kurulu\u015flar\u0131, kamu bankalar\u0131n\u0131n y\u00f6neticileri ile g\u00fcvenlik g\u00fc\u00e7lerinin amirleri taraf\u0131ndan gereken t\u00fcm \u00f6nlemler al\u0131nacak ve bu hususta azami gayret ve duyarl\u0131l\u0131k g\u00f6sterilecektir&#8221; denildi.<\/span><\/p>\n<p><span class=\"text-big\"><strong>Haber Merkezi\u00a0<\/strong><\/span><\/p>\n<\/p><\/div>\n<p>[ad_2]<br \/>\n<br \/><a href=\"https:\/\/www.marmarahaber.com.tr\/haber\/yerel_secimlere_iliskin_cumhurbaskanligi_genelgesi_resmi_gazetede-86786.html\">Source link <\/a><\/p>\n","protected":false},"excerpt":{"rendered":"<p>[ad_1] Cumhurba\u015fkan\u0131 Recep Tayyip Erdo\u011fan imzal\u0131, &#8216;Mahalli \u0130dareler Genel Se\u00e7imleri ile \u0130lgili 2024\/1 Say\u0131l\u0131 Cumhurba\u015fkanl\u0131\u011f\u0131 Genelgesi&#8217; Resmi Gazete&#8217;de yay\u0131mland\u0131. Mahalli \u0130dareler Genel Se\u00e7imleri ile \u0130lgili 2024\/1 Say\u0131l\u0131 Cumhurba\u015fkanl\u0131\u011f\u0131 Genelgesi&#8217;nde, Anayasa&#8217;n\u0131n 127&#8217;nci ve 2972 say\u0131l\u0131 Mahalli \u0130dareler ile Mahalle Muhtarl\u0131klar\u0131 ve \u0130htiyar Heyetleri Se\u00e7imi Hakk\u0131nda Kanun&#8217;un 8&#8217;inci maddesi uyar\u0131nca, 31 Mart Pazar g\u00fcn\u00fc Mahalli \u0130dareler Genel [&hellip;]<\/p>\n","protected":false},"author":1,"featured_media":4550,"comment_status":"open","ping_status":"open","sticky":false,"template":"","format":"standard","meta":{"footnotes":""},"categories":[10],"tags":[],"class_list":["post-4549","post","type-post","status-publish","format-standard","has-post-thumbnail","hentry","category-gundem"],"_links":{"self":[{"href":"https:\/\/habermarmaratv.com\/index.php\/wp-json\/wp\/v2\/posts\/4549","targetHints":{"allow":["GET"]}}],"collection":[{"href":"https:\/\/habermarmaratv.com\/index.php\/wp-json\/wp\/v2\/posts"}],"about":[{"href":"https:\/\/habermarmaratv.com\/index.php\/wp-json\/wp\/v2\/types\/post"}],"author":[{"embeddable":true,"href":"https:\/\/habermarmaratv.com\/index.php\/wp-json\/wp\/v2\/users\/1"}],"replies":[{"embeddable":true,"href":"https:\/\/habermarmaratv.com\/index.php\/wp-json\/wp\/v2\/comments?post=4549"}],"version-history":[{"count":0,"href":"https:\/\/habermarmaratv.com\/index.php\/wp-json\/wp\/v2\/posts\/4549\/revisions"}],"wp:featuredmedia":[{"embeddable":true,"href":"https:\/\/habermarmaratv.com\/index.php\/wp-json\/wp\/v2\/media\/4550"}],"wp:attachment":[{"href":"https:\/\/habermarmaratv.com\/index.php\/wp-json\/wp\/v2\/media?parent=4549"}],"wp:term":[{"taxonomy":"category","embeddable":true,"href":"https:\/\/habermarmaratv.com\/index.php\/wp-json\/wp\/v2\/categories?post=4549"},{"taxonomy":"post_tag","embeddable":true,"href":"https:\/\/habermarmaratv.com\/index.php\/wp-json\/wp\/v2\/tags?post=4549"}],"curies":[{"name":"wp","href":"https:\/\/api.w.org\/{rel}","templated":true}]}}