{"id":4393,"date":"2024-01-01T16:52:28","date_gmt":"2024-01-01T13:52:28","guid":{"rendered":"https:\/\/habermarmaratv.com\/index.php\/2024\/01\/01\/vali-bilgin-yeni-yil-ziyaretlerinde-bulundu\/"},"modified":"2024-01-01T16:52:28","modified_gmt":"2024-01-01T13:52:28","slug":"vali-bilgin-yeni-yil-ziyaretlerinde-bulundu","status":"publish","type":"post","link":"https:\/\/habermarmaratv.com\/index.php\/2024\/01\/01\/vali-bilgin-yeni-yil-ziyaretlerinde-bulundu\/","title":{"rendered":"Vali Bilgin, yeni y\u0131l ziyaretlerinde bulundu"},"content":{"rendered":"<p> [ad_1]<br \/>\n<\/p>\n<div id=\"detaymetin\">\n<p><span class=\"text-big\">Yeni y\u0131l dolay\u0131s\u0131yla \u00e7e\u015fitli ziyaretlerde bulunan K\u0131rklareli Valisi Birol Ekici, 2023\u2019\u00fcn son g\u00fcn\u00fcnde yeni y\u0131la saatler kala devletin himayesinde misafir edilen ya\u015fl\u0131lar, Engelliler Bak\u0131m ve Rehabilitasyon Merkezi sakinleri ve Sevgi Evleri\u2019nde kalan \u00e7ocuklar ile bir araya gelerek onlar\u0131n yeni y\u0131l\u0131n\u0131 kutlad\u0131.\u00a0<\/span><\/p>\n<p>\u00a0<\/p>\n<p>\u00a0<\/p>\n<figure class=\"image\"><img decoding=\"async\" src=\"https:\/\/www.marmarahaber.com.tr\/resimler\/2024-1\/1\/653871275231956.webp\"\/><\/figure>\n<p>\u00a0<\/p>\n<p>\u00a0<\/p>\n<p><span class=\"text-big\"><strong>HASTALARI Z\u0130YARET ETT\u0130<\/strong><\/span><\/p>\n<p>\u00a0<\/p>\n<p><span class=\"text-big\">K\u0131rklareli E\u011fitim ve Ara\u015ft\u0131rma Hastanesi\u2019ni de ziyaret ederek hastanede tedavi g\u00f6ren hastalarla bir araya gelen Vali Bilgin, hastalara acil \u015fifalar diledi. Vali Bilgin, hastalar\u0131n, yak\u0131nlar\u0131n\u0131n ve g\u00f6revi ba\u015f\u0131ndaki sa\u011fl\u0131k \u00e7al\u0131\u015fanlar\u0131n\u0131n yeni y\u0131l\u0131n\u0131 kutlad\u0131.\u00a0<\/span><\/p>\n<p>\u00a0<\/p>\n<p>\u00a0<\/p>\n<figure class=\"image\"><img decoding=\"async\" src=\"https:\/\/www.marmarahaber.com.tr\/resimler\/2024-1\/1\/732311481037126.webp\"\/><\/figure>\n<p>\u00a0<\/p>\n<p>\u00a0<\/p>\n<p><span class=\"text-big\"><strong>G\u00d6REV YERLER\u0130NDE Z\u0130YARET ETT\u0130<\/strong><\/span><\/p>\n<p>\u00a0<\/p>\n<p><span class=\"text-big\">Yeni y\u0131la saatler kala\u00a0\u00fclkemizin ve vatanda\u015flar\u0131n huzur ve g\u00fcvenli\u011fini sa\u011flamak i\u00e7in 7\/24 esas\u0131yla g\u00f6revi ba\u015f\u0131nda olan 112 Acil \u00c7a\u011fr\u0131 Merkezi \u00e7al\u0131\u015fanlar\u0131n\u0131 ziyaret eden Vali Bilgin, Derek\u00f6y S\u0131n\u0131r Kap\u0131s\u0131\u2019nda g\u00f6rev yapan kolluk kuvvetleri ve g\u00fcmr\u00fck personelini de ziyaret etti. S\u0131n\u0131r kap\u0131s\u0131nda g\u00f6revi ba\u015f\u0131nda bulunan kolluk kuvvetleri ve g\u00fcmr\u00fck personeli ile s\u0131n\u0131rdan \u00fclkemize giri\u015f \u00e7\u0131k\u0131\u015f yapan vatanda\u015flar\u0131n yeni y\u0131llar\u0131n\u0131 kutlayan Bilgin, \u015fehrin giri\u015f \u00e7\u0131k\u0131\u015f noktalar\u0131nda g\u00f6rev yapan kolluk kuvvetlerini de g\u00f6rev yerlerinde ziyaret ederek onlar\u0131n da yeni y\u0131l\u0131n\u0131 kutlad\u0131.\u00a0<\/span><\/p>\n<p>\u00a0<\/p>\n<p>\u00a0<\/p>\n<figure class=\"image\"><img decoding=\"async\" src=\"https:\/\/www.marmarahaber.com.tr\/resimler\/2024-1\/1\/79746190567082.webp\"\/><\/figure>\n<p>\u00a0<\/p>\n<p>\u00a0<\/p>\n<p><span class=\"text-big\"><strong>Haber \/ Men\u015fure KARDE\u015e<\/strong><\/span><\/p>\n<\/p><\/div>\n<p>[ad_2]<br \/>\n<br \/><a href=\"https:\/\/www.marmarahaber.com.tr\/haber\/vali_bilgin_yeni_yil_ziyaretlerinde_bulundu-86722.html\">Source link <\/a><\/p>\n","protected":false},"excerpt":{"rendered":"<p>[ad_1] Yeni y\u0131l dolay\u0131s\u0131yla \u00e7e\u015fitli ziyaretlerde bulunan K\u0131rklareli Valisi Birol Ekici, 2023\u2019\u00fcn son g\u00fcn\u00fcnde yeni y\u0131la saatler kala devletin himayesinde misafir edilen ya\u015fl\u0131lar, Engelliler Bak\u0131m ve Rehabilitasyon Merkezi sakinleri ve Sevgi Evleri\u2019nde kalan \u00e7ocuklar ile bir araya gelerek onlar\u0131n yeni y\u0131l\u0131n\u0131 kutlad\u0131.\u00a0 \u00a0 \u00a0 \u00a0 \u00a0 HASTALARI Z\u0130YARET ETT\u0130 \u00a0 K\u0131rklareli E\u011fitim ve Ara\u015ft\u0131rma Hastanesi\u2019ni [&hellip;]<\/p>\n","protected":false},"author":1,"featured_media":4394,"comment_status":"open","ping_status":"open","sticky":false,"template":"","format":"standard","meta":{"footnotes":""},"categories":[10],"tags":[],"class_list":["post-4393","post","type-post","status-publish","format-standard","has-post-thumbnail","hentry","category-gundem"],"_links":{"self":[{"href":"https:\/\/habermarmaratv.com\/index.php\/wp-json\/wp\/v2\/posts\/4393","targetHints":{"allow":["GET"]}}],"collection":[{"href":"https:\/\/habermarmaratv.com\/index.php\/wp-json\/wp\/v2\/posts"}],"about":[{"href":"https:\/\/habermarmaratv.com\/index.php\/wp-json\/wp\/v2\/types\/post"}],"author":[{"embeddable":true,"href":"https:\/\/habermarmaratv.com\/index.php\/wp-json\/wp\/v2\/users\/1"}],"replies":[{"embeddable":true,"href":"https:\/\/habermarmaratv.com\/index.php\/wp-json\/wp\/v2\/comments?post=4393"}],"version-history":[{"count":0,"href":"https:\/\/habermarmaratv.com\/index.php\/wp-json\/wp\/v2\/posts\/4393\/revisions"}],"wp:featuredmedia":[{"embeddable":true,"href":"https:\/\/habermarmaratv.com\/index.php\/wp-json\/wp\/v2\/media\/4394"}],"wp:attachment":[{"href":"https:\/\/habermarmaratv.com\/index.php\/wp-json\/wp\/v2\/media?parent=4393"}],"wp:term":[{"taxonomy":"category","embeddable":true,"href":"https:\/\/habermarmaratv.com\/index.php\/wp-json\/wp\/v2\/categories?post=4393"},{"taxonomy":"post_tag","embeddable":true,"href":"https:\/\/habermarmaratv.com\/index.php\/wp-json\/wp\/v2\/tags?post=4393"}],"curies":[{"name":"wp","href":"https:\/\/api.w.org\/{rel}","templated":true}]}}