{"id":439,"date":"2023-07-06T13:49:54","date_gmt":"2023-07-06T10:49:54","guid":{"rendered":"https:\/\/habermarmaratv.com\/index.php\/2023\/07\/06\/trabzonsporun-slovenya-kampi-suruyor-son-dakika-trabzonspor-haberleri\/"},"modified":"2023-07-06T13:49:54","modified_gmt":"2023-07-06T10:49:54","slug":"trabzonsporun-slovenya-kampi-suruyor-son-dakika-trabzonspor-haberleri","status":"publish","type":"post","link":"https:\/\/habermarmaratv.com\/index.php\/2023\/07\/06\/trabzonsporun-slovenya-kampi-suruyor-son-dakika-trabzonspor-haberleri\/","title":{"rendered":"Trabzonspor\u2019un Slovenya kamp\u0131 s\u00fcr\u00fcyor &#8211; Son dakika Trabzonspor haberleri"},"content":{"rendered":"<p><img decoding=\"async\" src=\"https:\/\/iaftm.tmgrup.com.tr\/37fad5\/622\/349\/0\/17\/800\/465?u=https:\/\/iftm.tmgrup.com.tr\/2023\/07\/06\/trabzonsporun-slovenya-kampi-suruyor-1688637331385.jpeg\" \/><\/p>\n<div id=\"\">&#13;<br \/>\n&#13;<br \/>\n&#13;<\/p>\n<p>Trabzonspor, yeni sezon \u00f6ncesi yurt d\u0131\u015f\u0131 kamp \u00e7al\u0131\u015fmalar\u0131 kapsam\u0131nda geldi\u011fi <a href=\"https:\/\/www.fotomac.com.tr\/haberleri\/slovenya?id=9d8c5c2d-8b27-4d4e-895f-7488a321cf8f\" class=\"\">Slovenya<\/a>&#8216;da haz\u0131rl\u0131klar\u0131n\u0131 s\u00fcrd\u00fcr\u00fcyor.<\/p>\n<p>&#13;<br \/>\n&#13;<\/p>\n<p>Teknik direkt\u00f6r <a href=\"https:\/\/www.fotomac.com.tr\/haberleri\/nenad-bjelica?id=f7519774-a19d-4dd0-85c2-de1fae3ce7a9\" class=\"\">Nenad Bjelica<\/a> y\u00f6netiminde, Slovenya Futbol Federasyonuna ait sahada ba\u015flayan antrenmana <a href=\"https:\/\/www.fotomac.com.tr\/haberleri\/ugurcan-cakir?id=a4015fb9-2aea-4415-aab9-7e2faab65ade\" class=\"\">U\u011furcan \u00c7ak\u0131r<\/a>, <a href=\"https:\/\/www.fotomac.com.tr\/haberleri\/larsen?id=91080c69-0b1b-477d-bc13-49db1b76155f\" class=\"\">Larsen<\/a>, <a href=\"https:\/\/www.fotomac.com.tr\/haberleri\/eren-elmali?id=68845de6-3443-46e9-9a67-e37d35b3f4eb\" class=\"\">Eren Elmal\u0131<\/a>, Siopis, <a href=\"https:\/\/www.fotomac.com.tr\/haberleri\/kourbelis?id=966e85d0-b4a0-4ecb-8d90-6851c0c25e1a\" class=\"\">Kourbelis<\/a>, <a href=\"https:\/\/www.fotomac.com.tr\/haberleri\/bakasetas?id=450cc4a1-8c97-419d-bda5-d2e065c98e26\" class=\"\">Bakasetas<\/a>, Bardhi, Trezeguet ve <a href=\"https:\/\/www.fotomac.com.tr\/haberleri\/umut-bozok?id=d0a12f13-2867-48da-862a-24babcbdb860\" class=\"\">Umut Bozok<\/a> ile vize sorunu ya\u015fayan gen\u00e7 oyuncu Hakan Ye\u015fil kat\u0131lmad\u0131.<\/p>\n<p>&#13;<br \/>\n&#13;<\/p>\n<p>Bordo-mavili futbolcular, antrenmanda iki grup halinde yar\u0131 sahada pas \u00e7al\u0131\u015fmas\u0131n\u0131n ard\u0131ndan \u00e7ift kale ma\u00e7 oynad\u0131.<\/p>\n<p>&#13;<br \/>\n&#13;<\/p>\n<p>Teknik direkt\u00f6r Nenad Bjelica, \u00e7ift kale ma\u00e7ta futbolculara ne yapmalar\u0131 gerekti\u011fi konusunda s\u0131k s\u0131k uyar\u0131larda bulundu.<\/p>\n<p>&#13;<br \/>\n&#13;<\/p>\n<p>Trabzonspor, bu ak\u015fam yapaca\u011f\u0131 antrenmanla haz\u0131rl\u0131klar\u0131na devam edecek.<\/p>\n<p>&#13;<br \/>\n&#13;<br \/>\n&#13;<br \/>\n&#13;<br \/>\n&#13;<br \/>\n&#13;<br \/>\n                            &#13;<br \/>\n&#13;\n                <\/p><\/div>\n","protected":false},"excerpt":{"rendered":"<p>&#13; &#13; &#13; Trabzonspor, yeni sezon \u00f6ncesi yurt d\u0131\u015f\u0131 kamp \u00e7al\u0131\u015fmalar\u0131 kapsam\u0131nda geldi\u011fi Slovenya&#8216;da haz\u0131rl\u0131klar\u0131n\u0131 s\u00fcrd\u00fcr\u00fcyor. &#13; &#13; Teknik direkt\u00f6r Nenad Bjelica y\u00f6netiminde, Slovenya Futbol Federasyonuna ait sahada ba\u015flayan antrenmana U\u011furcan \u00c7ak\u0131r, Larsen, Eren Elmal\u0131, Siopis, Kourbelis, Bakasetas, Bardhi, Trezeguet ve Umut Bozok ile vize sorunu ya\u015fayan gen\u00e7 oyuncu Hakan Ye\u015fil kat\u0131lmad\u0131. &#13; &#13; Bordo-mavili [&hellip;]<\/p>\n","protected":false},"author":1,"featured_media":440,"comment_status":"open","ping_status":"open","sticky":false,"template":"","format":"standard","meta":{"footnotes":""},"categories":[3],"tags":[],"class_list":["post-439","post","type-post","status-publish","format-standard","has-post-thumbnail","hentry","category-spor"],"_links":{"self":[{"href":"https:\/\/habermarmaratv.com\/index.php\/wp-json\/wp\/v2\/posts\/439","targetHints":{"allow":["GET"]}}],"collection":[{"href":"https:\/\/habermarmaratv.com\/index.php\/wp-json\/wp\/v2\/posts"}],"about":[{"href":"https:\/\/habermarmaratv.com\/index.php\/wp-json\/wp\/v2\/types\/post"}],"author":[{"embeddable":true,"href":"https:\/\/habermarmaratv.com\/index.php\/wp-json\/wp\/v2\/users\/1"}],"replies":[{"embeddable":true,"href":"https:\/\/habermarmaratv.com\/index.php\/wp-json\/wp\/v2\/comments?post=439"}],"version-history":[{"count":0,"href":"https:\/\/habermarmaratv.com\/index.php\/wp-json\/wp\/v2\/posts\/439\/revisions"}],"wp:featuredmedia":[{"embeddable":true,"href":"https:\/\/habermarmaratv.com\/index.php\/wp-json\/wp\/v2\/media\/440"}],"wp:attachment":[{"href":"https:\/\/habermarmaratv.com\/index.php\/wp-json\/wp\/v2\/media?parent=439"}],"wp:term":[{"taxonomy":"category","embeddable":true,"href":"https:\/\/habermarmaratv.com\/index.php\/wp-json\/wp\/v2\/categories?post=439"},{"taxonomy":"post_tag","embeddable":true,"href":"https:\/\/habermarmaratv.com\/index.php\/wp-json\/wp\/v2\/tags?post=439"}],"curies":[{"name":"wp","href":"https:\/\/api.w.org\/{rel}","templated":true}]}}