{"id":4315,"date":"2023-12-29T17:08:11","date_gmt":"2023-12-29T14:08:11","guid":{"rendered":"https:\/\/habermarmaratv.com\/index.php\/2023\/12\/29\/prestij-cadde-uygulamalarimiz-devam-edecek\/"},"modified":"2023-12-29T17:08:11","modified_gmt":"2023-12-29T14:08:11","slug":"prestij-cadde-uygulamalarimiz-devam-edecek","status":"publish","type":"post","link":"https:\/\/habermarmaratv.com\/index.php\/2023\/12\/29\/prestij-cadde-uygulamalarimiz-devam-edecek\/","title":{"rendered":"Prestij cadde uygulamalar\u0131m\u0131z devam edecek"},"content":{"rendered":"<p> [ad_1]<br \/>\n<\/p>\n<div id=\"detaymetin\">\n<p><span class=\"text-big\">Cumhuriyet Mahallesi Canbazlar Caddesi\u2019nin prestij cadde uygulamas\u0131 ile yepyeni bir g\u00f6r\u00fcn\u00fcme kavu\u015ftu\u011funu belirten Kapakl\u0131 Belediye Ba\u015fkan\u0131 Mustafa \u00c7etin, \u201cPrestij cadde uygulamalar\u0131m\u0131z kentimizin di\u011fer caddelerinde de devam edecek\u201d dedi.\u00a0<\/span><\/p>\n<p>\u00a0<\/p>\n<p><span class=\"text-big\">Cumhuriyet Mahallesi Canbazlar Caddesi, Kapakl\u0131 Belediyesi taraf\u0131ndan yenilenerek prestij caddesine d\u00f6n\u00fc\u015ft\u00fcr\u00fcld\u00fc.\u00a0<\/span><\/p>\n<p>\u00a0<\/p>\n<p><span class=\"text-big\"><strong>\u201cCADDELER\u0130M\u0130Z\u0130N \u00c7EHRES\u0130N\u0130 DE\u011e\u0130\u015eT\u0130R\u0130YORUZ\u201d<\/strong><\/span><\/p>\n<p>\u00a0<\/p>\n<p><span class=\"text-big\">\u00c7al\u0131\u015fmalarla ilgili a\u00e7\u0131klama yapan Kapakl\u0131 Belediye Ba\u015fkan\u0131 Mustafa \u00c7etin, \u201c\u0130l\u00e7emizin her noktas\u0131nda s\u00fcrd\u00fcrd\u00fc\u011f\u00fcm\u00fcz \u00fcstyap\u0131 ve altyap\u0131 \u00e7al\u0131\u015fmalar\u0131m\u0131zla yollar\u0131m\u0131z\u0131 konforlu ve g\u00fcvenli hale getirirken, prestij cadde uygulamalar\u0131m\u0131zla da caddelerimizin \u00e7ehresini de\u011fi\u015ftiriyoruz\u201d dedi.\u00a0<\/span><\/p>\n<p>\u00a0<\/p>\n<p>\u00a0<\/p>\n<figure class=\"image\"><img decoding=\"async\" src=\"https:\/\/www.marmarahaber.com.tr\/resimler\/2023-12\/29\/419191599063287.webp\"\/><\/figure>\n<p>\u00a0<\/p>\n<p>\u00a0<\/p>\n<p><span class=\"text-big\"><strong>\u201cPREST\u0130JCADDE UYGULAMASINI HAYATA GE\u00c7\u0130RD\u0130K\u201d<\/strong><\/span><\/p>\n<p>\u00a0<\/p>\n<p><span class=\"text-big\">P\u0131nar Bulvar\u0131, Mithatpa\u015fa, Dumlup\u0131nar, Ya\u015far Do\u011fu ve Zengin Caddelerinin ard\u0131ndan Canbazlar Caddesi\u2019nde de prestij cadde uygulamas\u0131n\u0131 hayata ge\u00e7irdiklerini belirten \u00c7etin, \u201c\u0130\u00e7me suyu, kanalizasyon ve ya\u011fmur suyu hatt\u0131 ba\u015ftan sona yenilenen caddemizde \u00fcstyap\u0131 ve peyzaj \u00e7al\u0131\u015fmas\u0131 ger\u00e7ekle\u015ftirdik. Caddemiz estetik ve modern ayd\u0131nlatma \u00e7al\u0131\u015fmam\u0131zla \u0131\u015f\u0131l \u0131\u015f\u0131l oldu. Kentimize yak\u0131\u015f\u0131r hale getirdi\u011fimiz caddemizde, rengarenk \u015femsiyelerle s\u0131cak bir atmosfer olu\u015fturduk\u201d diye konu\u015ftu.\u00a0<\/span><\/p>\n<p>\u00a0<\/p>\n<p>\u00a0<\/p>\n<figure class=\"image\"><img decoding=\"async\" src=\"https:\/\/www.marmarahaber.com.tr\/resimler\/2023-12\/29\/506071961709548.webp\"\/><\/figure>\n<p>\u00a0<\/p>\n<p>\u00a0<\/p>\n<p><span class=\"text-big\"><strong>\u201cKURS\u0130YER EL EME\u011e\u0130 \u00dcR\u00dcNLER\u0130 SATI\u015eA SUNULACAK\u201d<\/strong><\/span><\/p>\n<p>\u00a0<\/p>\n<p><span class=\"text-big\">\u00dcreten belediyecilik anlay\u0131\u015f\u0131yla at\u00f6lyelerde yap\u0131m\u0131n\u0131 ger\u00e7ekle\u015ftirdikleri ah\u015fap stantlar\u0131 da Canbazlar Caddesi\u2019ne yerle\u015ftirdiklerini belirten \u00c7etin, \u201cBurada Emek Sepeti \u00dcretim At\u00f6lyemizde, Kad\u0131n ve Aile Hizmetleri M\u00fcd\u00fcrl\u00fc\u011f\u00fcm\u00fcz ile K\u00fclt\u00fcr \u0130\u015fleri M\u00fcd\u00fcrl\u00fc\u011f\u00fcm\u00fcz\u00fcn d\u00fczenledi\u011fi kurslarda kursiyerlerimizin ortaya \u00e7\u0131kard\u0131\u011f\u0131 el eme\u011fi g\u00f6z nuru birbirinden g\u00fczel \u00fcr\u00fcnler sergilenerek, sat\u0131\u015fa sunulacak. Esnaf\u0131m\u0131z i\u00e7in sadece belli saatlerde ara\u00e7 trafi\u011fine izin verilen caddemiz vatanda\u015flar\u0131m\u0131z\u0131n rahat\u00e7a dola\u015f\u0131p vakit ge\u00e7irebilece\u011fi bulu\u015fma noktalar\u0131ndan biri hale geldi. Prestij cadde uygulamalar\u0131m\u0131z kentimizin di\u011fer caddelerinde de devam edecek. Caddemizin esnaf\u0131m\u0131z ve vatanda\u015flar\u0131m\u0131z i\u00e7in, il\u00e7emiz i\u00e7in hay\u0131rl\u0131 olmas\u0131n\u0131 diliyorum\u201d dedi.<\/span><\/p>\n<p>\u00a0<\/p>\n<p><span class=\"text-big\"><strong>Haber \/ \u0130rem BAN\u00c7O<\/strong><\/span><\/p>\n<\/p><\/div>\n<p>[ad_2]<br \/>\n<br \/><a href=\"https:\/\/www.marmarahaber.com.tr\/haber\/cetin_prestij_cadde_uygulamalarimiz_devam_edecek-86690.html\">Source link <\/a><\/p>\n","protected":false},"excerpt":{"rendered":"<p>[ad_1] Cumhuriyet Mahallesi Canbazlar Caddesi\u2019nin prestij cadde uygulamas\u0131 ile yepyeni bir g\u00f6r\u00fcn\u00fcme kavu\u015ftu\u011funu belirten Kapakl\u0131 Belediye Ba\u015fkan\u0131 Mustafa \u00c7etin, \u201cPrestij cadde uygulamalar\u0131m\u0131z kentimizin di\u011fer caddelerinde de devam edecek\u201d dedi.\u00a0 \u00a0 Cumhuriyet Mahallesi Canbazlar Caddesi, Kapakl\u0131 Belediyesi taraf\u0131ndan yenilenerek prestij caddesine d\u00f6n\u00fc\u015ft\u00fcr\u00fcld\u00fc.\u00a0 \u00a0 \u201cCADDELER\u0130M\u0130Z\u0130N \u00c7EHRES\u0130N\u0130 DE\u011e\u0130\u015eT\u0130R\u0130YORUZ\u201d \u00a0 \u00c7al\u0131\u015fmalarla ilgili a\u00e7\u0131klama yapan Kapakl\u0131 Belediye Ba\u015fkan\u0131 Mustafa \u00c7etin, [&hellip;]<\/p>\n","protected":false},"author":1,"featured_media":4316,"comment_status":"open","ping_status":"open","sticky":false,"template":"","format":"standard","meta":{"footnotes":""},"categories":[10],"tags":[],"class_list":["post-4315","post","type-post","status-publish","format-standard","has-post-thumbnail","hentry","category-gundem"],"_links":{"self":[{"href":"https:\/\/habermarmaratv.com\/index.php\/wp-json\/wp\/v2\/posts\/4315","targetHints":{"allow":["GET"]}}],"collection":[{"href":"https:\/\/habermarmaratv.com\/index.php\/wp-json\/wp\/v2\/posts"}],"about":[{"href":"https:\/\/habermarmaratv.com\/index.php\/wp-json\/wp\/v2\/types\/post"}],"author":[{"embeddable":true,"href":"https:\/\/habermarmaratv.com\/index.php\/wp-json\/wp\/v2\/users\/1"}],"replies":[{"embeddable":true,"href":"https:\/\/habermarmaratv.com\/index.php\/wp-json\/wp\/v2\/comments?post=4315"}],"version-history":[{"count":0,"href":"https:\/\/habermarmaratv.com\/index.php\/wp-json\/wp\/v2\/posts\/4315\/revisions"}],"wp:featuredmedia":[{"embeddable":true,"href":"https:\/\/habermarmaratv.com\/index.php\/wp-json\/wp\/v2\/media\/4316"}],"wp:attachment":[{"href":"https:\/\/habermarmaratv.com\/index.php\/wp-json\/wp\/v2\/media?parent=4315"}],"wp:term":[{"taxonomy":"category","embeddable":true,"href":"https:\/\/habermarmaratv.com\/index.php\/wp-json\/wp\/v2\/categories?post=4315"},{"taxonomy":"post_tag","embeddable":true,"href":"https:\/\/habermarmaratv.com\/index.php\/wp-json\/wp\/v2\/tags?post=4315"}],"curies":[{"name":"wp","href":"https:\/\/api.w.org\/{rel}","templated":true}]}}