{"id":4311,"date":"2023-12-29T15:04:23","date_gmt":"2023-12-29T12:04:23","guid":{"rendered":"https:\/\/habermarmaratv.com\/index.php\/2023\/12\/29\/ataturkun-edirneye-gelisinin-93-yil-donumu-dolayisiyla-sergi-duzenlendi\/"},"modified":"2023-12-29T15:04:23","modified_gmt":"2023-12-29T12:04:23","slug":"ataturkun-edirneye-gelisinin-93-yil-donumu-dolayisiyla-sergi-duzenlendi","status":"publish","type":"post","link":"https:\/\/habermarmaratv.com\/index.php\/2023\/12\/29\/ataturkun-edirneye-gelisinin-93-yil-donumu-dolayisiyla-sergi-duzenlendi\/","title":{"rendered":"Atat\u00fcrk&#8217;\u00fcn Edirne&#8217;ye geli\u015finin 93. y\u0131l d\u00f6n\u00fcm\u00fc dolay\u0131s\u0131yla sergi d\u00fczenlendi"},"content":{"rendered":"<p> [ad_1]<br \/>\n<br \/><img decoding=\"async\" src=\"https:\/\/www.marmarahaber.com.tr\/resimler\/2023-12\/29\/139081224115245.webp\" \/><\/p>\n<div id=\"detaymetin\">\n<p><span class=\"text-big\">Trakya \u00dcniversitesi, G\u00fczel Sanatlar Fak\u00fcltesi, Grafik Tasar\u0131m\u0131 B\u00f6l\u00fcm\u00fc taraf\u0131ndan gerek kurumsal kalite parametrelerine birim baz\u0131nda katk\u0131 sa\u011flamay\u0131 gerekse \u00f6\u011frencilerin sergi, g\u00f6steri, s\u00f6yle\u015fi, workshop gibi etkinliklerle vizyonlar\u0131n\u0131 geli\u015ftirmelerine olanak sa\u011flamay\u0131 hedef olan \u00f6\u011frenci odakl\u0131 platform Trakart taraf\u0131ndan \u00e7evrim i\u00e7i d\u00fczenlenen serginin k\u00fcrat\u00f6rl\u00fc\u011f\u00fcn\u00fc Prof. Dr. Ali Muhammet Bayraktaro\u011flu yapt\u0131.<\/span><\/p>\n<p>\u00a0<\/p>\n<p><span class=\"text-big\"><strong>120 FOTO\u011eRAF SANAT\u00c7ISI VE AKADEM\u0130SYEN KATILDI<\/strong><\/span><\/p>\n<p>\u00a0<\/p>\n<p><span class=\"text-big\">B\u00f6l\u00fcm\u00fcn sunum platformu olan trakart.online adresinde yay\u0131mlanan uluslararas\u0131 karma foto\u011fraf sergisine 15 farkl\u0131 \u00fclkeden 120 foto\u011fraf sanat\u00e7\u0131s\u0131 ve akademisyen kat\u0131ld\u0131.<\/span><\/p>\n<p>\u00a0<\/p>\n<p><span class=\"text-big\"><strong>AA<\/strong><\/span><\/p>\n<\/p><\/div>\n<p>[ad_2]<br \/>\n<br \/><a href=\"https:\/\/www.marmarahaber.com.tr\/haber\/ataturkun_edirneye_gelisinin_93_yil_donumu_dolayisiyla_sergi_duzenlendi-86683.html\">Source link <\/a><\/p>\n","protected":false},"excerpt":{"rendered":"<p>[ad_1] Trakya \u00dcniversitesi, G\u00fczel Sanatlar Fak\u00fcltesi, Grafik Tasar\u0131m\u0131 B\u00f6l\u00fcm\u00fc taraf\u0131ndan gerek kurumsal kalite parametrelerine birim baz\u0131nda katk\u0131 sa\u011flamay\u0131 gerekse \u00f6\u011frencilerin sergi, g\u00f6steri, s\u00f6yle\u015fi, workshop gibi etkinliklerle vizyonlar\u0131n\u0131 geli\u015ftirmelerine olanak sa\u011flamay\u0131 hedef olan \u00f6\u011frenci odakl\u0131 platform Trakart taraf\u0131ndan \u00e7evrim i\u00e7i d\u00fczenlenen serginin k\u00fcrat\u00f6rl\u00fc\u011f\u00fcn\u00fc Prof. Dr. Ali Muhammet Bayraktaro\u011flu yapt\u0131. \u00a0 120 FOTO\u011eRAF SANAT\u00c7ISI VE AKADEM\u0130SYEN KATILDI [&hellip;]<\/p>\n","protected":false},"author":1,"featured_media":4312,"comment_status":"open","ping_status":"open","sticky":false,"template":"","format":"standard","meta":{"footnotes":""},"categories":[10],"tags":[],"class_list":["post-4311","post","type-post","status-publish","format-standard","has-post-thumbnail","hentry","category-gundem"],"_links":{"self":[{"href":"https:\/\/habermarmaratv.com\/index.php\/wp-json\/wp\/v2\/posts\/4311","targetHints":{"allow":["GET"]}}],"collection":[{"href":"https:\/\/habermarmaratv.com\/index.php\/wp-json\/wp\/v2\/posts"}],"about":[{"href":"https:\/\/habermarmaratv.com\/index.php\/wp-json\/wp\/v2\/types\/post"}],"author":[{"embeddable":true,"href":"https:\/\/habermarmaratv.com\/index.php\/wp-json\/wp\/v2\/users\/1"}],"replies":[{"embeddable":true,"href":"https:\/\/habermarmaratv.com\/index.php\/wp-json\/wp\/v2\/comments?post=4311"}],"version-history":[{"count":0,"href":"https:\/\/habermarmaratv.com\/index.php\/wp-json\/wp\/v2\/posts\/4311\/revisions"}],"wp:featuredmedia":[{"embeddable":true,"href":"https:\/\/habermarmaratv.com\/index.php\/wp-json\/wp\/v2\/media\/4312"}],"wp:attachment":[{"href":"https:\/\/habermarmaratv.com\/index.php\/wp-json\/wp\/v2\/media?parent=4311"}],"wp:term":[{"taxonomy":"category","embeddable":true,"href":"https:\/\/habermarmaratv.com\/index.php\/wp-json\/wp\/v2\/categories?post=4311"},{"taxonomy":"post_tag","embeddable":true,"href":"https:\/\/habermarmaratv.com\/index.php\/wp-json\/wp\/v2\/tags?post=4311"}],"curies":[{"name":"wp","href":"https:\/\/api.w.org\/{rel}","templated":true}]}}