{"id":4247,"date":"2023-12-27T14:48:53","date_gmt":"2023-12-27T11:48:53","guid":{"rendered":"https:\/\/habermarmaratv.com\/index.php\/2023\/12\/27\/vali-sezer-ulkemizin-uretime-ihtiyaci-var\/"},"modified":"2023-12-27T14:48:53","modified_gmt":"2023-12-27T11:48:53","slug":"vali-sezer-ulkemizin-uretime-ihtiyaci-var","status":"publish","type":"post","link":"https:\/\/habermarmaratv.com\/index.php\/2023\/12\/27\/vali-sezer-ulkemizin-uretime-ihtiyaci-var\/","title":{"rendered":"Vali Sezer: \u00dclkemizin \u00fcretime ihtiyac\u0131 var"},"content":{"rendered":"<p> [ad_1]<br \/>\n<\/p>\n<div id=\"detaymetin\">\n<p><span class=\"text-big\">\u00a0<\/span><\/p>\n<p><span class=\"text-big\">Vali Sezer, \u201cK\u00f6ylerin dinamik kalmalar\u0131 \u00e7ok \u00f6nemli, k\u00f6ylerimizde tar\u0131m ve \u00e7ift\u00e7ili\u011fin artarak devam etmesi \u00e7ok \u00f6nemli, ke\u015fke gen\u00e7lerimiz gelse de k\u00f6ylerinde tar\u0131m ve \u00e7ift\u00e7ili\u011fi yapabilseler. \u00dclkemizin \u00fcretime ihtiyac\u0131 var\u201d dedi.\u00a0<\/span><\/p>\n<p><span class=\"text-big\">K\u00f6ylere y\u00f6nelik yap\u0131lan altyap\u0131 ve \u00fcst yap\u0131 \u00e7al\u0131\u015fmalar\u0131, s\u0131cak asfalt yol \u00e7al\u0131\u015fmalar\u0131 ve di\u011fer yat\u0131r\u0131mlar hakk\u0131nda de\u011ferlendirme ve a\u00e7\u0131klamalarda bulunan Vali Sezer, vatanda\u015flar\u0131n taleplerini de dinledi.\u00a0<\/span><\/p>\n<p>\u00a0<\/p>\n<figure class=\"image\"><img decoding=\"async\" src=\"https:\/\/marmarahaber.com.tr\/resimler\/2023-12\/27\/321841478261843.webp\"\/><\/figure>\n<p><span class=\"text-big\"><strong>\u201cK\u00d6YLER\u0130N D\u0130NAM\u0130K KALMALARI \u00c7OK \u00d6NEML\u0130\u201d<\/strong><\/span><\/p>\n<p><span class=\"text-big\">Vali Sezer, \u0130skender K\u00f6y Kona\u011f\u0131\u2019nda yapt\u0131\u011f\u0131 a\u00e7\u0131klamada, \u201c\u00d6ncelikle grup k\u00f6ylerimizden ba\u015flamak \u00fczere k\u00f6y yollar\u0131m\u0131z\u0131 s\u0131cak asfalt yapmaya devam ediyoruz. \u015eu ana kadar 20 kilometre s\u0131cak asfalt yapt\u0131k ve havalar iyi oldu\u011fu s\u00fcrece program dahilinde devam edece\u011fiz. Edirne\u2019de \u015fu ana kadar k\u00f6ylere yap\u0131lm\u0131\u015f s\u0131cak asfalttan fazla. Birka\u00e7 y\u0131l i\u00e7erisinde t\u00fcm k\u00f6y yollar\u0131n\u0131 s\u0131cak asfalt yapaca\u011f\u0131z.\u00a0<\/span><\/p>\n<p>\u00a0<\/p>\n<p><span class=\"text-big\">K\u00f6ylerimizde i\u00e7me suyu, kanalizasyon, kilit parke ta\u015f\u0131, ne ihtiya\u00e7 varsa yapaca\u011f\u0131z. K\u00f6ylerin dinamik kalmalar\u0131 \u00e7ok \u00f6nemli, k\u00f6ylerimizde tar\u0131m ve \u00e7ift\u00e7ili\u011fin artarak devam etmesi \u00e7ok \u00f6nemli, ke\u015fke gen\u00e7lerimiz gelse de k\u00f6ylerinde tar\u0131m ve \u00e7ift\u00e7ili\u011fi yapabilseler. \u00dclkemizin \u00fcretime ihtiyac\u0131 var. \u015eu anda k\u00f6ylerimizde tar\u0131m n\u00fcfusumuz 58-60 ya\u015f aral\u0131\u011f\u0131na y\u00fckselmi\u015f durumda\u201d dedi.\u00a0<\/span><\/p>\n<p>\u00a0<\/p>\n<figure class=\"image\"><img decoding=\"async\" src=\"https:\/\/marmarahaber.com.tr\/resimler\/2023-12\/27\/36262510968071.webp\"\/><\/figure>\n<p><span class=\"text-big\"><strong>\u201c\u00dcZER\u0130M\u0130ZE NE D\u00dc\u015e\u00dcYORSA YAPMAYA HAZIRIZ\u201d<\/strong><\/span><\/p>\n<p><span class=\"text-big\">Gen\u00e7lerin, k\u00f6ylerinde \u00e7ift\u00e7ilik yapmalar\u0131n\u0131 \u00f6zendirecek tedbirler almalar\u0131 gerekti\u011fini kaydeden Vali Sezer, \u201cBu konuda \u00fczerimize ne d\u00fc\u015f\u00fcyorsa yapmaya haz\u0131r\u0131z. Tar\u0131m ve Orman Bakanl\u0131\u011f\u0131\u2019n\u0131n da gen\u00e7lerimizi tar\u0131ma ve \u00fcretime te\u015fvik etmek i\u00e7in \u00e7ok \u00f6nemli destekleri var.\u00a0<\/span><\/p>\n<p>\u00a0<\/p>\n<p><span class=\"text-big\">K\u00f6ylerimizdeki g\u00f6\u00e7\u00fc \u00f6nlemek i\u00e7in tar\u0131ma dayal\u0131 OSB\u2019lerimizi hayata ge\u00e7iriyoruz, Uzunk\u00f6pr\u00fc\u2019de i\u015flemler devam ediyor. Ancak \u0130psala ve Ke\u015fan\u2019da i\u015flemler tamamland\u0131. \u0130psala\u2019da yer tahsisine ba\u015flad\u0131k. Bizim amac\u0131m\u0131z gen\u00e7lerimiz sanayide \u00e7al\u0131\u015fs\u0131nlar, s\u00fcrekli gelirleri olsun. Di\u011fer taraftan da topraklar\u0131n\u0131 i\u015flesinler. Bunu sa\u011flayabilirsek gelece\u011fe \u00e7ok iyi bir yat\u0131r\u0131m yapm\u0131\u015f oluruz. Gen\u00e7lerimize tar\u0131m ve hayvanc\u0131l\u0131\u011fa y\u00f6nelik projelerinde her t\u00fcrl\u00fc deste\u011fi vermeye haz\u0131r\u0131z\u201d dedi.<\/span><\/p>\n<p><span class=\"text-big\"><strong>Haber \/ Buse AKIN\u00a0<\/strong><\/span><br \/>\u00a0<\/p>\n<\/p><\/div>\n<p>[ad_2]<br \/>\n<br \/><a href=\"https:\/\/www.marmarahaber.com.tr\/haber\/vali_sezer_ulkemizin_uretime_ihtiyaci_var_-86646.html\">Source link <\/a><\/p>\n","protected":false},"excerpt":{"rendered":"<p>[ad_1] \u00a0 Vali Sezer, \u201cK\u00f6ylerin dinamik kalmalar\u0131 \u00e7ok \u00f6nemli, k\u00f6ylerimizde tar\u0131m ve \u00e7ift\u00e7ili\u011fin artarak devam etmesi \u00e7ok \u00f6nemli, ke\u015fke gen\u00e7lerimiz gelse de k\u00f6ylerinde tar\u0131m ve \u00e7ift\u00e7ili\u011fi yapabilseler. \u00dclkemizin \u00fcretime ihtiyac\u0131 var\u201d dedi.\u00a0 K\u00f6ylere y\u00f6nelik yap\u0131lan altyap\u0131 ve \u00fcst yap\u0131 \u00e7al\u0131\u015fmalar\u0131, s\u0131cak asfalt yol \u00e7al\u0131\u015fmalar\u0131 ve di\u011fer yat\u0131r\u0131mlar hakk\u0131nda de\u011ferlendirme ve a\u00e7\u0131klamalarda bulunan Vali Sezer, vatanda\u015flar\u0131n [&hellip;]<\/p>\n","protected":false},"author":1,"featured_media":4248,"comment_status":"open","ping_status":"open","sticky":false,"template":"","format":"standard","meta":{"footnotes":""},"categories":[10],"tags":[],"class_list":["post-4247","post","type-post","status-publish","format-standard","has-post-thumbnail","hentry","category-gundem"],"_links":{"self":[{"href":"https:\/\/habermarmaratv.com\/index.php\/wp-json\/wp\/v2\/posts\/4247","targetHints":{"allow":["GET"]}}],"collection":[{"href":"https:\/\/habermarmaratv.com\/index.php\/wp-json\/wp\/v2\/posts"}],"about":[{"href":"https:\/\/habermarmaratv.com\/index.php\/wp-json\/wp\/v2\/types\/post"}],"author":[{"embeddable":true,"href":"https:\/\/habermarmaratv.com\/index.php\/wp-json\/wp\/v2\/users\/1"}],"replies":[{"embeddable":true,"href":"https:\/\/habermarmaratv.com\/index.php\/wp-json\/wp\/v2\/comments?post=4247"}],"version-history":[{"count":0,"href":"https:\/\/habermarmaratv.com\/index.php\/wp-json\/wp\/v2\/posts\/4247\/revisions"}],"wp:featuredmedia":[{"embeddable":true,"href":"https:\/\/habermarmaratv.com\/index.php\/wp-json\/wp\/v2\/media\/4248"}],"wp:attachment":[{"href":"https:\/\/habermarmaratv.com\/index.php\/wp-json\/wp\/v2\/media?parent=4247"}],"wp:term":[{"taxonomy":"category","embeddable":true,"href":"https:\/\/habermarmaratv.com\/index.php\/wp-json\/wp\/v2\/categories?post=4247"},{"taxonomy":"post_tag","embeddable":true,"href":"https:\/\/habermarmaratv.com\/index.php\/wp-json\/wp\/v2\/tags?post=4247"}],"curies":[{"name":"wp","href":"https:\/\/api.w.org\/{rel}","templated":true}]}}