{"id":4169,"date":"2023-12-25T11:12:56","date_gmt":"2023-12-25T08:12:56","guid":{"rendered":"https:\/\/habermarmaratv.com\/index.php\/2023\/12\/25\/emir-can-igrekten-onur-can-ozcana-vefa-muzik\/"},"modified":"2023-12-25T11:12:56","modified_gmt":"2023-12-25T08:12:56","slug":"emir-can-igrekten-onur-can-ozcana-vefa-muzik","status":"publish","type":"post","link":"https:\/\/habermarmaratv.com\/index.php\/2023\/12\/25\/emir-can-igrekten-onur-can-ozcana-vefa-muzik\/","title":{"rendered":"Emir Can \u0130\u011frek&#8217;ten Onur Can \u00d6zcan&#8217;a vefa &#8211; M\u00fczik"},"content":{"rendered":"<p><img decoding=\"async\" src=\"https:\/\/www.murekkephaber.com\/images\/haberler\/2023\/12\/emir-can-igrek-ten-onur-can-ozcan-a-vefa-6007.jpeg\" \/><\/p>\n<div>\n<div class=\"detay\" property=\"articleBody\">\n<p>Bir\u00e7ok \u00fcnl\u00fc isme \u015fark\u0131 veren Onur Can \u00d6zcan hen\u00fcz 21 ya\u015f\u0131ndayken 2018&#8217;de \u015eile a\u00e7\u0131klar\u0131nda teknesi alabora olunca bo\u011fularak hayat\u0131n\u0131 kaybetmi\u015fti. Emir Can \u0130\u011frek yak\u0131n dostu olan Onur Can \u00d6zcan&#8217;\u0131 konserlerinde s\u0131k s\u0131k anm\u0131\u015f, son alb\u00fcm\u00fc &#8216;Parti \u0130ptal&#8217;de ise onun i\u00e7in yazd\u0131\u011f\u0131 &#8216;Can Dostum&#8217; \u015fark\u0131s\u0131na yer vermi\u015fti. Ge\u00e7en yaz Harbiye A\u00e7\u0131k Hava konserinde yapay zeka katk\u0131s\u0131yla bu \u015fark\u0131da Onur Can \u00d6zcan ile d\u00fcet yapm\u0131\u015ft\u0131. Bu d\u00fcet videosu Youtube&#8217;da 3 ay i\u00e7inde 25 milyon kez izlendi.<\/p>\n<p>Talihsiz bir \u015fekilde kaybetti\u011fi dostunu hi\u00e7 unutmayan Emir Can \u0130\u011frek, Onur Can \u00d6zcan&#8217;\u0131n ad\u0131n\u0131 ya\u015fatmak i\u00e7in kollar\u0131 s\u0131vad\u0131. K\u00f6y Okullar\u0131 Yard\u0131m Projesi&#8217;nin dan\u0131\u015fmanl\u0131\u011f\u0131nda Van&#8217;\u0131n G\u00fcrp\u0131nar il\u00e7esine ba\u011fl\u0131 Yola\u015fan k\u00f6y\u00fcn\u00fcn ilkokuluna bir k\u00fct\u00fcphane a\u00e7t\u0131. Yola\u015fan \u0130lkokulu\u2019nun k\u00fct\u00fcphanesinin her t\u00fcrl\u00fc ihtiyac\u0131n\u0131 kar\u015f\u0131layan Emir Can \u0130\u011frek ve ekibi \u00f6nceki g\u00fcn k\u00fct\u00fcphanenin a\u00e7\u0131l\u0131\u015f\u0131na kat\u0131ld\u0131.<\/p>\n<\/p><\/div>\n<\/p><\/div>\n","protected":false},"excerpt":{"rendered":"<p>Bir\u00e7ok \u00fcnl\u00fc isme \u015fark\u0131 veren Onur Can \u00d6zcan hen\u00fcz 21 ya\u015f\u0131ndayken 2018&#8217;de \u015eile a\u00e7\u0131klar\u0131nda teknesi alabora olunca bo\u011fularak hayat\u0131n\u0131 kaybetmi\u015fti. Emir Can \u0130\u011frek yak\u0131n dostu olan Onur Can \u00d6zcan&#8217;\u0131 konserlerinde s\u0131k s\u0131k anm\u0131\u015f, son alb\u00fcm\u00fc &#8216;Parti \u0130ptal&#8217;de ise onun i\u00e7in yazd\u0131\u011f\u0131 &#8216;Can Dostum&#8217; \u015fark\u0131s\u0131na yer vermi\u015fti. Ge\u00e7en yaz Harbiye A\u00e7\u0131k Hava konserinde yapay zeka katk\u0131s\u0131yla [&hellip;]<\/p>\n","protected":false},"author":1,"featured_media":4170,"comment_status":"open","ping_status":"open","sticky":false,"template":"","format":"standard","meta":{"footnotes":""},"categories":[11],"tags":[],"class_list":["post-4169","post","type-post","status-publish","format-standard","has-post-thumbnail","hentry","category-trsektor"],"_links":{"self":[{"href":"https:\/\/habermarmaratv.com\/index.php\/wp-json\/wp\/v2\/posts\/4169","targetHints":{"allow":["GET"]}}],"collection":[{"href":"https:\/\/habermarmaratv.com\/index.php\/wp-json\/wp\/v2\/posts"}],"about":[{"href":"https:\/\/habermarmaratv.com\/index.php\/wp-json\/wp\/v2\/types\/post"}],"author":[{"embeddable":true,"href":"https:\/\/habermarmaratv.com\/index.php\/wp-json\/wp\/v2\/users\/1"}],"replies":[{"embeddable":true,"href":"https:\/\/habermarmaratv.com\/index.php\/wp-json\/wp\/v2\/comments?post=4169"}],"version-history":[{"count":0,"href":"https:\/\/habermarmaratv.com\/index.php\/wp-json\/wp\/v2\/posts\/4169\/revisions"}],"wp:featuredmedia":[{"embeddable":true,"href":"https:\/\/habermarmaratv.com\/index.php\/wp-json\/wp\/v2\/media\/4170"}],"wp:attachment":[{"href":"https:\/\/habermarmaratv.com\/index.php\/wp-json\/wp\/v2\/media?parent=4169"}],"wp:term":[{"taxonomy":"category","embeddable":true,"href":"https:\/\/habermarmaratv.com\/index.php\/wp-json\/wp\/v2\/categories?post=4169"},{"taxonomy":"post_tag","embeddable":true,"href":"https:\/\/habermarmaratv.com\/index.php\/wp-json\/wp\/v2\/tags?post=4169"}],"curies":[{"name":"wp","href":"https:\/\/api.w.org\/{rel}","templated":true}]}}