{"id":3994,"date":"2023-12-20T08:03:13","date_gmt":"2023-12-20T05:03:13","guid":{"rendered":"https:\/\/habermarmaratv.com\/index.php\/2023\/12\/20\/edirne-heyetinden-ankara-cikartmasi\/"},"modified":"2023-12-20T08:03:13","modified_gmt":"2023-12-20T05:03:13","slug":"edirne-heyetinden-ankara-cikartmasi","status":"publish","type":"post","link":"https:\/\/habermarmaratv.com\/index.php\/2023\/12\/20\/edirne-heyetinden-ankara-cikartmasi\/","title":{"rendered":"Edirne heyetinden Ankara \u00e7\u0131kartmas\u0131"},"content":{"rendered":"<p> [ad_1]<br \/>\n<\/p>\n<div id=\"detaymetin\">\n<p><span class=\"text-big\">AK Parti Edirne Milletvekili Dr. Fatma Aksal, Ke\u015fan Belediye Ba\u015fkan\u0131 Mustafa Helvac\u0131o\u011flu, Ke\u015fan Ticaret ve Sanayi Odas\u0131 Y\u00f6netim Kurulu Ba\u015fkan\u0131 \u0130smail \u015eap\u00e7\u0131, Ke\u015fan Ticaret Borsas\u0131 Y\u00f6netim Kurulu Ba\u015fkan\u0131 Necmi Kaymaz, \u0130psala Ticaret Borsas\u0131 Y\u00f6netim Kurulu Ba\u015fkan\u0131 Necmi Sezer ve Ke\u015fan Ticaret ve Sanayi Odas\u0131 Genel Sekreteri Erdem Ba\u015fak ve Ke\u015fan OSB M\u00fcd\u00fcr\u00fc Murat S\u0131nar ile birlikte T\u00fcrkiye Odalar ve Borsalar Birli\u011fi (TOBB) Ba\u015fkan\u0131 Rifat Hisarc\u0131kl\u0131o\u011flu\u2019nu ziyaret etti.\u00a0<\/span><\/p>\n<p>\u00a0<\/p>\n<p><span class=\"text-big\">\u201c<strong>EN KISA ZAMANDA FAAL\u0130YETE ALMI\u015e OLACA\u011eIZ<\/strong>\u201d<\/span><\/p>\n<p>\u00a0<\/p>\n<p><span class=\"text-big\">\u00c7al\u0131\u015fmalarda en \u00f6nemli k\u0131staslar\u0131n\u0131n Edirne\u2019de ye\u015file ve \u00e7evreye duyarl\u0131 sanayi i\u00e7in do\u011fru ad\u0131mlar\u0131 atmak oldu\u011funu belirten Edirne Valisi Yunus Sezer, \u201c\u0130n\u015fallah, bu bak\u0131\u015f a\u00e7\u0131s\u0131yla s\u00fcreci h\u0131zla tamamlay\u0131p, OSB&#8217;leri en k\u0131sa zamanda faaliyete alm\u0131\u015f olaca\u011f\u0131z\u201d dedi.<\/span><\/p>\n<p>\u00a0<\/p>\n<p>\u00a0<\/p>\n<p><span class=\"text-big\"><strong>OSB \u0130\u00c7\u0130N G\u00d6R\u00dc\u015eMELERDE BULUNDULAR<\/strong><\/span><\/p>\n<p>\u00a0<\/p>\n<p><span class=\"text-big\">Vali Yunus Sezer ve beraberindeki heyet, Ankara Ticaret Odas\u0131 Y\u00f6netim Kurulu Ba\u015fkan\u0131 G\u00fcrsel Baran\u2019\u0131 da ziyaret etti. Ziyarette Ke\u015fan G\u0131da \u0130htisas Organize Sanayi B\u00f6lgesi ve \u0130psala Karma Organize Sanayi B\u00f6lgesi i\u00e7in g\u00f6r\u00fc\u015fmelerde bulunan Edirne heyeti, Ankara Ticaret Odas\u0131\u2019n\u0131n hizmet ve \u00e7al\u0131\u015fmalar\u0131 hakk\u0131nda da bilgi ald\u0131. Vali Yunus Sezer, misafirperverli\u011finden dolay\u0131 Ankara Ticaret Odas\u0131 Y\u00f6netim Kurulu Ba\u015fkan\u0131 G\u00fcrsel Baran\u2019a te\u015fekk\u00fcr etti.\u00a0<\/span><\/p>\n<p>\u00a0<\/p>\n<p>\u00a0<\/p>\n<figure class=\"image\"><img decoding=\"async\" src=\"https:\/\/www.marmarahaber.com.tr\/resimler\/2023-12\/19\/349951862628129.webp\"\/><\/figure>\n<p>\u00a0<\/p>\n<p>\u00a0<\/p>\n<p><span class=\"text-big\"><strong>OSB\u2019LER\u0130N KURULUM S\u00dcREC\u0130 DE\u011eERLEND\u0130R\u0130LD\u0130<\/strong><\/span><\/p>\n<p>\u00a0<\/p>\n<p><span class=\"text-big\">Heyet, Ankara Sanayi Odas\u0131 Ba\u015fkan\u0131 Seyit Ard\u0131\u00e7\u2019\u0131 da ziyaret etti. Ziyarette ASO 1. OSB Ba\u015fkan\u0131 Niyazi Akda\u015f da yer ald\u0131. Ziyarette mevcut OSB\u2019nin kapasite art\u0131r\u0131m\u0131, istihdam ve ekonomik anlamda Edirne\u2019ye b\u00fcy\u00fck katk\u0131 sunacak Ke\u015fan ve \u0130psala OSB&#8217;lerimizin kurulum s\u00fcreci ile ilgili de\u011ferlendirmelerde bulunuldu.\u00a0<\/span><\/p>\n<p>\u00a0<\/p>\n<p><span class=\"text-big\"><strong>Haber \/ G\u00fclveren ALTUNO\u011eLU<\/strong><\/span><\/p>\n<\/p><\/div>\n<p>[ad_2]<br \/>\n<br \/><a href=\"https:\/\/www.marmarahaber.com.tr\/haber\/edirne_heyetinden_ankara_cikartmasi-86525.html\">Source link <\/a><\/p>\n","protected":false},"excerpt":{"rendered":"<p>[ad_1] AK Parti Edirne Milletvekili Dr. Fatma Aksal, Ke\u015fan Belediye Ba\u015fkan\u0131 Mustafa Helvac\u0131o\u011flu, Ke\u015fan Ticaret ve Sanayi Odas\u0131 Y\u00f6netim Kurulu Ba\u015fkan\u0131 \u0130smail \u015eap\u00e7\u0131, Ke\u015fan Ticaret Borsas\u0131 Y\u00f6netim Kurulu Ba\u015fkan\u0131 Necmi Kaymaz, \u0130psala Ticaret Borsas\u0131 Y\u00f6netim Kurulu Ba\u015fkan\u0131 Necmi Sezer ve Ke\u015fan Ticaret ve Sanayi Odas\u0131 Genel Sekreteri Erdem Ba\u015fak ve Ke\u015fan OSB M\u00fcd\u00fcr\u00fc Murat S\u0131nar [&hellip;]<\/p>\n","protected":false},"author":1,"featured_media":3995,"comment_status":"open","ping_status":"open","sticky":false,"template":"","format":"standard","meta":{"footnotes":""},"categories":[10],"tags":[],"class_list":["post-3994","post","type-post","status-publish","format-standard","has-post-thumbnail","hentry","category-gundem"],"_links":{"self":[{"href":"https:\/\/habermarmaratv.com\/index.php\/wp-json\/wp\/v2\/posts\/3994","targetHints":{"allow":["GET"]}}],"collection":[{"href":"https:\/\/habermarmaratv.com\/index.php\/wp-json\/wp\/v2\/posts"}],"about":[{"href":"https:\/\/habermarmaratv.com\/index.php\/wp-json\/wp\/v2\/types\/post"}],"author":[{"embeddable":true,"href":"https:\/\/habermarmaratv.com\/index.php\/wp-json\/wp\/v2\/users\/1"}],"replies":[{"embeddable":true,"href":"https:\/\/habermarmaratv.com\/index.php\/wp-json\/wp\/v2\/comments?post=3994"}],"version-history":[{"count":0,"href":"https:\/\/habermarmaratv.com\/index.php\/wp-json\/wp\/v2\/posts\/3994\/revisions"}],"wp:featuredmedia":[{"embeddable":true,"href":"https:\/\/habermarmaratv.com\/index.php\/wp-json\/wp\/v2\/media\/3995"}],"wp:attachment":[{"href":"https:\/\/habermarmaratv.com\/index.php\/wp-json\/wp\/v2\/media?parent=3994"}],"wp:term":[{"taxonomy":"category","embeddable":true,"href":"https:\/\/habermarmaratv.com\/index.php\/wp-json\/wp\/v2\/categories?post=3994"},{"taxonomy":"post_tag","embeddable":true,"href":"https:\/\/habermarmaratv.com\/index.php\/wp-json\/wp\/v2\/tags?post=3994"}],"curies":[{"name":"wp","href":"https:\/\/api.w.org\/{rel}","templated":true}]}}