{"id":3992,"date":"2023-12-20T06:57:53","date_gmt":"2023-12-20T03:57:53","guid":{"rendered":"https:\/\/habermarmaratv.com\/index.php\/2023\/12\/20\/akademik-basari-odulleri-sahiplerini-buldu\/"},"modified":"2023-12-20T06:57:53","modified_gmt":"2023-12-20T03:57:53","slug":"akademik-basari-odulleri-sahiplerini-buldu","status":"publish","type":"post","link":"https:\/\/habermarmaratv.com\/index.php\/2023\/12\/20\/akademik-basari-odulleri-sahiplerini-buldu\/","title":{"rendered":"Akademik Ba\u015far\u0131 \u00d6d\u00fclleri sahiplerini buldu"},"content":{"rendered":"<p> [ad_1]<br \/>\n<\/p>\n<div id=\"detaymetin\">\n<p><span class=\"text-big\">Trakya \u00dcniversitesi T\u0131p Fak\u00fcltesi\u2019nde Prof. Dr. Fatih \u00d6z\u00e7elik Akademik Ba\u015far\u0131 \u00d6d\u00fclleri T\u00f6reni d\u00fczenlendi.<\/span><\/p>\n<p>\u00a0<\/p>\n<figure class=\"image\"><img decoding=\"async\" src=\"https:\/\/www.marmarahaber.com.tr\/resimler\/2023-12\/19\/393511543687079.webp\"\/><\/figure>\n<p>\u00a0<\/p>\n<p><span class=\"text-big\"><strong>KARD\u0130YOLOJ\u0130 KL\u0130N\u0130\u011e\u0130 HAKKINDA B\u0130LG\u0130 VERD\u0130<\/strong><\/span><\/p>\n<p>\u00a0<\/p>\n<p><span class=\"text-big\">T\u00f6renin a\u00e7\u0131l\u0131\u015f\u0131nda konu\u015fan T\u0131p Fak\u00fcltesi Kardiyoloji Anabilim Dal\u0131 Ba\u015fkan\u0131 Prof. Dr. Servet Altay, bu etkinli\u011fi hem asistan doktorlar\u0131 te\u015fvik etmek hem de T\u0131p Fak\u00fcltesi\u2019nin mihenk ta\u015flar\u0131ndan biri olan Prof. Dr. Fatih \u00d6z\u00e7elik\u2019i anmak amac\u0131yla d\u00fczenlediklerini ifade ederek, kardiyoloji klini\u011fi hakk\u0131nda bilgi verdi. Kardiyoloji klini\u011finin yapt\u0131\u011f\u0131 zorlu tedavilerle hem b\u00f6lgede hem de b\u00f6lge \u00fclkeleri i\u00e7inde \u00f6nemli bir merkez haline geldi\u011fini s\u00f6yleyen Altay, akademik olarak da \u00f6nemli \u00e7al\u0131\u015fmalar ger\u00e7ekle\u015ftirdiklerini ve bu y\u0131l uluslararas\u0131 dergilerde 45 makalelerinin yay\u0131mland\u0131\u011f\u0131n\u0131 vurgulad\u0131.\u00a0<\/span><\/p>\n<p>\u00a0<\/p>\n<p><span class=\"text-big\"><strong>\u201cD\u00dcR\u00dcST B\u0130R \u0130NSAN VE \u00d6RNEK B\u0130R K\u0130\u015e\u0130L\u0130K\u201d<\/strong><\/span><\/p>\n<p>\u00a0<\/p>\n<p><span class=\"text-big\">Altay \u201cBizden mezun olan herkes kardiyoloji severek ve \u00f6\u011frenerek buradan ayr\u0131l\u0131yor. \u00d6\u011frencilerimiz seviyorlar ve asistan olarak geliyorlar. Asistanlar\u0131m\u0131z seviyorlar ve hoca olarak geliyorlar. Bunun mimar\u0131 da \u015f\u00fcphesiz Prof. Dr. Fatih \u00d6z\u00e7elik hocamd\u0131r\u201d dedi. Dekan Prof. Dr. Filiz Akata da \u201cFatih Hoca i\u00e7in ikincisi d\u00fczenlenen ve birka\u00e7 y\u0131l sonra gelenekselli\u011fin \u00f6tesinde \u00e7ok b\u00fcy\u00fck bir anlam kazanacak olan bu etkinlikte olmaktan gurur duyuyorum. Bu gururumun en \u00f6nemli nedeni, Trakya \u00dcniversitesi T\u0131p Fak\u00fcltesi\u2019nde Kardiyoloji Anabilim Dal\u0131\u2019n\u0131n hem mezuniyet \u00f6ncesi hem de mezuniyet sonras\u0131 \u00f6rnek g\u00f6sterilecek bir anabilim dal\u0131 olmas\u0131d\u0131r. Bir i\u015fin mayas\u0131 sa\u011flam tutuldu\u011funda iyi gidiyor, k\u00f6t\u00fc tutuldu\u011funda da diki\u015f tutmuyor bir daha. Bu k\u00fcrs\u00fcn\u00fcn kurulu\u015fu G\u00fclta\u00e7 Hocam sayesinde \u00e7ok sa\u011flam ad\u0131mlarla yap\u0131ld\u0131. Bug\u00fcn Kardiyoloji Anabilim Dal\u0131 \u00f6rnek bir k\u00fcrs\u00fc haline geldi\u201d dedi. Prof. Dr. Fatih \u00d6z\u00e7elik\u2019in asistanl\u0131ktan arkada\u015f\u0131 oldu\u011funu ifade eden Akata, \u201cFatih Hocam o zaman bile \u00e7ok dikkatli, giyimine ku\u015fam\u0131na \u00e7ok dikkat eden, hastas\u0131na \u00e7ok \u00f6nem veren biriydi. \u00c7ok iyi bir insand\u0131. \u00d6\u011frencilerin \u00e7ok sevdi\u011fi, akademik y\u00f6n\u00fc g\u00fc\u00e7l\u00fc, d\u00fcr\u00fcst bir insan ve \u00f6rnek bir ki\u015filik. Kendisine Allah\u2019tan \u015fifa diliyorum\u201d dedi.<\/span><\/p>\n<p>\u00a0<\/p>\n<p><span class=\"text-big\"><strong>\u201cBAYRA\u011eI ADLI VE DAHA \u0130LER\u0130YE G\u00d6T\u00dcR\u00dcYOR\u201d<\/strong><\/span><\/p>\n<p>\u00a0<\/p>\n<p><span class=\"text-big\">Rekt\u00f6r Prof. Dr. Erhan Tabako\u011flu, \u201cBen 92 y\u0131l\u0131nda Trakya \u00dcniversitesi\u2019ne asistan olarak geldim. Dolay\u0131s\u0131yla buran\u0131n ge\u00e7mi\u015fini bilen, ya\u015fayan, ya\u015fayarak g\u00f6ren biri olarak Kardiyoloji Anabilim Dal\u0131n\u0131 gururla izliyorum. Bu bran\u015f\u0131n duayeni G\u00fclta\u00e7 Hocam taraf\u0131ndan kurulan Kardiyoloji Anabilim Dal\u0131, Fatih Hocam gibi \u00f6\u011frencisini seven, gece g\u00fcnd\u00fcz tan\u0131mayan, merhametli, insanc\u0131l \u00f6zellikleri \u00e7ok y\u00fcksek de\u011ferli bir hocamla devam etti. \u015eimdi de onun talebesi Servet Hocam \u00e7ok g\u00fczel \u00f6rnek g\u00f6stererek bu bayra\u011f\u0131 adl\u0131 ve daha ileriye g\u00f6t\u00fcr\u00fcyor. Servet Hocam, asistanlar\u0131n akademik geli\u015fimini te\u015fvik edecek ve kaliteye de \u00f6nc\u00fc olacak \u00f6rnek bir uygulamay\u0131 hayata ge\u00e7irdi. Bu \u00f6nemli t\u00f6rene \u00f6zellikle kat\u0131lmak istedim. Birincisi, i\u00e7inde Fatih \u00d6z\u00e7elik Hocam oldu\u011fu i\u00e7in. \u0130kincisi de bu g\u00fczel uygulamam\u0131z\u0131n t\u00fcm fak\u00fcltemize \u00f6rnek olmas\u0131 i\u00e7in. Bu anlamda kendilerine te\u015fekk\u00fcr ediyor, Fatih Hocama da Allah\u2019tan \u015fifa diliyorum\u201d dedi.<\/span><\/p>\n<p>\u00a0<\/p>\n<p><span class=\"text-big\"><strong>\u201cAKADEM\u0130K Y\u00d6N\u00dc \u00c7OK G\u00dc\u00c7L\u00dc B\u0130R HOCAYDI\u201d<\/strong><\/span><\/p>\n<p>\u00a0<\/p>\n<p><span class=\"text-big\">Trakya \u00dcniversitesi emekli \u00d6\u011fretim \u00dcyesi ve Kardiyoloji Klini\u011fi Kurucusu Prof. Dr. G\u00fclta\u00e7 \u00d6zbay ise konu\u015fmas\u0131nda kardiyoloji e\u011fitimine nas\u0131l ba\u015flad\u0131\u011f\u0131 ve Kardiyoloji Klini\u011fini nas\u0131l kurdu\u011fu hakk\u0131nda bilgi verdi. Prof. Dr. Fatih \u00d6z\u00e7elik\u2019in kendisi i\u00e7in \u00e7ok k\u0131ymetli oldu\u011funu ifade eden \u00d6zbay \u201cFatih, insanc\u0131l y\u00f6n\u00fc \u00e7ok \u00f6nde olan, herkese yard\u0131m etmeye \u00e7al\u0131\u015fan, \u00e7ok sevdi\u011fim bir arkada\u015f\u0131m\u0131z. \u00d6zellikle \u00f6\u011frencilerine kar\u015f\u0131 \u00e7ok ilgili bir hocayd\u0131. Yeni gelen asistanlarla, \u00f6\u011frencilerle \u00e7ok ilgilenirdi. \u0130nceleyen, ara\u015ft\u0131ran, akademik y\u00f6n\u00fc \u00e7ok g\u00fc\u00e7l\u00fc bir hocayd\u0131\u201d dedi ve t\u00f6renin d\u00fczenlenmesinde eme\u011fi ge\u00e7enlere te\u015fekk\u00fcr etti.<\/span><\/p>\n<p>\u00a0<\/p>\n<p><span class=\"text-big\"><strong>\u00d6D\u00dcLLER\u0130 VER\u0130LD\u0130\u00a0<\/strong><\/span><\/p>\n<p>\u00a0<\/p>\n<p><span class=\"text-big\">Konu\u015fmalar\u0131n ard\u0131ndan dereceye giren asistan doktorlara \u00f6d\u00fclleri takdim edildi. 2023 Y\u0131l\u0131 Prof. Dr. Fatih \u00d6z\u00e7elik Asistan Doktor Akademik Ba\u015far\u0131 \u00d6d\u00fclleri t\u00f6reninde birinci olan Dr. Ferudun Akku\u015f\u2019a Rekt\u00f6r Prof. Dr. Erhan Tabako\u011flu, ikinci olan Dr. Efe Y\u0131lmaz\u2019a Dekan Prof. Dr. Filiz Akata, \u00fc\u00e7\u00fcnc\u00fc olan Nilay Solak\u2019a ise Prof. Dr. G\u00fclta\u00e7 \u00d6zbay ve Prof. Dr. Fatih \u00d6z\u00e7elik\u2019in e\u015fi Dr. Emine \u00d6z\u00e7elik taraf\u0131ndan \u00f6d\u00fclleri verildi.<\/span><\/p>\n<p>\u00a0<\/p>\n<p><span class=\"text-big\"><strong>Haber \/ Men\u015fure KARDE\u015e<\/strong><\/span><\/p>\n<\/p><\/div>\n<p>[ad_2]<br \/>\n<br \/><a href=\"https:\/\/www.marmarahaber.com.tr\/haber\/akademik_basari_odulleri_sahiplerini_buldu_-86526.html\">Source link <\/a><\/p>\n","protected":false},"excerpt":{"rendered":"<p>[ad_1] Trakya \u00dcniversitesi T\u0131p Fak\u00fcltesi\u2019nde Prof. Dr. Fatih \u00d6z\u00e7elik Akademik Ba\u015far\u0131 \u00d6d\u00fclleri T\u00f6reni d\u00fczenlendi. \u00a0 \u00a0 KARD\u0130YOLOJ\u0130 KL\u0130N\u0130\u011e\u0130 HAKKINDA B\u0130LG\u0130 VERD\u0130 \u00a0 T\u00f6renin a\u00e7\u0131l\u0131\u015f\u0131nda konu\u015fan T\u0131p Fak\u00fcltesi Kardiyoloji Anabilim Dal\u0131 Ba\u015fkan\u0131 Prof. Dr. Servet Altay, bu etkinli\u011fi hem asistan doktorlar\u0131 te\u015fvik etmek hem de T\u0131p Fak\u00fcltesi\u2019nin mihenk ta\u015flar\u0131ndan biri olan Prof. Dr. Fatih \u00d6z\u00e7elik\u2019i anmak [&hellip;]<\/p>\n","protected":false},"author":1,"featured_media":3993,"comment_status":"open","ping_status":"open","sticky":false,"template":"","format":"standard","meta":{"footnotes":""},"categories":[10],"tags":[],"class_list":["post-3992","post","type-post","status-publish","format-standard","has-post-thumbnail","hentry","category-gundem"],"_links":{"self":[{"href":"https:\/\/habermarmaratv.com\/index.php\/wp-json\/wp\/v2\/posts\/3992","targetHints":{"allow":["GET"]}}],"collection":[{"href":"https:\/\/habermarmaratv.com\/index.php\/wp-json\/wp\/v2\/posts"}],"about":[{"href":"https:\/\/habermarmaratv.com\/index.php\/wp-json\/wp\/v2\/types\/post"}],"author":[{"embeddable":true,"href":"https:\/\/habermarmaratv.com\/index.php\/wp-json\/wp\/v2\/users\/1"}],"replies":[{"embeddable":true,"href":"https:\/\/habermarmaratv.com\/index.php\/wp-json\/wp\/v2\/comments?post=3992"}],"version-history":[{"count":0,"href":"https:\/\/habermarmaratv.com\/index.php\/wp-json\/wp\/v2\/posts\/3992\/revisions"}],"wp:featuredmedia":[{"embeddable":true,"href":"https:\/\/habermarmaratv.com\/index.php\/wp-json\/wp\/v2\/media\/3993"}],"wp:attachment":[{"href":"https:\/\/habermarmaratv.com\/index.php\/wp-json\/wp\/v2\/media?parent=3992"}],"wp:term":[{"taxonomy":"category","embeddable":true,"href":"https:\/\/habermarmaratv.com\/index.php\/wp-json\/wp\/v2\/categories?post=3992"},{"taxonomy":"post_tag","embeddable":true,"href":"https:\/\/habermarmaratv.com\/index.php\/wp-json\/wp\/v2\/tags?post=3992"}],"curies":[{"name":"wp","href":"https:\/\/api.w.org\/{rel}","templated":true}]}}