{"id":3990,"date":"2023-12-20T05:38:46","date_gmt":"2023-12-20T02:38:46","guid":{"rendered":"https:\/\/habermarmaratv.com\/index.php\/2023\/12\/20\/ak-parti-bayragini-dalgalandirmaya-devam-edecegiz\/"},"modified":"2023-12-20T05:38:46","modified_gmt":"2023-12-20T02:38:46","slug":"ak-parti-bayragini-dalgalandirmaya-devam-edecegiz","status":"publish","type":"post","link":"https:\/\/habermarmaratv.com\/index.php\/2023\/12\/20\/ak-parti-bayragini-dalgalandirmaya-devam-edecegiz\/","title":{"rendered":"AK Parti bayra\u011f\u0131n\u0131 dalgaland\u0131rmaya devam edece\u011fiz"},"content":{"rendered":"<p> [ad_1]<br \/>\n<\/p>\n<div id=\"detaymetin\">\n<p><span class=\"text-big\">Toplant\u0131ya Kapakl\u0131 Belediye Ba\u015fkan\u0131 Mustafa \u00c7etin, AK Parti Tekirda\u011f \u0130l Ba\u015fkan\u0131 Ali G\u00fcm\u00fc\u015f, Kapakl\u0131 \u0130l\u00e7e Ba\u015fkan\u0131 Mecit \u00c7o\u011fal, \u0130l Kad\u0131n Kollar\u0131 Ba\u015fkan\u0131 Nihal K\u00f6\u015fdere, AK Parti Tekirda\u011f B\u00fcy\u00fck\u015fehir\u00a0 Belediye Ba\u015fkan aday Aday\u0131 Dr. Tekin Yenig\u00fcn, AK Parti Kapakl\u0131 Belediye Ba\u015fkan Aday Adaylar\u0131 Salih Bezgin, Ak\u0131n Y\u0131lmaz, \u015eakir Demirel, \u0130lyas Karaman, Naci Aras, Ceylan Yanar, Adem Sekmen, \u0130l Y\u00f6netim Kurulu \u00dcyeleri, \u0130l\u00e7e Belediye Meclis \u00dcyeleri, \u0130l\u00e7e Y\u00f6netim Kurulu \u00dcyeleri, Kad\u0131n Kollar\u0131 Y\u00f6netimi, Gen\u00e7lik Kollar\u0131 Y\u00f6netimi, Mahalle Ba\u015fkanlar\u0131 ve partililer kat\u0131ld\u0131.\u00a0<\/span><\/p>\n<p>\u00a0<\/p>\n<p>\u00a0<\/p>\n<figure class=\"image\"><img decoding=\"async\" src=\"https:\/\/www.marmarahaber.com.tr\/resimler\/2023-12\/19\/73901220901028.webp\"\/><\/figure>\n<p>\u00a0<\/p>\n<p>\u00a0<\/p>\n<p><span class=\"text-big\"><strong>\u201c\u00c7ALI\u015eMALARIMIZA HIZ KESMEDEN DEVAM ED\u0130YORUZ\u201d<\/strong><\/span><\/p>\n<p>\u00a0<\/p>\n<p><span class=\"text-big\">Toplant\u0131da konu\u015fan AK Parti Kapakl\u0131 \u0130l\u00e7e Ba\u015fkan\u0131 Mecit \u00c7o\u011fal, \u201cAK Partimizin Trakya&#8217;daki kalesi olan Kapakl\u0131\u2019m\u0131zda AK Parti bayra\u011f\u0131n\u0131 dalgaland\u0131rmaya devam edece\u011fiz\u201d dedi. AK Parti Tekirda\u011f \u0130l Ba\u015fkan\u0131 Ali G\u00fcm\u00fc\u015f de \u201c31 Mart 2024 Mahalli \u0130dareler Se\u00e7imine y\u00fcr\u00fcy\u00fc\u015f\u00fcm\u00fcz devam ederken aral\u0131k ay\u0131 i\u00e7erisinde t\u00fcm il\u00e7elerde icra etmeye karar verdi\u011fimiz Geni\u015fletilmi\u015f il\u00e7e Dan\u0131\u015fma Meclisleri kapsam\u0131nda il\u00e7emiz Kapakl\u0131&#8217;day\u0131z. AK Parti Belediyecili\u011finin hizmetlerini hem\u015fehrilerimize en iyi \u015fekilde sunmak i\u00e7in; AK Parti Tekirda\u011f \u0130l ve Kapakl\u0131 Te\u015fkilatlar\u0131m\u0131z olarak \u00e7al\u0131\u015fmalar\u0131m\u0131za h\u0131z kesmeden devam ediyoruz.\u00a0 AK Parti Kapakl\u0131 \u0130l\u00e7e Ba\u015fkan\u0131m\u0131z Mecit \u00c7o\u011fal, Kapakl\u0131 Belediye Ba\u015fkan\u0131m\u0131z Mustafa \u00c7etin ve t\u00fcm Kapakl\u0131 Te\u015fkilat Mensuplar\u0131m\u0131za te\u015fekk\u00fcr ediyor, g\u00f6revlerinde ba\u015far\u0131lar diliyorum\u201d ifadelerini kulland\u0131.\u00a0<\/span><\/p>\n<p>\u00a0<\/p>\n<p>\u00a0<\/p>\n<figure class=\"image\"><img decoding=\"async\" src=\"https:\/\/www.marmarahaber.com.tr\/resimler\/2023-12\/19\/62741950130857.webp\"\/><\/figure>\n<p>\u00a0<\/p>\n<p>\u00a0<\/p>\n<p>\u00a0<\/p>\n<p><span class=\"text-big\"><strong>PROJELER VE GELECE\u011eE DA\u0130R HEDEFLER\u0130 PAYLA\u015eTI<\/strong><\/span><\/p>\n<p>\u00a0<\/p>\n<p><span class=\"text-big\">Toplant\u0131da Kapakl\u0131 Belediye Ba\u015fkan\u0131 Mustafa \u00c7etin de konu\u015fma yapt\u0131. Yol arkada\u015flar\u0131yla birlikte hayata ge\u00e7irdi\u011fi projeler ve gelece\u011fe dair hedeflerini payla\u015fan Belediye Ba\u015fkan\u0131 \u00c7etin, \u201cToplant\u0131m\u0131z\u0131n hay\u0131rlara vesile olmas\u0131n\u0131 diliyor, ilk g\u00fcnk\u00fc heyecanla devam ettirdi\u011fimiz hizmet yolculu\u011funda birlikte y\u00fcr\u00fcd\u00fc\u011f\u00fcm\u00fcz te\u015fkilat\u0131m\u0131za i\u00e7ten te\u015fekk\u00fcrlerimi sunuyorum\u201d dedi.\u00a0<\/span><\/p>\n<p>\u00a0<\/p>\n<p>\u00a0<\/p>\n<figure class=\"image\"><img decoding=\"async\" src=\"https:\/\/www.marmarahaber.com.tr\/resimler\/2023-12\/19\/7377299585310.webp\"\/><\/figure>\n<p>\u00a0<\/p>\n<p>\u00a0<\/p>\n<p><span class=\"text-big\"><strong>Haber \/ G\u00fclveren ALTUNO\u011eLU<\/strong><\/span><\/p>\n<\/p><\/div>\n<p>[ad_2]<br \/>\n<br \/><a href=\"https:\/\/www.marmarahaber.com.tr\/haber\/cogal_ak_parti_bayragini_dalgalandirmaya_devam_edecegiz-86527.html\">Source link <\/a><\/p>\n","protected":false},"excerpt":{"rendered":"<p>[ad_1] Toplant\u0131ya Kapakl\u0131 Belediye Ba\u015fkan\u0131 Mustafa \u00c7etin, AK Parti Tekirda\u011f \u0130l Ba\u015fkan\u0131 Ali G\u00fcm\u00fc\u015f, Kapakl\u0131 \u0130l\u00e7e Ba\u015fkan\u0131 Mecit \u00c7o\u011fal, \u0130l Kad\u0131n Kollar\u0131 Ba\u015fkan\u0131 Nihal K\u00f6\u015fdere, AK Parti Tekirda\u011f B\u00fcy\u00fck\u015fehir\u00a0 Belediye Ba\u015fkan aday Aday\u0131 Dr. Tekin Yenig\u00fcn, AK Parti Kapakl\u0131 Belediye Ba\u015fkan Aday Adaylar\u0131 Salih Bezgin, Ak\u0131n Y\u0131lmaz, \u015eakir Demirel, \u0130lyas Karaman, Naci Aras, Ceylan Yanar, [&hellip;]<\/p>\n","protected":false},"author":1,"featured_media":3991,"comment_status":"open","ping_status":"open","sticky":false,"template":"","format":"standard","meta":{"footnotes":""},"categories":[10],"tags":[],"class_list":["post-3990","post","type-post","status-publish","format-standard","has-post-thumbnail","hentry","category-gundem"],"_links":{"self":[{"href":"https:\/\/habermarmaratv.com\/index.php\/wp-json\/wp\/v2\/posts\/3990","targetHints":{"allow":["GET"]}}],"collection":[{"href":"https:\/\/habermarmaratv.com\/index.php\/wp-json\/wp\/v2\/posts"}],"about":[{"href":"https:\/\/habermarmaratv.com\/index.php\/wp-json\/wp\/v2\/types\/post"}],"author":[{"embeddable":true,"href":"https:\/\/habermarmaratv.com\/index.php\/wp-json\/wp\/v2\/users\/1"}],"replies":[{"embeddable":true,"href":"https:\/\/habermarmaratv.com\/index.php\/wp-json\/wp\/v2\/comments?post=3990"}],"version-history":[{"count":0,"href":"https:\/\/habermarmaratv.com\/index.php\/wp-json\/wp\/v2\/posts\/3990\/revisions"}],"wp:featuredmedia":[{"embeddable":true,"href":"https:\/\/habermarmaratv.com\/index.php\/wp-json\/wp\/v2\/media\/3991"}],"wp:attachment":[{"href":"https:\/\/habermarmaratv.com\/index.php\/wp-json\/wp\/v2\/media?parent=3990"}],"wp:term":[{"taxonomy":"category","embeddable":true,"href":"https:\/\/habermarmaratv.com\/index.php\/wp-json\/wp\/v2\/categories?post=3990"},{"taxonomy":"post_tag","embeddable":true,"href":"https:\/\/habermarmaratv.com\/index.php\/wp-json\/wp\/v2\/tags?post=3990"}],"curies":[{"name":"wp","href":"https:\/\/api.w.org\/{rel}","templated":true}]}}