{"id":3988,"date":"2023-12-20T04:16:18","date_gmt":"2023-12-20T01:16:18","guid":{"rendered":"https:\/\/habermarmaratv.com\/index.php\/2023\/12\/20\/chpliler-dayanisma-gecesinde-bir-araya-geldi\/"},"modified":"2023-12-20T04:16:18","modified_gmt":"2023-12-20T01:16:18","slug":"chpliler-dayanisma-gecesinde-bir-araya-geldi","status":"publish","type":"post","link":"https:\/\/habermarmaratv.com\/index.php\/2023\/12\/20\/chpliler-dayanisma-gecesinde-bir-araya-geldi\/","title":{"rendered":"CHP\u2019liler Dayan\u0131\u015fma Gecesi\u2019nde bir araya geldi"},"content":{"rendered":"<p> [ad_1]<br \/>\n<\/p>\n<div id=\"detaymetin\">\n<p><span class=\"text-big\">Pazar g\u00fcn\u00fc saat 19.30\u2019da Kapakl\u0131 Atat\u00fcrk K\u00fclt\u00fcr Merkezi\u2019nde d\u00fczenlenen programa CHP Tekirda\u011f \u0130l Ba\u015fkan\u0131 \u00d6zg\u00fcr Ta\u015fmerdivenli, CHP Kapakl\u0131 il\u00e7e Ba\u015fkan\u0131 Emir Tarcan, il ve il\u00e7e y\u00f6netim kurulu \u00fcyeleri, CHP Kapakl\u0131 Kad\u0131n Kollar\u0131 Ba\u015fkan\u0131 Duygu Kuru, CHP Kapakl\u0131 Gen\u00e7lik Kollar\u0131 Ba\u015fkan\u0131 Ahmet Samet I\u015f\u0131k, Kapakl\u0131 Halk\u00e7\u0131 Liseler Ba\u015fkan\u0131 Pelin Uzun, Tekirda\u011f B\u00fcy\u00fck\u015fehir Belediye Ba\u015fkan\u0131 ve yeni d\u00f6nem Tekirda\u011f B\u00fcy\u00fck\u015fehir Belediye Ba\u015fkanl\u0131\u011f\u0131 Aday Aday\u0131 Kadir Albayrak, Tekirda\u011f B\u00fcy\u00fck\u015fehir Belediye Ba\u015fkan Aday Adaylar\u0131 Candan Y\u00fcceer, Vahap Akay, Erdo\u011fan Kaplan, Adem Dalg\u0131\u00e7, CHP Saray \u0130l\u00e7e Ba\u015fkan\u0131 Erol G\u00fcrler, CHP \u00c7erkezk\u00f6y Belediye Ba\u015fkan Aday Adaylar\u0131 Engin Camc\u0131 ve \u00d6zg\u00fcr S\u00f6nmez, CHP Kapakl\u0131 Belediye Ba\u015fkan Aday Adaylar\u0131 Ayhan Arslan, Hasan Acar, \u0130rfan Mandal\u0131, \u0130smail \u00c7elebi, Kenan A\u015fer, K\u0131van\u00e7 Ta\u015faras\u0131, \u00d6zkan Y\u00fccel, Se\u00e7kin Dilsiz, CHP Kapakl\u0131 Belediye Meclis \u00dcyesi Aday Adaylar\u0131, STK temsilcileri, muhtarlar ve \u00e7ok say\u0131da partili kat\u0131ld\u0131.<\/span><\/p>\n<p>\u00a0<\/p>\n<p>\u00a0<\/p>\n<figure class=\"image\"><img decoding=\"async\" src=\"https:\/\/www.marmarahaber.com.tr\/resimler\/2023-12\/19\/751701525285712.webp\"\/><\/figure>\n<p>\u00a0<\/p>\n<p>\u00a0<\/p>\n<p><span class=\"text-big\"><strong>\u201cCHP\u2019N\u0130N BAYRA\u011eINI HEP B\u0130RL\u0130KTE DALGALANDIRACA\u011eIZ\u201d<\/strong><\/span><\/p>\n<p>\u00a0<\/p>\n<p><span class=\"text-big\">Sayg\u0131 duru\u015funda bulunulmas\u0131 ve \u0130stiklal Mar\u015f\u0131m\u0131z\u0131n okunmas\u0131n\u0131n ard\u0131ndan konu\u015fan CHP Kapakl\u0131 \u0130l\u00e7e Ba\u015fkan\u0131 Emir Tarcan, \u201cBinlerce vatanda\u015f\u0131m\u0131z, Kapakl\u0131\u2019da ya\u015fayan her bir ki\u015finin beklentilerini, umutlar\u0131n\u0131 kar\u015f\u0131lamak i\u00e7in daha fazla \u00e7al\u0131\u015fmam\u0131z gerekiyor. Biliyorum, sadece \u00e7al\u0131\u015fmak yetmez, h\u0131rsla, azimle, adaletle, e\u015fitlik duygusuyla \u00e7al\u0131\u015fmam\u0131z gerekiyor. Bug\u00fcn\u00fcn eme\u011fi, yar\u0131n\u0131n umudu olacaksa, kararl\u0131l\u0131kla ve ortak ak\u0131lla hareket etmeliyiz. Ama \u015funu iyi biliyorum, hep birlikte kazanaca\u011f\u0131z. Cumhuriyet Halk Partisi&#8217;nin bayra\u011f\u0131n\u0131 hep birlikte dalgaland\u0131raca\u011f\u0131z\u201d dedi.\u00a0<\/span><\/p>\n<p>\u00a0<\/p>\n<p>\u00a0<\/p>\n<figure class=\"image\"><img decoding=\"async\" src=\"https:\/\/www.marmarahaber.com.tr\/resimler\/2023-12\/19\/821081386978037.webp\"\/><\/figure>\n<p>\u00a0<\/p>\n<p>\u00a0<\/p>\n<p><span class=\"text-big\"><strong>\u201c84 BELED\u0130YE BA\u015eKAN ADAY ADAYIMIZ BULUNUYOR\u201d<\/strong><\/span><\/p>\n<p>\u00a0<\/p>\n<p><span class=\"text-big\">Konu\u015fmas\u0131n\u0131n ard\u0131ndan Tarcan, CHP Belediye Ba\u015fkan Aday Adaylar\u0131n\u0131 ve Belediye Meclis \u00dcyeli\u011fi Aday Adaylar\u0131n\u0131 sahneye davet ederek birlik beraberlik pozu verdi. \u00a0Videolar\u0131n izlenmesinin ard\u0131ndan konu\u015fan CHP Tekirda\u011f \u0130l Ba\u015fkan\u0131 \u00d6zg\u00fcr Ta\u015fmerdivenli, \u201cYerel se\u00e7im s\u00fcrecimiz devam ediyor. B\u00fcy\u00fck\u015fehir de dahil olmak \u00fczere toplam 84 belediye ba\u015fkan aday aday\u0131m\u0131z ve 487 belediye meclis \u00fcyesi aday aday\u0131m\u0131z bulunuyor. Sizlerin huzurunda partimize katt\u0131klar\u0131 de\u011ferden dolay\u0131 ve birbirlerine olan sayg\u0131 ve sevgilerin dolay\u0131 hepsine te\u015fekk\u00fcr etmek istiyorum. B\u00fct\u00fcn organlar\u0131m\u0131zla beraber hep birlikte sahaya \u00e7\u0131kaca\u011f\u0131z, en \u00e7ok Kapakl\u0131\u2019da \u00e7al\u0131\u015faca\u011f\u0131z. Kapakl\u0131\u2019n\u0131n \u00f6nemini hep beraber biliyoruz. 31 Mart ak\u015fam\u0131 yerel iktidar ate\u015fini Kapakl\u0131\u2019dan ba\u015flat\u0131p Tekirda\u011f\u2019\u0131n genelinde bu ate\u015fi hep beraber yakaca\u011f\u0131z. Aday aday\u0131 olan t\u00fcm yol arkada\u015flar\u0131ma \u00e7\u0131kt\u0131klar\u0131 bu yolda ba\u015far\u0131lar diliyorum\u201d ifadelerini kulland\u0131.\u00a0<\/span><\/p>\n<p>\u00a0<\/p>\n<p>\u00a0<\/p>\n<figure class=\"image\"><img decoding=\"async\" src=\"https:\/\/www.marmarahaber.com.tr\/resimler\/2023-12\/19\/927271531753768.webp\"\/><\/figure>\n<p>\u00a0<\/p>\n<p>\u00a0<\/p>\n<p><span class=\"text-big\"><strong>\u201cKAPAKLI\u2019YI TEKRAR KAZANMANIN ZAMANI GELD\u0130\u201d<\/strong><\/span><\/p>\n<p>\u00a0<\/p>\n<p><span class=\"text-big\">Zeynel G\u00fcndo\u011fdu, Mehmet To\u011fa, Serpil \u00d6zt\u00fcrk, Mertcan T\u00fcrkeri ve Semih Co\u015fkunses taraf\u0131ndan haz\u0131rlanan m\u00fczik dinletilerinin ard\u0131ndan \u0130l\u00e7e Ba\u015fkan\u0131 Emir Tarcan, sanat\u00e7\u0131lara hediye takdim etti. M\u00fczik dinletilerinin ard\u0131ndan Kapakl\u0131 Belediye Ba\u015fkan Aday Adaylar\u0131 konu\u015fma ya\u011farak kendilerini tan\u0131tt\u0131. Ayhan Arslan \u201c1963 y\u0131l\u0131nda Edirne \u0130psala Turp\u00e7ular K\u00f6y\u00fc\u2019nde do\u011fdum. Siyasete 1985\u2019te Demokratik Sol Parti\u2019de ba\u015flad\u0131m. Partinin kurucu \u00fcyelerindenim. 1989 y\u0131l\u0131ndan 1995 y\u0131l\u0131na kadar Demokratik Sol Parti\u2019nin \u0130psala \u0130l\u00e7e Ba\u015fkanl\u0131\u011f\u0131\u2019n\u0131 yapt\u0131m ve 1996 y\u0131l\u0131nda Kapakl\u0131\u2019ya geldim. 2004 ve 2009 y\u0131llar\u0131nda \u0130rfan Mandal\u0131 ba\u015fkan\u0131m\u0131n yan\u0131nda meclis \u00fcyesi oldum. Daha sonra \u0130rfan ba\u015fkan\u0131n ba\u015f\u0131na talihsiz bir olay geldi. O s\u0131rada ben belediye meclisinde 15 \u00fcyenin 10 tanesinin oyunu alarak Belediye Ba\u015fkan Vekili se\u00e7ildim. May\u0131s 2009\u2019dan Eyl\u00fcl 2010\u2019a kadar Kapakl\u0131\u2019da Belediye Ba\u015fkan Vekilli\u011fi yapt\u0131m. Kapakl\u0131\u2019y\u0131 tekrar kazanman\u0131n zaman\u0131 geldi. O zaman ne ezen ne ezilen, hak\u00e7a bir d\u00fczen, halk i\u00e7in diyorum. Hak, hukuk, adalet diyorum\u201d ifadelerini kulland\u0131.\u00a0<\/span><\/p>\n<p>\u00a0<\/p>\n<p>\u00a0<\/p>\n<figure class=\"image\"><img decoding=\"async\" src=\"https:\/\/www.marmarahaber.com.tr\/resimler\/2023-12\/19\/10891142573630.webp\"\/><\/figure>\n<p>\u00a0<\/p>\n<p>\u00a0<\/p>\n<p><span class=\"text-big\"><strong>\u201c14 MAHALLEM\u0130ZE E\u015e\u0130T VE AD\u0130L H\u0130ZMET SUNACA\u011eIZ\u201d<\/strong><\/span><\/p>\n<p><span class=\"text-big\">Hasan Acar da \u201cBug\u00fcne kadar hep ilklere imza att\u0131m. Bu se\u00e7imi kazanmak ve bir ilke daha imza atmak boynumun borcu olsun. Kapakl\u0131\u2019da k\u00f6kl\u00fc bir de\u011fi\u015fim i\u00e7in yap\u0131lmas\u0131 gerekenler belli. \u00d6ncelikle halk\u0131m\u0131z\u0131n her bir kesimine dokunmal\u0131y\u0131z. Sorunlar\u0131n\u0131 dinlemeli, dertlerine derman olmal\u0131y\u0131z. \u0130l\u00e7emize \u015f\u00f6yle bir bakt\u0131\u011f\u0131m\u0131zda g\u00f6r\u00fcyoruz ki; Kapakl\u0131 i\u00e7in \u201cK\u00fc\u00e7\u00fck T\u00fcrkiye\u201d diyebiliriz. \u00c7\u00fcnk\u00fc Kapakl\u0131, T\u00fcrkiye&#8217;nin her bir b\u00f6lgesinden g\u00f6\u00e7 alan ve geli\u015fime a\u00e7\u0131k olan bir il\u00e7e. Buna ra\u011fmen yerinde sayan, hatta baz\u0131 k\u0131s\u0131mlarda \u00e7a\u011f\u0131n bile gerisinde kalan k\u00f6y misali bir Kapakl\u0131 g\u00f6r\u00fcyoruz. Halk\u0131n mevcut belediyeden memnun olmad\u0131\u011f\u0131 ortada. Mevcut belediyenin halktan uzak ve hizmet k\u00fclt\u00fcr\u00fcne yabanc\u0131 oldu\u011fu bir ger\u00e7ek. 14 Mahallemize e\u015fit ve adil hizmet sunaca\u011f\u0131z. \u0130sraf\u0131 kesinlikle \u00f6nleyece\u011fiz. \u00d6nce kendimden ba\u015flayaca\u011f\u0131m. Kendi arac\u0131m\u0131 belediye arac\u0131 olarak kullanaca\u011f\u0131m. Belediyenin olanaklar\u0131n\u0131 halk i\u00e7in kullanaca\u011f\u0131z. \u00c7\u00fcnk\u00fc biz Cumhuriyet Halk Partiliyiz. Edirne\u2019den Kars\u2019a, Mara\u015f\u2019tan Samsun\u2019a yerlisiyle, g\u00f6\u00e7meniyle birlikte olaca\u011f\u0131z. Halk\u0131n deste\u011fini alarak zaferle ayr\u0131laca\u011f\u0131z. Kapakl\u0131 Belediyesi\u2019ni Cumhuriyet Halk Parti\u2019mize geri kazand\u0131raca\u011f\u0131z, buna \u015f\u00fcphemiz yok\u201d dedi.\u00a0<\/span><\/p>\n<p>\u00a0<\/p>\n<p><span class=\"text-big\"><strong>\u201cKAPAKLI&#8217;NIN SORUNLARININ \u00dcSTES\u0130NDEN GELECE\u011e\u0130Z\u201d<\/strong><\/span><\/p>\n<p>\u00a0<\/p>\n<p><span class=\"text-big\">\u0130rfan Mandal\u0131 program da yapt\u0131\u011f\u0131 konu\u015fmada \u201cCumhuriyet Halk Partisi olarak se\u00e7imi kazanaca\u011f\u0131m\u0131za inanc\u0131m tamd\u0131r. Aday\u0131m\u0131z kim olursa olsun hep birlikte \u00e7al\u0131\u015faca\u011f\u0131z. Kapakl\u0131\u2019da inan\u00e7l\u0131y\u0131z. Beraber y\u00fcr\u00fcyece\u011fiz. Genel merkezimiz nas\u0131l uygun g\u00f6r\u00fcrse birlikte kazanaca\u011f\u0131z ve belediyeyi geri alaca\u011f\u0131z\u201d ifadelerini kullan\u0131rken, \u0130smail \u00c7elebi de \u201cKapakl\u0131&#8217;y\u0131 5 ayd\u0131r geziyorum. Halk\u0131m\u0131z\u0131n, esnaf\u0131m\u0131z\u0131n sorunlar\u0131n\u0131 dinledim, dinlemeye devam ediyorum. Kapakl\u0131&#8217;n\u0131n b\u00fcy\u00fck sorunlar\u0131 var. Kre\u015f sorunu var, okul sorunu var, sa\u011fl\u0131k oca\u011f\u0131, hastane gibi bir\u00e7ok \u00f6rnek sayabiliriz. Biz, halk\u00e7\u0131 belediyecilik anlay\u0131\u015f\u0131 ile Cumhuriyet Halk Partisi \u00f6rg\u00fct\u00fcyle birlikte, Kapakl\u0131&#8217;n\u0131n sorunlar\u0131n\u0131n \u00fcstesinden gelece\u011fiz. Kapakl\u0131&#8217;y\u0131 k\u00f6y anlay\u0131\u015f\u0131ndan kurtarmak ve ya\u015fanabilir bir kent yapmak i\u00e7in, sosyal ve k\u00fclt\u00fcrel alanlar\u0131 olan, insan odakl\u0131, ilkeli, d\u00fcr\u00fcst, \u015feffaf bir belediyecilik i\u00e7in, Belediye Ba\u015fkan Aday Aday\u0131y\u0131m\u201d diye konu\u015ftu.\u00a0<\/span><\/p>\n<p>\u00a0<\/p>\n<p><span class=\"text-big\"><strong>\u201cB\u0130Z\u0130M EN DE\u011eERL\u0130 VARLI\u011eIMIZ G\u00dcVEN OLACAK\u201d<\/strong><\/span><\/p>\n<p>\u00a0<\/p>\n<p><span class=\"text-big\">Kenan A\u015fer de \u201cHepimiz Kapakl\u0131&#8217;n\u0131n gelece\u011fi, Kapakl\u0131&#8217;n\u0131n de\u011fi\u015fimi i\u00e7in buraday\u0131z. Bu y\u00fczden \u00fczerinde durmam\u0131z gereken en \u00f6nemli konu Kapakl\u0131&#8217;n\u0131n tekrar kazan\u0131lmas\u0131 gerekti\u011fidir. Bu ama\u00e7la bir araya gelerek dayan\u0131\u015fma i\u00e7inde hareket edece\u011fim. \u015eartlar ne olursa olsun, partimiz i\u00e7in, Cumhuriyetimiz i\u00e7in \u00fclkemiz i\u00e7in, m\u00fccadele edece\u011fim. Belirlenen aday\u0131m\u0131z ile birlikte Kapakl\u0131&#8217;y\u0131 kazanmak i\u00e7in sonuna kadar y\u00fcr\u00fcyece\u011fim. \u00c7\u00fcnk\u00fc Kapakl\u0131, hepimiz Kapakl\u0131&#8217;s\u0131. Cumhuriyetimizin Kurucusu Atat\u00fcrk&#8217;\u00fcn izinde Kapakl\u0131&#8217;y\u0131 partimize tekrar kazand\u0131rmak ve halk\u0131m\u0131za adil bir hizmet sunmak i\u00e7in var g\u00fcc\u00fcmle \u00e7al\u0131\u015faca\u011f\u0131m. Bizim en de\u011ferli varl\u0131\u011f\u0131m\u0131z g\u00fcven olacak. Halk\u0131n g\u00fcven duydu\u011fu bir belediyecilik in\u015fa etmek i\u00e7in \u00f6nce birbirimize g\u00fcvenip Kapakl\u0131&#8217;y\u0131 kazanmam\u0131z gerekiyor\u201d dedi.\u00a0<\/span><\/p>\n<p>\u00a0<\/p>\n<p><span class=\"text-big\"><strong>\u201cKAPAKLI&#8217;DA ORTAK AKLI HAK\u0130M KILACA\u011eIZ\u201d<\/strong><\/span><\/p>\n<p>\u00a0<\/p>\n<p><span class=\"text-big\">Program K\u0131van\u00e7 Ta\u015faras\u0131\u2019n\u0131n konu\u015fmas\u0131yla devam etti. Kapakl\u0131 i\u00e7in ve Kapakl\u0131&#8217;ya yeniden sosyal demokrat belediyecili\u011fi getirmek i\u00e7in aday adayl\u0131\u011f\u0131n\u0131 a\u00e7\u0131klad\u0131\u011f\u0131n\u0131 s\u00f6yleyen Ta\u015faras\u0131, \u201cKapakl\u0131&#8217;n\u0131n sorunlar\u0131 \u00e7ok. \u00d6zellikle sosyal alanlar\u0131n\u0131n olmamas\u0131, otopark sorunlar\u0131, ula\u015f\u0131m sorunlar\u0131, kentle\u015fme sorunlar\u0131 y\u0131\u011f\u0131lm\u0131\u015f, \u00e7\u00f6z\u00fclmesi i\u00e7in bizi bekliyor. \u0130nan\u0131n t\u00fcm sorunlar\u0131 sizlerle birlikte tespit edece\u011fiz ve \u00e7\u00f6z\u00fcmleri de birlikte hayata ge\u00e7irece\u011fiz. Kapakl\u0131&#8217;da ortak akl\u0131 hakim k\u0131laca\u011f\u0131z. Sen-ben demeden, herkesi kucaklayarak modern, ya\u015fanabilir, kentle\u015fmesini tamamlam\u0131\u015f, mutlu \u00e7ocuklar\u0131n kahkahalar\u0131n\u0131n duyuldu\u011fu bir Kapakl\u0131&#8217;y\u0131 hep birlikte hayata ge\u00e7irece\u011fiz\u201d ifadelerini kulland\u0131.\u00a0<\/span><\/p>\n<p>\u00a0<\/p>\n<p><span class=\"text-big\"><strong>\u201cH\u0130\u00c7B\u0130R AYRIM G\u00d6ZETMEKS\u0130Z\u0130N KUCAKLAYACA\u011eIZ\u201d<\/strong><\/span><\/p>\n<p>\u00a0<\/p>\n<p><span class=\"text-big\">\u00d6zkan Y\u00fccel de yapt\u0131\u011f\u0131 konu\u015fmada \u201cBilinmeyen biri olarak de\u011fil, ge\u00e7mi\u015f belediye ba\u015fkanl\u0131\u011f\u0131 tecr\u00fcbem ile b\u00f6lmeden, ayr\u0131\u015ft\u0131rmadan, sevgiyle herkese hizmet etmi\u015f bir belediye ba\u015fkan\u0131 olarak ge\u00e7mi\u015ften bug\u00fcne edindi\u011fim bilgi, birikim, deneyim ve tecr\u00fcbelerimi g\u00fczel il\u00e7emize aktarmak i\u00e7in yola \u00e7\u0131kt\u0131m. Kaybedilen belediye ba\u015fkanl\u0131\u011f\u0131n\u0131 yeniden, g\u00fc\u00e7l\u00fc bir \u015fekilde hizmetlerin en g\u00fczelini hak eden Kapakl\u0131 halk\u0131yla Cumhuriyet Halk Partisi Bayra\u011f\u0131 alt\u0131nda bulu\u015fturmak \u00fczere Kapakl\u0131 Belediye ba\u015fkan aday aday\u0131 oldum. 81 ilden ve balkanlardan gelen vatanda\u015flar\u0131m\u0131z\u0131, birlik, beraberlik ve karde\u015fli\u011fimizi peki\u015ftirerek hi\u00e7bir ayr\u0131m g\u00f6zetmeksizin kucaklayaca\u011f\u0131z. Ayr\u0131\u015ft\u0131ran de\u011fil birle\u015ftiren, \u00f6tekile\u015ftiren de\u011fil b\u00fct\u00fcnle\u015ftiren, kavga ettiren de\u011fil bar\u0131\u015ft\u0131ran, problem \u00fcreten de\u011fil \u00e7\u00f6z\u00fcm \u00fcreten, samimiyetsiz de\u011fil candan olaca\u011f\u0131z. Cumhuriyet Halk Partisi Bayra\u011f\u0131 alt\u0131nda Sosyal Demokrat belediyecilik anlay\u0131\u015f\u0131yla, Gen\u00e7lik, yenilik\u00e7ilik, ekonomik adalet ve toplumsal haklar gibi konularda g\u00fc\u00e7l\u00fc ve kararl\u0131 bir duru\u015f sergileyece\u011fiz. Kapakl\u0131\u2019da mevcut y\u00f6netim taraf\u0131ndan israf edilen kaynaklar\u0131 etkin bir vizyon \u00e7er\u00e7evesinde Kapakl\u0131 halk\u0131n\u0131n hizmetine sunaca\u011f\u0131z\u201d dedi.\u00a0<\/span><\/p>\n<p>\u00a0<\/p>\n<p><span class=\"text-big\"><strong>\u201cYA KAZANACA\u011eIZ YA KAZANACA\u011eIZ\u201d<\/strong><\/span><\/p>\n<p>\u00a0<\/p>\n<p><span class=\"text-big\">\u00d6zkan Y\u00fccel\u2019in ard\u0131ndan son konu\u015fmas\u0131n\u0131 Se\u00e7kin Dilsiz yapt\u0131. Dilsiz, \u201cCumhuriyet Halk Partimizde yap\u0131lan b\u00fcy\u00fck kurultay sonras\u0131nda Genel Ba\u015fkan\u0131m\u0131z \u00d6zg\u00fcr \u00d6zel \u00f6nderli\u011finde \u00fclkemizin her noktas\u0131nda yerel y\u00f6netimlerde iktidar olma seferberli\u011fi ilan edilmi\u015ftir. Ben de bu de\u011fi\u015fimi kendime felsefe edinerek aday aday\u0131 olarak yola \u00e7\u0131kt\u0131m. K\u00fc\u00e7\u00fck hesaplar, k\u00fc\u00e7\u00fck h\u0131rslar i\u00e7in de\u011fil b\u00fcy\u00fck hedefler i\u00e7in yola \u00e7\u0131kt\u0131m. Kapakl\u0131\u2019da tekrar Cumhuriyet Halk Partisi bayra\u011f\u0131n\u0131 dalgaland\u0131rmak, sosyal demokrat belediyecilikle tan\u0131\u015ft\u0131rmak ad\u0131na kar\u015f\u0131n\u0131zday\u0131m. \u00c7ok \u00e7al\u0131\u015faca\u011f\u0131z, ben olmayaca\u011f\u0131z, biz olaca\u011f\u0131z. \u00c7ok yorulaca\u011f\u0131z. El ele, kol kola, omuz omuza ya kazanaca\u011f\u0131z, ya kazanaca\u011f\u0131z, ya kazanaca\u011f\u0131z\u201d dedi. Dilsiz\u2019in konu\u015fmas\u0131n\u0131n ard\u0131ndan program, \u00e7ekili\u015fin yap\u0131lmas\u0131 ile son buldu.<\/span><\/p>\n<p>\u00a0<\/p>\n<p><span class=\"text-big\"><strong>Haber \/ G\u00fclveren ALTUNO\u011eLU<\/strong><\/span><\/p>\n<\/p><\/div>\n<p>[ad_2]<br \/>\n<br \/><a href=\"https:\/\/www.marmarahaber.com.tr\/haber\/chpliler_dayanisma_gecesinde_bir_araya_geldi-86528.html\">Source link <\/a><\/p>\n","protected":false},"excerpt":{"rendered":"<p>[ad_1] Pazar g\u00fcn\u00fc saat 19.30\u2019da Kapakl\u0131 Atat\u00fcrk K\u00fclt\u00fcr Merkezi\u2019nde d\u00fczenlenen programa CHP Tekirda\u011f \u0130l Ba\u015fkan\u0131 \u00d6zg\u00fcr Ta\u015fmerdivenli, CHP Kapakl\u0131 il\u00e7e Ba\u015fkan\u0131 Emir Tarcan, il ve il\u00e7e y\u00f6netim kurulu \u00fcyeleri, CHP Kapakl\u0131 Kad\u0131n Kollar\u0131 Ba\u015fkan\u0131 Duygu Kuru, CHP Kapakl\u0131 Gen\u00e7lik Kollar\u0131 Ba\u015fkan\u0131 Ahmet Samet I\u015f\u0131k, Kapakl\u0131 Halk\u00e7\u0131 Liseler Ba\u015fkan\u0131 Pelin Uzun, Tekirda\u011f B\u00fcy\u00fck\u015fehir Belediye Ba\u015fkan\u0131 ve [&hellip;]<\/p>\n","protected":false},"author":1,"featured_media":3989,"comment_status":"open","ping_status":"open","sticky":false,"template":"","format":"standard","meta":{"footnotes":""},"categories":[10],"tags":[],"class_list":["post-3988","post","type-post","status-publish","format-standard","has-post-thumbnail","hentry","category-gundem"],"_links":{"self":[{"href":"https:\/\/habermarmaratv.com\/index.php\/wp-json\/wp\/v2\/posts\/3988","targetHints":{"allow":["GET"]}}],"collection":[{"href":"https:\/\/habermarmaratv.com\/index.php\/wp-json\/wp\/v2\/posts"}],"about":[{"href":"https:\/\/habermarmaratv.com\/index.php\/wp-json\/wp\/v2\/types\/post"}],"author":[{"embeddable":true,"href":"https:\/\/habermarmaratv.com\/index.php\/wp-json\/wp\/v2\/users\/1"}],"replies":[{"embeddable":true,"href":"https:\/\/habermarmaratv.com\/index.php\/wp-json\/wp\/v2\/comments?post=3988"}],"version-history":[{"count":0,"href":"https:\/\/habermarmaratv.com\/index.php\/wp-json\/wp\/v2\/posts\/3988\/revisions"}],"wp:featuredmedia":[{"embeddable":true,"href":"https:\/\/habermarmaratv.com\/index.php\/wp-json\/wp\/v2\/media\/3989"}],"wp:attachment":[{"href":"https:\/\/habermarmaratv.com\/index.php\/wp-json\/wp\/v2\/media?parent=3988"}],"wp:term":[{"taxonomy":"category","embeddable":true,"href":"https:\/\/habermarmaratv.com\/index.php\/wp-json\/wp\/v2\/categories?post=3988"},{"taxonomy":"post_tag","embeddable":true,"href":"https:\/\/habermarmaratv.com\/index.php\/wp-json\/wp\/v2\/tags?post=3988"}],"curies":[{"name":"wp","href":"https:\/\/api.w.org\/{rel}","templated":true}]}}