{"id":3982,"date":"2023-12-20T00:51:14","date_gmt":"2023-12-19T21:51:14","guid":{"rendered":"https:\/\/habermarmaratv.com\/index.php\/2023\/12\/20\/yeni-yil-alisveris-festivali-basliyor\/"},"modified":"2023-12-20T00:51:14","modified_gmt":"2023-12-19T21:51:14","slug":"yeni-yil-alisveris-festivali-basliyor","status":"publish","type":"post","link":"https:\/\/habermarmaratv.com\/index.php\/2023\/12\/20\/yeni-yil-alisveris-festivali-basliyor\/","title":{"rendered":"Yeni Y\u0131l Al\u0131\u015fveri\u015f Festivali ba\u015fl\u0131yor"},"content":{"rendered":"<p> [ad_1]<br \/>\n<br \/><img decoding=\"async\" src=\"https:\/\/www.marmarahaber.com.tr\/resimler\/2023-12\/19\/273631142808998.webp\" \/><\/p>\n<div id=\"detaymetin\">\n<p><span class=\"text-big\">2023 y\u0131l\u0131n\u0131n bitmesine say\u0131l\u0131 g\u00fcnler kala Edirne Belediyesi\u2019nin yeni y\u0131l haz\u0131rl\u0131klar\u0131 devam ediyor. \u015eehrin bir\u00e7ok noktas\u0131n\u0131n yeni y\u0131l temas\u0131yla s\u00fcslenmesinin ard\u0131ndan son y\u0131llarda d\u00fczenlenen, yerli ve yabanc\u0131 ziyaret\u00e7ilerin yo\u011fun ilgisiyle kar\u015f\u0131lanan Yeni Y\u0131l Al\u0131\u015fveri\u015f Festivali, 22 Aral\u0131k Cuma saat 11.00\u2019deki a\u00e7\u0131l\u0131\u015f t\u00f6reni ile Edirneliler ile bulu\u015fuyor.<\/span><\/p>\n<p>\u00a0<\/p>\n<p><span class=\"text-big\"><strong>31 ARALIK\u2019A KADAR A\u00c7IK KALACAK\u00a0<\/strong><\/span><\/p>\n<p>\u00a0<\/p>\n<p><span class=\"text-big\">Edirne Belediyesi Kad\u0131n ve Aile Hizmetleri M\u00fcd\u00fcrl\u00fc\u011f\u00fc\u2019n\u00fcn organizasyonuyla d\u00fczenlenecek festivalde, Edirne Belediyesi T\u00fcrk K\u00fclt\u00fcr\u00fc El Sanatlar\u0131 \u00dcretim ve Geli\u015ftirme Merkezi, Edirne Kent Konseyi Kad\u0131n Meclisi, \u00dcretici Kad\u0131nlar Pazar\u0131, Emek Pazar\u0131 ve Antika Pazar\u0131\u2019n\u0131n yetenekli kad\u0131nlar\u0131 taraf\u0131ndan \u00fcretilen e\u015fsiz el eme\u011fi \u00fcr\u00fcnler, el yap\u0131m\u0131 tak\u0131lar, \u00f6zel tasar\u0131m hediyelikler ve \u00e7ok daha fazlas\u0131n\u0131n yer alacak. Yeni Y\u0131l Al\u0131\u015fveri\u015f Festivali\u2019nin renkli stantlar\u0131 31 Aral\u0131k Pazar g\u00fcn\u00fcne kadar ziyaret\u00e7ilerini bekliyor olacak.<\/span><\/p>\n<p>\u00a0<\/p>\n<p><span class=\"text-big\"><strong>\u201cKADINLARIMIZIN \u00d6ZVER\u0130L\u0130 EME\u011e\u0130YLE \u015eEK\u0130LLEN\u0130YOR\u201d<\/strong><\/span><\/p>\n<p>\u00a0<\/p>\n<p><span class=\"text-big\">Yeni Y\u0131l Al\u0131\u015fveri\u015f Festivali\u2019nin bir kez daha Edirneliler ile bulu\u015faca\u011f\u0131n\u0131 belirten Edirne Belediye Ba\u015fkan\u0131 Recep G\u00fcrkan, \u201cD\u00fcnya \u00fczerinde g\u00f6rd\u00fc\u011f\u00fcm\u00fcz her \u015fey kad\u0131n\u0131n eseridir, diyen Ulu \u00d6nderimiz Mustafa Kemal Atat\u00fcrk\u2019\u00fcn s\u00f6z\u00fcn\u00fc referans ald\u0131k, kad\u0131nlar\u0131m\u0131z\u0131 her konuda destekledik, desteklemeye de devam edece\u011fiz. K\u0131ymetli kad\u0131nlar\u0131m\u0131z\u0131n el eme\u011fini bir kez daha sizlerle bulu\u015fturuyoruz. Buradaki stantlar\u0131m\u0131zda g\u00f6rece\u011finiz her bir \u00fcr\u00fcn, kad\u0131nlar\u0131m\u0131z\u0131n \u00f6zverili eme\u011fiyle \u015fekilleniyor. Sizler bu festivalde sadece al\u0131\u015fveri\u015f yapmakla kalmayacak, ayn\u0131 zamanda \u015fehrimizin g\u00fc\u00e7l\u00fc ve yarat\u0131c\u0131 kad\u0131nlar\u0131yla tan\u0131\u015fma f\u0131rsat\u0131 bulacak, onlar\u0131n ev ekonomisine katk\u0131 sa\u011flam\u0131\u015f olacaks\u0131n\u0131z. 22 Aral\u0131k Cuma Saat:11.00\u2019deki a\u00e7\u0131l\u0131\u015f t\u00f6reni ile ba\u015flayacak ve 31 Aral\u0131k g\u00fcn\u00fcne kadar ziyaret\u00e7ilerini bekleyecek olan festivalimize t\u00fcm halk\u0131m\u0131z\u0131n kat\u0131l\u0131m\u0131n\u0131 bekliyor, sizleri hep birlikte yeni y\u0131l\u0131 co\u015fkuyla kar\u015f\u0131lamaya davet ediyorum\u201d dedi.<\/span><\/p>\n<p>\u00a0<\/p>\n<p><span class=\"text-big\"><strong>Haber \/ Mehmet Burak TEKE\u015e\u00a0<\/strong><\/span><\/p>\n<\/p><\/div>\n<p>[ad_2]<br \/>\n<br \/><a href=\"https:\/\/www.marmarahaber.com.tr\/haber\/yeni_yil_alisveris_festivali_basliyor-86532.html\">Source link <\/a><\/p>\n","protected":false},"excerpt":{"rendered":"<p>[ad_1] 2023 y\u0131l\u0131n\u0131n bitmesine say\u0131l\u0131 g\u00fcnler kala Edirne Belediyesi\u2019nin yeni y\u0131l haz\u0131rl\u0131klar\u0131 devam ediyor. \u015eehrin bir\u00e7ok noktas\u0131n\u0131n yeni y\u0131l temas\u0131yla s\u00fcslenmesinin ard\u0131ndan son y\u0131llarda d\u00fczenlenen, yerli ve yabanc\u0131 ziyaret\u00e7ilerin yo\u011fun ilgisiyle kar\u015f\u0131lanan Yeni Y\u0131l Al\u0131\u015fveri\u015f Festivali, 22 Aral\u0131k Cuma saat 11.00\u2019deki a\u00e7\u0131l\u0131\u015f t\u00f6reni ile Edirneliler ile bulu\u015fuyor. \u00a0 31 ARALIK\u2019A KADAR A\u00c7IK KALACAK\u00a0 \u00a0 Edirne [&hellip;]<\/p>\n","protected":false},"author":1,"featured_media":3983,"comment_status":"open","ping_status":"open","sticky":false,"template":"","format":"standard","meta":{"footnotes":""},"categories":[10],"tags":[],"class_list":["post-3982","post","type-post","status-publish","format-standard","has-post-thumbnail","hentry","category-gundem"],"_links":{"self":[{"href":"https:\/\/habermarmaratv.com\/index.php\/wp-json\/wp\/v2\/posts\/3982","targetHints":{"allow":["GET"]}}],"collection":[{"href":"https:\/\/habermarmaratv.com\/index.php\/wp-json\/wp\/v2\/posts"}],"about":[{"href":"https:\/\/habermarmaratv.com\/index.php\/wp-json\/wp\/v2\/types\/post"}],"author":[{"embeddable":true,"href":"https:\/\/habermarmaratv.com\/index.php\/wp-json\/wp\/v2\/users\/1"}],"replies":[{"embeddable":true,"href":"https:\/\/habermarmaratv.com\/index.php\/wp-json\/wp\/v2\/comments?post=3982"}],"version-history":[{"count":0,"href":"https:\/\/habermarmaratv.com\/index.php\/wp-json\/wp\/v2\/posts\/3982\/revisions"}],"wp:featuredmedia":[{"embeddable":true,"href":"https:\/\/habermarmaratv.com\/index.php\/wp-json\/wp\/v2\/media\/3983"}],"wp:attachment":[{"href":"https:\/\/habermarmaratv.com\/index.php\/wp-json\/wp\/v2\/media?parent=3982"}],"wp:term":[{"taxonomy":"category","embeddable":true,"href":"https:\/\/habermarmaratv.com\/index.php\/wp-json\/wp\/v2\/categories?post=3982"},{"taxonomy":"post_tag","embeddable":true,"href":"https:\/\/habermarmaratv.com\/index.php\/wp-json\/wp\/v2\/tags?post=3982"}],"curies":[{"name":"wp","href":"https:\/\/api.w.org\/{rel}","templated":true}]}}