{"id":3980,"date":"2023-12-19T23:41:24","date_gmt":"2023-12-19T20:41:24","guid":{"rendered":"https:\/\/habermarmaratv.com\/index.php\/2023\/12\/19\/9-teror-orgutu-uyesi-tutuklandi\/"},"modified":"2023-12-19T23:41:24","modified_gmt":"2023-12-19T20:41:24","slug":"9-teror-orgutu-uyesi-tutuklandi","status":"publish","type":"post","link":"https:\/\/habermarmaratv.com\/index.php\/2023\/12\/19\/9-teror-orgutu-uyesi-tutuklandi\/","title":{"rendered":"9 ter\u00f6r \u00f6rg\u00fct\u00fc \u00fcyesi tutukland\u0131"},"content":{"rendered":"<p> [ad_1]<br \/>\n<br \/><img decoding=\"async\" src=\"https:\/\/www.marmarahaber.com.tr\/resimler\/2023-12\/19\/3282180367437.webp\" \/><\/p>\n<div id=\"detaymetin\">\n<p><span class=\"text-big\">Edirne \u0130l Jandarma Komutanl\u0131\u011f\u0131 ekipleri taraf\u0131ndan y\u00fcr\u00fct\u00fclen \u00e7al\u0131\u015fmalar kapsam\u0131nda, s\u0131n\u0131rdan Yunanistan&#8217;a ka\u00e7maya \u00e7al\u0131\u015fan 10 \u015f\u00fcpheli yakaland\u0131.<\/span><\/p>\n<p>\u00a0<\/p>\n<p><span class=\"text-big\"><strong>1 \u015e\u00dcPHEL\u0130 SERBEST BIRAKILDI<\/strong><\/span><\/p>\n<p>\u00a0<\/p>\n<p><span class=\"text-big\">Askeri yasak b\u00f6lgede yakalanan zanl\u0131lardan 9&#8217;unun fet\u00f6, birinin de ter\u00f6r \u00f6rg\u00fct\u00fc pkk \u00fcyeli\u011finden arand\u0131\u011f\u0131 belirlendi. \u0130\u015flemlerinin ard\u0131ndan adliyeye sevk edilen \u015f\u00fcphelilerden 9&#8217;u \u00e7\u0131kar\u0131ld\u0131\u011f\u0131 mahkeme taraf\u0131ndan tutuklanarak cezaevine konulurken, 1 \u015f\u00fcpheli ise adli kontrol \u015fart\u0131yla serbest b\u0131rak\u0131ld\u0131.<\/span><\/p>\n<p>\u00a0<\/p>\n<p><span class=\"text-big\"><strong>AA<\/strong><\/span><\/p>\n<\/p><\/div>\n<p>[ad_2]<br \/>\n<br \/><a href=\"https:\/\/www.marmarahaber.com.tr\/haber\/9_teror_orgutu_uyesi_tutuklandi-86533.html\">Source link <\/a><\/p>\n","protected":false},"excerpt":{"rendered":"<p>[ad_1] Edirne \u0130l Jandarma Komutanl\u0131\u011f\u0131 ekipleri taraf\u0131ndan y\u00fcr\u00fct\u00fclen \u00e7al\u0131\u015fmalar kapsam\u0131nda, s\u0131n\u0131rdan Yunanistan&#8217;a ka\u00e7maya \u00e7al\u0131\u015fan 10 \u015f\u00fcpheli yakaland\u0131. \u00a0 1 \u015e\u00dcPHEL\u0130 SERBEST BIRAKILDI \u00a0 Askeri yasak b\u00f6lgede yakalanan zanl\u0131lardan 9&#8217;unun fet\u00f6, birinin de ter\u00f6r \u00f6rg\u00fct\u00fc pkk \u00fcyeli\u011finden arand\u0131\u011f\u0131 belirlendi. \u0130\u015flemlerinin ard\u0131ndan adliyeye sevk edilen \u015f\u00fcphelilerden 9&#8217;u \u00e7\u0131kar\u0131ld\u0131\u011f\u0131 mahkeme taraf\u0131ndan tutuklanarak cezaevine konulurken, 1 \u015f\u00fcpheli ise adli [&hellip;]<\/p>\n","protected":false},"author":1,"featured_media":3981,"comment_status":"open","ping_status":"open","sticky":false,"template":"","format":"standard","meta":{"footnotes":""},"categories":[10],"tags":[],"class_list":["post-3980","post","type-post","status-publish","format-standard","has-post-thumbnail","hentry","category-gundem"],"_links":{"self":[{"href":"https:\/\/habermarmaratv.com\/index.php\/wp-json\/wp\/v2\/posts\/3980","targetHints":{"allow":["GET"]}}],"collection":[{"href":"https:\/\/habermarmaratv.com\/index.php\/wp-json\/wp\/v2\/posts"}],"about":[{"href":"https:\/\/habermarmaratv.com\/index.php\/wp-json\/wp\/v2\/types\/post"}],"author":[{"embeddable":true,"href":"https:\/\/habermarmaratv.com\/index.php\/wp-json\/wp\/v2\/users\/1"}],"replies":[{"embeddable":true,"href":"https:\/\/habermarmaratv.com\/index.php\/wp-json\/wp\/v2\/comments?post=3980"}],"version-history":[{"count":0,"href":"https:\/\/habermarmaratv.com\/index.php\/wp-json\/wp\/v2\/posts\/3980\/revisions"}],"wp:featuredmedia":[{"embeddable":true,"href":"https:\/\/habermarmaratv.com\/index.php\/wp-json\/wp\/v2\/media\/3981"}],"wp:attachment":[{"href":"https:\/\/habermarmaratv.com\/index.php\/wp-json\/wp\/v2\/media?parent=3980"}],"wp:term":[{"taxonomy":"category","embeddable":true,"href":"https:\/\/habermarmaratv.com\/index.php\/wp-json\/wp\/v2\/categories?post=3980"},{"taxonomy":"post_tag","embeddable":true,"href":"https:\/\/habermarmaratv.com\/index.php\/wp-json\/wp\/v2\/tags?post=3980"}],"curies":[{"name":"wp","href":"https:\/\/api.w.org\/{rel}","templated":true}]}}