{"id":3976,"date":"2023-12-19T21:21:59","date_gmt":"2023-12-19T18:21:59","guid":{"rendered":"https:\/\/habermarmaratv.com\/index.php\/2023\/12\/19\/enkazda-ileri-seviye-arama-ve-kurtarma-tatbikati-yapildi\/"},"modified":"2023-12-19T21:21:59","modified_gmt":"2023-12-19T18:21:59","slug":"enkazda-ileri-seviye-arama-ve-kurtarma-tatbikati-yapildi","status":"publish","type":"post","link":"https:\/\/habermarmaratv.com\/index.php\/2023\/12\/19\/enkazda-ileri-seviye-arama-ve-kurtarma-tatbikati-yapildi\/","title":{"rendered":"Enkazda \u0130leri Seviye Arama ve Kurtarma Tatbikat\u0131 yap\u0131ld\u0131"},"content":{"rendered":"<p> [ad_1]<br \/>\n<\/p>\n<div id=\"detaymetin\">\n<p><span class=\"text-big\">S\u00fcleymanpa\u015fa Belediyesi \u00e7al\u0131\u015fanlar\u0131ndan olu\u015fturulan ve arama kurtarma konusunda AFAD ekiplerinden \u00f6zel e\u011fitimler alarak donan\u0131ml\u0131 hale getirilen birim, deprem ve di\u011fer afetlere kar\u015f\u0131 tatbikatlar yapmaya devam ediyor.\u00a0<\/span><\/p>\n<p>\u00a0<\/p>\n<p><span class=\"text-big\"><strong>UZUNLAR DA \u0130ZLED\u0130\u00a0<\/strong><\/span><\/p>\n<p>\u00a0<\/p>\n<p><span class=\"text-big\">Belediye Afet \u0130\u015fleri M\u00fcd\u00fcr\u00fc Turgut \u00dcnsal&#8217;\u0131n koordinesinde AFAD M\u00fcd\u00fcrl\u00fc\u011f\u00fc bah\u00e7esinde rutin olarak Enkazda \u0130leri Seviye Arama ve Kurtarma Tatbikat\u0131 yap\u0131ld\u0131. Ekipler, enkazda ileri seviye arama kurtarma temal\u0131 tatbikat ve akredite s\u0131nav\u0131na haz\u0131rl\u0131k \u00e7al\u0131\u015fmalar\u0131 yapt\u0131. S\u00fcleymanpa\u015fa Belediye Ba\u015fkan\u0131 H\u00fcseyin Uzunlar da tatbikat\u0131 izledi, hedefleri ba\u015far\u0131yla yerine getiren personeli tebrik etti.<\/span><\/p>\n<p>\u00a0<\/p>\n<p>\u00a0<\/p>\n<figure class=\"image\"><img decoding=\"async\" src=\"https:\/\/www.marmarahaber.com.tr\/resimler\/2023-12\/19\/5950767903497.webp\"\/><\/figure>\n<p>\u00a0<\/p>\n<p>\u00a0<\/p>\n<p><span class=\"text-big\"><strong>\u201cS\u00dcLEYMANPA\u015eAMIZ \u0130\u00c7\u0130N B\u00dcY\u00dcK B\u0130R G\u00dcVENCE\u201d<\/strong><\/span><\/p>\n<p>\u00a0<\/p>\n<p><span class=\"text-big\">Ekibin \u00e7al\u0131\u015fmalar\u0131n\u0131 yak\u0131ndan takip etti\u011fini aktaran Uzunlar, &#8221; S\u00fcleymanpa\u015fa Belediyesi Arama Kurtarma (SPAK) Birimimizin ger\u00e7ekle\u015ftirdi\u011fi, Afet \u0130\u015fleri M\u00fcd\u00fcr\u00fcm\u00fcz Say\u0131n Turgut \u00dcnsal&#8217;\u0131n koordinesinde y\u00fcr\u00fct\u00fclen tatbikat\u0131 izleyerek bilgi ald\u0131m. Ekiplerimizin sahadaki beceri ve koordinasyonu, her t\u00fcrl\u00fc zorlu duruma kar\u015f\u0131 haz\u0131rl\u0131kl\u0131 oldu\u011fumuzu g\u00f6steriyor. Arama ve kurtarma operasyonlar\u0131n\u0131 ustal\u0131kla tamamlayan arkada\u015flar\u0131m\u0131z\u0131 tebrik ediyorum. SPAK ekiplerimizin profesyonelli\u011fi, S\u00fcleymanpa\u015fam\u0131z i\u00e7in b\u00fcy\u00fck bir g\u00fcvence. G\u00fcvenli ve huzurlu bir S\u00fcleymanpa\u015fa i\u00e7in gece g\u00fcnd\u00fcz \u00e7al\u0131\u015fmaya devam edece\u011fiz\u201d ifadelerini kulland\u0131.\u00a0<\/span><\/p>\n<p>\u00a0<\/p>\n<p><span class=\"text-big\"><strong>Haber \/ \u0130rem BAN\u00c7O \u00a0<\/strong><\/span><\/p>\n<\/p><\/div>\n<p>[ad_2]<br \/>\n<br \/><a href=\"https:\/\/www.marmarahaber.com.tr\/haber\/enkazda_ileri_seviye_arama_ve_kurtarma_tatbikati_yapildi-86535.html\">Source link <\/a><\/p>\n","protected":false},"excerpt":{"rendered":"<p>[ad_1] S\u00fcleymanpa\u015fa Belediyesi \u00e7al\u0131\u015fanlar\u0131ndan olu\u015fturulan ve arama kurtarma konusunda AFAD ekiplerinden \u00f6zel e\u011fitimler alarak donan\u0131ml\u0131 hale getirilen birim, deprem ve di\u011fer afetlere kar\u015f\u0131 tatbikatlar yapmaya devam ediyor.\u00a0 \u00a0 UZUNLAR DA \u0130ZLED\u0130\u00a0 \u00a0 Belediye Afet \u0130\u015fleri M\u00fcd\u00fcr\u00fc Turgut \u00dcnsal&#8217;\u0131n koordinesinde AFAD M\u00fcd\u00fcrl\u00fc\u011f\u00fc bah\u00e7esinde rutin olarak Enkazda \u0130leri Seviye Arama ve Kurtarma Tatbikat\u0131 yap\u0131ld\u0131. Ekipler, enkazda ileri [&hellip;]<\/p>\n","protected":false},"author":1,"featured_media":3977,"comment_status":"open","ping_status":"open","sticky":false,"template":"","format":"standard","meta":{"footnotes":""},"categories":[10],"tags":[],"class_list":["post-3976","post","type-post","status-publish","format-standard","has-post-thumbnail","hentry","category-gundem"],"_links":{"self":[{"href":"https:\/\/habermarmaratv.com\/index.php\/wp-json\/wp\/v2\/posts\/3976","targetHints":{"allow":["GET"]}}],"collection":[{"href":"https:\/\/habermarmaratv.com\/index.php\/wp-json\/wp\/v2\/posts"}],"about":[{"href":"https:\/\/habermarmaratv.com\/index.php\/wp-json\/wp\/v2\/types\/post"}],"author":[{"embeddable":true,"href":"https:\/\/habermarmaratv.com\/index.php\/wp-json\/wp\/v2\/users\/1"}],"replies":[{"embeddable":true,"href":"https:\/\/habermarmaratv.com\/index.php\/wp-json\/wp\/v2\/comments?post=3976"}],"version-history":[{"count":0,"href":"https:\/\/habermarmaratv.com\/index.php\/wp-json\/wp\/v2\/posts\/3976\/revisions"}],"wp:featuredmedia":[{"embeddable":true,"href":"https:\/\/habermarmaratv.com\/index.php\/wp-json\/wp\/v2\/media\/3977"}],"wp:attachment":[{"href":"https:\/\/habermarmaratv.com\/index.php\/wp-json\/wp\/v2\/media?parent=3976"}],"wp:term":[{"taxonomy":"category","embeddable":true,"href":"https:\/\/habermarmaratv.com\/index.php\/wp-json\/wp\/v2\/categories?post=3976"},{"taxonomy":"post_tag","embeddable":true,"href":"https:\/\/habermarmaratv.com\/index.php\/wp-json\/wp\/v2\/tags?post=3976"}],"curies":[{"name":"wp","href":"https:\/\/api.w.org\/{rel}","templated":true}]}}