{"id":3970,"date":"2023-12-19T18:45:50","date_gmt":"2023-12-19T15:45:50","guid":{"rendered":"https:\/\/habermarmaratv.com\/index.php\/2023\/12\/19\/buyuksehirden-cerkezkoye-45-milyonluk-yatirim\/"},"modified":"2023-12-19T18:45:50","modified_gmt":"2023-12-19T15:45:50","slug":"buyuksehirden-cerkezkoye-45-milyonluk-yatirim","status":"publish","type":"post","link":"https:\/\/habermarmaratv.com\/index.php\/2023\/12\/19\/buyuksehirden-cerkezkoye-45-milyonluk-yatirim\/","title":{"rendered":"B\u00fcy\u00fck\u015fehirden \u00c7erkezk\u00f6y\u2019e 45 milyonluk yat\u0131r\u0131m"},"content":{"rendered":"<p> [ad_1]<br \/>\n<\/p>\n<div id=\"detaymetin\">\n<p><span class=\"text-big\">Temel atma t\u00f6renine Tekirda\u011f B\u00fcy\u00fck\u015fehir Belediye Ba\u015fkan\u0131 Kadir Albayrak, \u00c7erkezk\u00f6y Belediye Ba\u015fkan\u0131 Vahap Akay, Tekirda\u011f\u00a0 Barosu Ba\u015fkan\u0131 Avukat Egemen G\u00fcrc\u00fcn, CHP Tekirda\u011f \u0130l Ba\u015fkan Yard\u0131mc\u0131lar\u0131 M\u00fcmin Uslu, Deniz Bilge Do\u011fru, CHP \u00c7erkezk\u00f6y \u0130l\u00e7e Ba\u015fkan\u0131 Ayfer D\u00f6nmez, \u00c7erkezk\u00f6y Belediye Ba\u015fkan Yard\u0131mc\u0131lar\u0131 Enver Bayram ve Nedim Y\u0131lanc\u0131, CHP \u00c7erkezk\u00f6y Belediye Ba\u015fkan Aday Adaylar\u0131 Cengiz Memi\u015f, Funda Serfi\u00e7e, Bar\u0131\u015f Erdo\u011fan, CHP Kapakl\u0131 Belediye Ba\u015fkan Aday Aday\u0131 \u0130smail \u00c7elebi, belediye meclis \u00fcyeleri, STK temsilcileri, muhtarlar ve vatanda\u015flar kat\u0131ld\u0131. Sayg\u0131 duru\u015funda bulunulmas\u0131 ve \u0130stiklal Mar\u015f\u0131m\u0131z\u0131n okunmas\u0131n\u0131n ard\u0131ndan konu\u015fan Tekirda\u011f B\u00fcy\u00fck\u015fehir Belediyesi Genel Sekreter Yard\u0131mc\u0131s\u0131 ve Et\u00fct ve Projeler Dairesi Ba\u015fkan\u0131 Y\u00fcksel \u00d6zdal, tesis i\u015fle ilgili teknik bilgileri payla\u015ft\u0131.<\/span><\/p>\n<p>\u00a0<\/p>\n<p>\u00a0<\/p>\n<figure class=\"image\"><img decoding=\"async\" src=\"https:\/\/www.marmarahaber.com.tr\/resimler\/2023-12\/19\/115811135047670.webp\"\/><\/figure>\n<p>\u00a0<\/p>\n<p>\u00a0<\/p>\n<p><span class=\"text-big\"><strong>\u0130HALES\u0130 2017 YILINDA YAPILDI<\/strong><\/span><\/p>\n<p>\u00a0<\/p>\n<p><span class=\"text-big\">\u0130lk ihalesi 2017 y\u0131l\u0131nda yap\u0131lan ve temeli 2017 y\u0131l\u0131nda at\u0131lan \u00c7erkezk\u00f6y Atat\u00fcrk Yar\u0131 Olimpik Y\u00fczme Havuzu projesinin toplam maliyetinin KDV dahil ve fiyat art\u0131\u015flar\u0131 dahil 44 milyon 128 bin 623 TL oldu\u011funu belirten \u00d6zdal, \u201cProjemiz \u00c7erkezk\u00f6y Belediyesi m\u00fclkiyetindeyken Atat\u00fcrk Yar\u0131 Olimpik Y\u00fczme Havuzu yap\u0131lmak amac\u0131yla Tekirda\u011f B\u00fcy\u00fck\u015fehir Belediyesi\u2019ne devri yap\u0131lan \u0130stasyon Mahallesi 1570 ada 5 nolu 7725,09 metrekare y\u00fcz\u00f6l\u00e7\u00fcm\u00fcndeki arsa vasf\u0131ndaki ta\u015f\u0131nmaz \u00fczerine yap\u0131lm\u0131\u015ft\u0131r. Proje bodrum, zemin kat ve 1 kat olmak \u00fczere toplam 3 katl\u0131d\u0131r. Projenin toplam yap\u0131 in\u015faat alan\u0131 5154,68 metrekaredir. Taban alan\u0131 2010,12 metrekaredir. Atat\u00fcrk Yar\u0131 Olimpik Y\u00fczme Havuzu yap\u0131m projesi bas\u0131n ve protokol giri\u015fi, seyirci giri\u015fi, fuaye alan\u0131, 1 adet b\u00fcy\u00fck havuz, 1 adet \u00e7ocuk e\u011fitim havuzu, trib\u00fcn alan\u0131, kad\u0131n ve erkek soyunma odalar\u0131, hakem odalar\u0131, antren\u00f6r odalar\u0131, tesis m\u00fcd\u00fcr\u00fc odas\u0131, bas\u0131n odas\u0131, ilk yard\u0131m odas\u0131, fitness salonu, sauna, masaj odalar\u0131, vitamin bar ve teknik birimlerden olu\u015fmaktad\u0131r\u201d dedi.\u00a0<\/span><\/p>\n<p>\u00a0<\/p>\n<p>\u00a0<\/p>\n<figure class=\"image\"><img decoding=\"async\" src=\"https:\/\/www.marmarahaber.com.tr\/resimler\/2023-12\/19\/802221415273155.webp\"\/><\/figure>\n<p>\u00a0<\/p>\n<p>\u00a0<\/p>\n<p><span class=\"text-big\"><strong>\u201c\u00c7ERKEZK\u00d6Y\u2019E S\u00d6ZLER VERM\u0130\u015eT\u0130K\u201d<\/strong><\/span><\/p>\n<p>\u00a0<\/p>\n<p><span class=\"text-big\">Programda konu\u015fan \u00c7erkezk\u00f6y Belediye Ba\u015fkan\u0131 Vahap Akay da, \u201cBug\u00fcn \u00e7ok mutlu bir g\u00fcn. Bu g\u00fczel eseri \u00c7erkezk\u00f6y\u2019e kazand\u0131r\u0131yor olmaktan, bunun bir par\u00e7as\u0131 olmaktan duydu\u011fum mutlulu\u011fu dile getirmek istiyorum. Bu eseri \u00c7erkezk\u00f6y\u2019e kazand\u0131ran Tekirda\u011f B\u00fcy\u00fck\u015fehir Belediye Ba\u015fkan\u0131 Kadir Albayrak\u2019a huzurlar\u0131n\u0131zda te\u015fekk\u00fcr ediyorum. So\u011fuk bir havada yine burada yan yana gelmi\u015ftik ve bir temel atma t\u00f6reni ger\u00e7ekle\u015ftirmi\u015ftik. O g\u00fcnden bug\u00fcne \u00c7erkezk\u00f6y\u2019de \u00e7ok \u015fey de\u011fi\u015fti. O temel atma t\u00f6reninde \u00c7erkezk\u00f6y\u2019\u00fcn temel ihtiya\u00e7lar\u0131na, \u00c7erkezk\u00f6y\u2019\u00fcn \u00e7ocuklar\u0131n\u0131n spora dair beklentilerine ve spora dair hedeflerine ili\u015fkin hem ben hem Kadir Ba\u015fkan\u0131m \u00c7erkezk\u00f6y\u2019e s\u00f6zler vermi\u015ftik. \u00c7erkezk\u00f6y\u2019e bu bak\u0131\u015f\u0131n sadece yerel y\u00f6netimlerle olmayaca\u011f\u0131n\u0131, buraya devlet yat\u0131r\u0131mlar\u0131n\u0131n, spora dair yat\u0131r\u0131mlar\u0131n \u00e7ok ge\u00e7 kald\u0131\u011f\u0131n\u0131 ifade etmi\u015ftim. 2023\u2019\u00fcn sonuna geldik. Bug\u00fcn milyarlar\u0131 a\u015fan bakanl\u0131k b\u00fct\u00e7elerinden \u00c7erkezk\u00f6y\u2019\u00fcn pay\u0131na d\u00fc\u015fen 2016 y\u0131l\u0131ndan bug\u00fcne bir 500 ki\u015filik stadyum, in\u015faat\u0131 devam eden bir havuz bir de gen\u00e7lik merkezi var. 10 y\u0131l evvel \u00c7erkezk\u00f6y\u2019\u00fcn tabelas\u0131nda 130 bin yaz\u0131yordu. 2023 sonunda \u00c7erkezk\u00f6y\u2019\u00fcn tabelas\u0131nda 220 bin yazacak. Bu topraklarda dokuz y\u0131l boyunca yakla\u015f\u0131k 35 bin \u00e7ocuk d\u00fcnyaya geldi. Bu karde\u015flerimiz buran\u0131n temeli at\u0131ld\u0131\u011f\u0131nda burada yoktular. Baz\u0131 aksakl\u0131klar\u0131 konu\u015fabiliriz. Ancak bir yat\u0131r\u0131m ortaya \u00e7\u0131kt\u0131, bir hedef ortaya \u00e7\u0131kt\u0131\u201d dedi.\u00a0<\/span><\/p>\n<p>\u00a0<\/p>\n<p>\u00a0<\/p>\n<figure class=\"image\"><img decoding=\"async\" src=\"https:\/\/www.marmarahaber.com.tr\/resimler\/2023-12\/19\/91878578909474.webp\"\/><\/figure>\n<p>\u00a0<\/p>\n<p>\u00a0<\/p>\n<p><span class=\"text-big\"><strong>\u201cMAALESEF \u015eU ANDA UYKUDALAR\u201d<\/strong><\/span><\/p>\n<p>\u00a0<\/p>\n<p><span class=\"text-big\">Akay, \u201cYerel y\u00f6netimler vatanda\u015flar\u0131m\u0131zdan ald\u0131\u011f\u0131 sorumluluk duygusu ile bu yat\u0131r\u0131mlar\u0131 yap\u0131yor. Bu yat\u0131r\u0131mlar\u0131 esasen yapmas\u0131 gereken maalesef Spor Bakanl\u0131klar\u0131, ancak yeterli yat\u0131r\u0131m\u0131 \u00c7erkezk\u00f6y\u2019e g\u00f6rmeyenler, \u00c7erkezk\u00f6y\u2019\u00fc g\u00f6rmezden gelenler, maalesef \u015fu anda uykudalar. Biz buraday\u0131z. \u00c7erkezk\u00f6y\u2019\u00fcn \u00e7ocuklar\u0131na bu havuzu a\u00e7\u0131yor olman\u0131n da mutlulu\u011funu ya\u015f\u0131yoruz\u201d diye konu\u015ftu. \u00a0<\/span><\/p>\n<p>\u00a0<\/p>\n<p><span class=\"text-big\"><strong>\u201cEMEKLER\u0130M\u0130Z YARIM DA KALMAYACAK, YARIDA DA KALMAYACAK\u201d<\/strong><\/span><\/p>\n<p>\u00a0<\/p>\n<p><span class=\"text-big\">\u00c7erkezk\u00f6y Belediyesi olarak son 10 y\u0131lda \u00c7erkezk\u00f6y\u2019\u00fcn 12 mahallesinde, onlarca park alan\u0131 ve ye\u015fil alanda \u00c7erkezk\u00f6yl\u00fc \u00e7ocuklar\u0131 basketbol sahalar\u0131, voleybol sahalar\u0131, mini futbol sahalar\u0131 ile bulu\u015fturduklar\u0131n\u0131 dile getiren Akay, \u201cBu say\u0131lar 100\u2019\u00fc a\u015ft\u0131. Son 10 y\u0131lda \u0130stasyon Mahallesi\u2019ne 1000 trib\u00fcn kapasiteli bir futbol sahas\u0131, unutulan bir kapal\u0131 basketbol sahas\u0131, K\u0131z\u0131lp\u0131nar&#8217;a 500 ki\u015filik yeni bir futbol sahas\u0131, g\u00fcre\u015f sahalar\u0131, masa tenisi alanlar\u0131, y\u00fcr\u00fcy\u00fc\u015f alanlar\u0131, fittness alanlar\u0131 gibi \u00e7ocuklar\u0131m\u0131z\u0131, gen\u00e7lerimizi sporla bulu\u015fturacak alanlar a\u00e7maya \u00e7al\u0131\u015ft\u0131k. 10 y\u0131ll\u0131k m\u00fccadelemiz sonu\u00e7 verdi. 10 y\u0131lda da spor alanlar\u0131na hizmet eden bir belediyecilik anlay\u0131\u015f\u0131 var. Hem \u00c7erkezk\u00f6y\u2019de, hem B\u00fcy\u00fck\u015fehir\u2019de. 2014 y\u0131l\u0131ndan bug\u00fcne biz bir\u00e7ok bireysel alanda, masa tenisinde ba\u015far\u0131lar ortaya koyan, milli tak\u0131m oyuncular\u0131 ortaya \u00e7\u0131karan, g\u00fcre\u015f sahalar\u0131nda g\u00fcre\u015f\u00e7ilere destek veren, milli tak\u0131ma g\u00fcre\u015f\u00e7i g\u00f6nderen, tekvandoda, karatede, basketbolda \u00c7erkezk\u00f6y\u2019den \u00e7ok ciddi ba\u015far\u0131lar\u0131 ortaya \u00e7\u0131karm\u0131\u015f bir belediyecili\u011fi ortaya koyduk. Bug\u00fcn hem \u00c7erkezk\u00f6y Belediyesi\u2019nin hem de B\u00fcy\u00fck\u015fehir Belediyesi\u2019nin yat\u0131r\u0131mlar\u0131n\u0131n g\u00fcn y\u00fcz\u00fcne \u00e7\u0131kt\u0131\u011f\u0131 bir d\u00f6nemi ya\u015f\u0131yoruz. O y\u00fczden mutluyuz, o y\u00fczden gururluyuz. Bug\u00fcne kadar \u00c7erkezk\u00f6y i\u00e7in, Tekirda\u011f i\u00e7in ortaya koydu\u011fumuz emekler hi\u00e7 kimsenin ku\u015fkusu olmas\u0131n yar\u0131m da kalmayacak, yar\u0131da da kalmayacak. \u00c7\u0131kt\u0131\u011f\u0131m\u0131z bu yolda, yan yana y\u00fcr\u00fcd\u00fc\u011f\u00fcm\u00fcz yol arkada\u015flar\u0131mla \u00c7erkezk\u00f6y\u2019\u00fcn gelece\u011fi i\u00e7in, Tekirda\u011f\u2019\u0131n gelece\u011fi i\u00e7in m\u00fccadele etmeye devam edece\u011fiz. \u00c7erkezk\u00f6y\u2019\u00fcn \u00e7ocuklar\u0131n\u0131, Tekirda\u011f\u2019\u0131n \u00e7ocuklar\u0131n\u0131 spor ile bulu\u015fturaca\u011f\u0131z, ba\u015far\u0131larla bulu\u015fturaca\u011f\u0131z, yeni yar\u0131nlarda hep birlikte yan yana olaca\u011f\u0131z. Bu g\u00fczel yat\u0131r\u0131m\u0131 ortaya koyan B\u00fcy\u00fck\u015fehir Belediye Ba\u015fkan\u0131m say\u0131n Kadir Albayrak\u2019a, bir kere daha te\u015fekk\u00fcrlerimi ve \u015f\u00fckranlar\u0131m\u0131 sunuyorum\u201d ifadelerini kulland\u0131.\u00a0<\/span><\/p>\n<p>\u00a0<\/p>\n<p>\u00a0<\/p>\n<figure class=\"image\"><img decoding=\"async\" src=\"https:\/\/www.marmarahaber.com.tr\/resimler\/2023-12\/19\/105761126424332.webp\"\/><\/figure>\n<p>\u00a0<\/p>\n<p>\u00a0<\/p>\n<p><span class=\"text-big\"><strong>\u201cGURURU VE MUTLULU\u011eU \u0130\u00c7ER\u0130S\u0130NDEY\u0130Z\u201d<\/strong><\/span><\/p>\n<p>\u00a0<\/p>\n<p><span class=\"text-big\">Tekirda\u011f B\u00fcy\u00fck\u015fehir Belediyesi Ba\u015fkan\u0131 Kadir Albayrak da a\u00e7\u0131l\u0131\u015fta yapt\u0131\u011f\u0131 konu\u015fmada \u201c\u00c7erkezk\u00f6y il\u00e7emiz B\u00fcy\u00fck\u015fehir Belediyesi ve \u00c7erkezk\u00f6y Belediyemizin hizmet ve yat\u0131r\u0131mlar\u0131yla her alanda geli\u015fmeye devam ediyor. Bug\u00fcn yine b\u00fcy\u00fck bir at\u0131l\u0131m\u0131 ger\u00e7ekle\u015ftirmi\u015f olman\u0131n gururu ve mutlulu\u011fu i\u00e7erisindeyiz. 45 milyon TL\u2019lik yat\u0131r\u0131mla \u00c7erkezk\u00f6y il\u00e7emize b\u00fcy\u00fck ve modern bir spor tesisi kazand\u0131rd\u0131k. Yar\u0131 Olimpik Y\u00fczme Havuzlar\u0131m\u0131z\u0131n ilkinin 2019 y\u0131l\u0131nda Muratl\u0131\u2019da yapt\u0131k. \u00c7ok g\u00fczel y\u00fcz\u00fcc\u00fcler yeti\u015fti, ba\u015far\u0131lar \u00e7al\u0131\u015fmalar oldu. Daha b\u00fcy\u00fck bir tesis olan Atat\u00fcrk Yar\u0131 Olimpik Y\u00fczme Havuzu\u2019muz \u00c7erkezk\u00f6y\u2019de \u00e7ok \u00f6nemli bir ihtiyac\u0131 kar\u015f\u0131layacak. Bu vizyonel projemize \u2018Ben sporcunun zeki, \u00e7evik ve ahlakl\u0131s\u0131n\u0131 severim\u2019 diyen Ebedi \u00d6nderimiz Mustafa Kemal Atat\u00fcrk\u2019\u00fcn ismini verdik. Tesisimiz y\u00fcz\u00fcc\u00fclerimizin yetenek ve performanslar\u0131n\u0131 geli\u015ftirmelerine imkan sa\u011flayacak. \u00d6n\u00fcm\u00fczdeki y\u0131llarda burada daha nice ba\u015far\u0131l\u0131 sporcumuzun yeti\u015fece\u011fine y\u00fcrekten inan\u0131yorum\u201d dedi.\u00a0<\/span><\/p>\n<p>\u00a0<\/p>\n<p><span class=\"text-big\"><strong>\u201c\u00c7ERKEZK\u00d6Y\u2019E 566 M\u0130LYON TL\u2019L\u0130K YATIRIMIMIZ OLDU\u201d<\/strong><\/span><\/p>\n<p>\u00a0<\/p>\n<p><span class=\"text-big\">\u00c7erkezk\u00f6y\u2019de altyap\u0131dan \u00fcstyap\u0131ya, ula\u015f\u0131mdan ye\u015fil alan projelerine, e\u011fitimden k\u00fclt\u00fcr sanata kadar \u00e7ok geni\u015f bir yelpazede bir\u00e7ok projeyi ger\u00e7ekle\u015ftirdiklerini kaydeden Albayrak, \u201cB\u00fcy\u00fck\u015fehir Belediyesi Gazi Mustafa Kemal Atat\u00fcrk Ortaokulu, Atat\u00fcrk K\u00fclt\u00fcr Merkezi, Kent Park, Kavakdere Kent, Atat\u00fcrk Viyad\u00fc\u011f\u00fc, Ba\u011fl\u0131k Viyad\u00fc\u011f\u00fc, dere \u0131slah\u0131 projeleri, ak\u0131ll\u0131 kav\u015fak, Atat\u00fcrk sil\u00fceti projelerimiz ve yapt\u0131\u011f\u0131m\u0131z di\u011fer hizmetlerle birlikte \u00c7erkezk\u00f6y\u2019e bug\u00fcne kadar B\u00fcy\u00fck\u015fehir Belediyesi olarak 373 milyon TL, TESK\u0130 olarak da 193 milyon TL olmak \u00fczere 566 milyon TL\u2019lik katk\u0131m\u0131z, yat\u0131r\u0131m\u0131m\u0131z oldu\u201d\u00a0 diye konu\u015ftu.\u00a0<\/span><\/p>\n<p>\u00a0<\/p>\n<p><span class=\"text-big\"><strong>\u201c\u00c7ERKEZK\u00d6Y\u2019\u00dcN \u00c7OK FARKLI \u00d6ZELL\u0130KLER\u0130 VAR\u201d<\/strong><\/span><\/p>\n<p>\u00a0<\/p>\n<p><span class=\"text-big\">\u00c7erkezk\u00f6y\u2019\u00fcn \u00e7ok farkl\u0131 \u00f6zelliklerinin oldu\u011funu s\u00f6yleyen Albayrak, \u201cArazisi en k\u00fc\u00e7\u00fck il\u00e7emiz. N\u00fcfusu \u00e7ok k\u0131sa zamanda en b\u00fcy\u00fck il\u00e7emiz olma yolunda h\u0131zla giden bir il\u00e7emiz. Kilometrekareye 1752 ki\u015fi d\u00fc\u015f\u00fcyor. B\u00f6ylesine hareketli bir il\u00e7edeyiz. Bu yat\u0131r\u0131mlar\u0131n tamam\u0131 Tekirda\u011f B\u00fcy\u00fck\u015fehir Belediyesi\u2019nin 62 \u00fcyesinin kat\u0131l\u0131m\u0131yla birlikte yap\u0131ld\u0131. Bu yat\u0131r\u0131mlarda Kadir Albayrak\u2019\u0131n ne kadar b\u00fcy\u00fck hakk\u0131 varsa ayn\u0131 b\u00fcy\u00fckl\u00fckte \u00c7erkezk\u00f6y Belediye Ba\u015fkan\u0131m\u0131z\u0131n da vard\u0131r, \u00c7erkezk\u00f6y B\u00fcy\u00fck\u015fehir Belediye Meclis \u00dcyelerimizin de vard\u0131r, Tekirda\u011f\u2019\u0131n 11 il\u00e7esinin belediye meclis \u00fcyelerinin de vard\u0131r. Ama bu hizmetlerin esas sahibi, bizi bu g\u00f6reve getiren de\u011ferli \u00c7erkezk\u00f6y ve Tekirda\u011f halk\u0131d\u0131r. Bu tesis t\u00fcm \u00c7erkezk\u00f6y halk\u0131m\u0131za hay\u0131rl\u0131 olsun\u201d dedi.\u00a0<\/span><\/p>\n<p>\u00a0<\/p>\n<p><span class=\"text-big\"><strong>\u201c1 M\u0130LYAR 308 M\u0130LYON TL\u2019L\u0130K ALTYAPI YATIRIMLARININ PROJELER\u0130 HAZIRLANDI\u201d<\/strong><\/span><\/p>\n<p>\u00a0<\/p>\n<p><span class=\"text-big\">Gelece\u011fe d\u00f6n\u00fck projeleri de haz\u0131rlad\u0131klar\u0131n\u0131 dile getiren Albayrak, \u201c\u00c7erkezk\u00f6y\u2019\u00fcn bundan sonraki ihtiya\u00e7lar\u0131n\u0131 \u00e7\u0131kard\u0131k. 150 milyon TL\u2019lik Velik\u00f6y Mahallesi kanalizasyon projesi, 910 milyon TL\u2019lik \u00c7erkezk\u00f6y \u0130\u00e7me Suyu projesi, 72 milyon TL\u2019lik Cumhuriyet Mahallesi at\u0131k su tesisleri projesi, 182 milyon TL\u2019lik K\u0131z\u0131lp\u0131nar i\u00e7me suyu tesisleri projesi olmak \u00fczere \u00c7erkezk\u00f6y i\u00e7in 1 milyar 308 milyon TL\u2019lik altyap\u0131 yat\u0131r\u0131mlar\u0131n\u0131n projeleri haz\u0131rland\u0131 ve \u0130ller Bankas\u0131\u2019na g\u00f6nderildi. \u0130nan\u0131yorum ki \u00c7erkezk\u00f6y halk\u0131 bir kez daha sosyal demokratlara bu g\u00f6revi verecektir, bu projelerin tamam\u0131 ger\u00e7ekle\u015fecektir, bug\u00fcne kadar olanlar gibi. Ger\u00e7ekle\u015ftirmi\u015f oldu\u011fumuz t\u00fcm projelerin \u00c7erkezk\u00f6y\u2019e hay\u0131rl\u0131 olmas\u0131n\u0131 diliyorum. \u00c7erkezk\u00f6y\u2019de ya\u015fayan vatanda\u015flar\u0131m\u0131z\u0131n ya\u015fam standartlar\u0131n\u0131 y\u00fckselten projelerimizi ger\u00e7ekle\u015ftirmeye devam edece\u011fiz\u201d diye konu\u015ftu.\u00a0<\/span><\/p>\n<p>\u00a0<\/p>\n<p><span class=\"text-big\"><strong>Y\u00dcZME YARI\u015eMASI YAPILDI<\/strong><\/span><\/p>\n<p>\u00a0<\/p>\n<p><span class=\"text-big\">Kurdele kesilerek \u00c7erkezk\u00f6y Atat\u00fcrk Yar\u0131 Olimpik Y\u00fczme Havuzu\u2019nun a\u00e7\u0131l\u0131\u015f\u0131n\u0131n yap\u0131lmas\u0131n\u0131n ard\u0131ndan y\u00fczme havuzunda a\u00e7\u0131l\u0131\u015fa \u00f6zel y\u00fczme yar\u0131\u015fmas\u0131 d\u00fczenlendi.<\/span><\/p>\n<p>\u00a0<\/p>\n<p><span class=\"text-big\"><strong>Haber \/ G\u00fclveren ALTUNO\u011eLU<\/strong><\/span><\/p>\n<\/p><\/div>\n<p>[ad_2]<br \/>\n<br \/><a href=\"https:\/\/www.marmarahaber.com.tr\/haber\/buyuksehirden_cerkezkoye_45_milyonluk_yatirim-86541.html\">Source link <\/a><\/p>\n","protected":false},"excerpt":{"rendered":"<p>[ad_1] Temel atma t\u00f6renine Tekirda\u011f B\u00fcy\u00fck\u015fehir Belediye Ba\u015fkan\u0131 Kadir Albayrak, \u00c7erkezk\u00f6y Belediye Ba\u015fkan\u0131 Vahap Akay, Tekirda\u011f\u00a0 Barosu Ba\u015fkan\u0131 Avukat Egemen G\u00fcrc\u00fcn, CHP Tekirda\u011f \u0130l Ba\u015fkan Yard\u0131mc\u0131lar\u0131 M\u00fcmin Uslu, Deniz Bilge Do\u011fru, CHP \u00c7erkezk\u00f6y \u0130l\u00e7e Ba\u015fkan\u0131 Ayfer D\u00f6nmez, \u00c7erkezk\u00f6y Belediye Ba\u015fkan Yard\u0131mc\u0131lar\u0131 Enver Bayram ve Nedim Y\u0131lanc\u0131, CHP \u00c7erkezk\u00f6y Belediye Ba\u015fkan Aday Adaylar\u0131 Cengiz Memi\u015f, Funda [&hellip;]<\/p>\n","protected":false},"author":1,"featured_media":3971,"comment_status":"open","ping_status":"open","sticky":false,"template":"","format":"standard","meta":{"footnotes":""},"categories":[10],"tags":[],"class_list":["post-3970","post","type-post","status-publish","format-standard","has-post-thumbnail","hentry","category-gundem"],"_links":{"self":[{"href":"https:\/\/habermarmaratv.com\/index.php\/wp-json\/wp\/v2\/posts\/3970","targetHints":{"allow":["GET"]}}],"collection":[{"href":"https:\/\/habermarmaratv.com\/index.php\/wp-json\/wp\/v2\/posts"}],"about":[{"href":"https:\/\/habermarmaratv.com\/index.php\/wp-json\/wp\/v2\/types\/post"}],"author":[{"embeddable":true,"href":"https:\/\/habermarmaratv.com\/index.php\/wp-json\/wp\/v2\/users\/1"}],"replies":[{"embeddable":true,"href":"https:\/\/habermarmaratv.com\/index.php\/wp-json\/wp\/v2\/comments?post=3970"}],"version-history":[{"count":0,"href":"https:\/\/habermarmaratv.com\/index.php\/wp-json\/wp\/v2\/posts\/3970\/revisions"}],"wp:featuredmedia":[{"embeddable":true,"href":"https:\/\/habermarmaratv.com\/index.php\/wp-json\/wp\/v2\/media\/3971"}],"wp:attachment":[{"href":"https:\/\/habermarmaratv.com\/index.php\/wp-json\/wp\/v2\/media?parent=3970"}],"wp:term":[{"taxonomy":"category","embeddable":true,"href":"https:\/\/habermarmaratv.com\/index.php\/wp-json\/wp\/v2\/categories?post=3970"},{"taxonomy":"post_tag","embeddable":true,"href":"https:\/\/habermarmaratv.com\/index.php\/wp-json\/wp\/v2\/tags?post=3970"}],"curies":[{"name":"wp","href":"https:\/\/api.w.org\/{rel}","templated":true}]}}