{"id":3956,"date":"2023-12-19T07:03:29","date_gmt":"2023-12-19T04:03:29","guid":{"rendered":"https:\/\/habermarmaratv.com\/index.php\/2023\/12\/19\/sesversus-grubu-cerkezkoyde-konser-verdi\/"},"modified":"2023-12-19T07:03:29","modified_gmt":"2023-12-19T04:03:29","slug":"sesversus-grubu-cerkezkoyde-konser-verdi","status":"publish","type":"post","link":"https:\/\/habermarmaratv.com\/index.php\/2023\/12\/19\/sesversus-grubu-cerkezkoyde-konser-verdi\/","title":{"rendered":"SesVerSus Grubu, \u00c7erkezk\u00f6y\u2019de konser verdi"},"content":{"rendered":"<p> [ad_1]<br \/>\n<\/p>\n<div id=\"detaymetin\">\n<p><span class=\"text-big\">\u00c7erkezk\u00f6y Belediyesi K\u00fclt\u00fcr ve Sosyal \u0130\u015fler M\u00fcd\u00fcrl\u00fc\u011f\u00fc taraf\u0131ndan d\u00fczenlenen k\u00fclt\u00fcr ve sanat etkinlikleri devam ediyor. Bu kapsamda Atat\u00fcrk K\u00fclt\u00fcr Merkezi\u2019nde sahne alan Ses Ver Sus Grubu, A Capella m\u00fczik tarz\u0131nda verdikleri konser ile \u00c7erkezk\u00f6yl\u00fclere m\u00fczik ziyafeti sundu. Konser sonunda izleyiciler, gurubu uzun s\u00fcre ayakta alk\u0131\u015flad\u0131.<\/span><\/p>\n<p>\u00a0<\/p>\n<p>\u00a0<\/p>\n<figure class=\"image\"><img decoding=\"async\" src=\"https:\/\/www.marmarahaber.com.tr\/resimler\/2023-12\/18\/62996534812199.webp\"\/><\/figure>\n<p>\u00a0<\/p>\n<p>\u00a0<\/p>\n<p><span class=\"text-big\"><strong>\u201c\u0130NSANLARIN \u0130LG\u0130S\u0130 B\u0130ZLER\u0130 SON DERECE MUTLU ETT\u0130\u201d<\/strong><\/span><\/p>\n<p>\u00a0<\/p>\n<p><span class=\"text-big\">SesVerSus Grubu \u00fcyelerinden Asl\u0131han \u015eahin G\u00fcven, grubun 2011 y\u0131l\u0131nda kuruldu\u011funu belirterek, &#8220;SesVerSus olarak \u00e7al\u0131\u015fmalar\u0131m\u0131z\u0131 Ankara\u2019da yapan bir ekibiz. Anadolu\u2019nun pek \u00e7ok \u015fehrine gidiyoruz, \u00e7ok da b\u00fcy\u00fck ilgi g\u00f6r\u00fcyoruz. Trakya\u2019ya da ilk kez geliyoruz. A Capella, d\u00fcnyada yeni yeni yay\u0131lan ve yeni yeni geli\u015fen bir m\u00fczik tarz\u0131. T\u00fcrkiye\u2019de de tabi ki bunun yans\u0131malar\u0131 var. Biz tamamen insan sesiyle olu\u015fan bat\u0131 m\u00fczi\u011fi alt yap\u0131s\u0131n\u0131n kullan\u0131ld\u0131\u011f\u0131 bir tarz yap\u0131yoruz. Dolay\u0131s\u0131yla insanlara bunu anlat\u0131rken, zorlanaca\u011f\u0131m\u0131z\u0131 d\u00fc\u015f\u00fcn\u00fcrken insanlar\u0131n ilgisi bizleri son derece mutlu etti. \u00c7erkezk\u00f6y\u2019de de b\u00f6yle g\u00fczel bir topluluk \u00f6n\u00fcnde sahne almak, \u015fark\u0131lar\u0131m\u0131z\u0131 s\u00f6ylemek son derece keyifli ve g\u00fczeldi. Eme\u011fi ge\u00e7en herkese \u00e7ok te\u015fekk\u00fcr ediyoruz\u201d ifadelerini kulland\u0131.\u00a0<\/span><\/p>\n<p>\u00a0<\/p>\n<p>\u00a0<\/p>\n<figure class=\"image\"><img decoding=\"async\" src=\"https:\/\/www.marmarahaber.com.tr\/resimler\/2023-12\/18\/346212091207324.webp\"\/><\/figure>\n<p>\u00a0<\/p>\n<p>\u00a0<\/p>\n<p><span class=\"text-big\"><strong>HEP B\u0130R A\u011eIZDAN \u0130ZM\u0130R MAR\u015eI S\u00d6YLEND\u0130\u00a0<\/strong><\/span><\/p>\n<p>\u00a0<\/p>\n<p><span class=\"text-big\">Konserin sonunda \u0130zmir Mar\u015f\u0131\u2019n\u0131 b\u00fcy\u00fck bir co\u015fku ile s\u00f6yleyen Ses Ver Sus Grubu\u2019na salondaki t\u00fcm izleyiciler ayakta e\u015flik etti. Konserin ard\u0131ndan sahneye \u00e7\u0131kan Belediye Ba\u015fkan Vekili Cengiz Memi\u015f, \u201c\u00c7erkezk\u00f6y Belediyesi, son 10 y\u0131lda yapt\u0131\u011f\u0131 yat\u0131r\u0131mlar ile k\u00fclt\u00fcr ve sanat\u0131 destekliyor. \u00d6n\u00fcm\u00fczdeki 5 y\u0131lda da kurdu\u011fumuz bu altyap\u0131 ile in\u015fallah \u00c7erkezk\u00f6y\u2019e bir k\u00fclt\u00fcr ve sanat kimli\u011fi kazand\u0131raca\u011f\u0131z. Hepinizi sevgi ve sayg\u0131 ile selaml\u0131yorum. Bu muhte\u015fem konser i\u00e7in Ses Ver Sus A Capella Grubu\u2019na te\u015fekk\u00fcrlerimi ve \u015f\u00fckranlar\u0131m\u0131 sunuyorum\u201d dedi.\u00a0<\/span><\/p>\n<p>\u00a0<\/p>\n<p><span class=\"text-big\"><strong>Haber \/ Buse AKIN\u00a0<\/strong><\/span><\/p>\n<\/p><\/div>\n<p>[ad_2]<br \/>\n<br \/><a href=\"https:\/\/www.marmarahaber.com.tr\/haber\/sesversus_grubu_cerkezkoyde_konser_verdi_-86507.html\">Source link <\/a><\/p>\n","protected":false},"excerpt":{"rendered":"<p>[ad_1] \u00c7erkezk\u00f6y Belediyesi K\u00fclt\u00fcr ve Sosyal \u0130\u015fler M\u00fcd\u00fcrl\u00fc\u011f\u00fc taraf\u0131ndan d\u00fczenlenen k\u00fclt\u00fcr ve sanat etkinlikleri devam ediyor. Bu kapsamda Atat\u00fcrk K\u00fclt\u00fcr Merkezi\u2019nde sahne alan Ses Ver Sus Grubu, A Capella m\u00fczik tarz\u0131nda verdikleri konser ile \u00c7erkezk\u00f6yl\u00fclere m\u00fczik ziyafeti sundu. Konser sonunda izleyiciler, gurubu uzun s\u00fcre ayakta alk\u0131\u015flad\u0131. \u00a0 \u00a0 \u00a0 \u00a0 \u201c\u0130NSANLARIN \u0130LG\u0130S\u0130 B\u0130ZLER\u0130 SON DERECE [&hellip;]<\/p>\n","protected":false},"author":1,"featured_media":3957,"comment_status":"open","ping_status":"open","sticky":false,"template":"","format":"standard","meta":{"footnotes":""},"categories":[10],"tags":[],"class_list":["post-3956","post","type-post","status-publish","format-standard","has-post-thumbnail","hentry","category-gundem"],"_links":{"self":[{"href":"https:\/\/habermarmaratv.com\/index.php\/wp-json\/wp\/v2\/posts\/3956","targetHints":{"allow":["GET"]}}],"collection":[{"href":"https:\/\/habermarmaratv.com\/index.php\/wp-json\/wp\/v2\/posts"}],"about":[{"href":"https:\/\/habermarmaratv.com\/index.php\/wp-json\/wp\/v2\/types\/post"}],"author":[{"embeddable":true,"href":"https:\/\/habermarmaratv.com\/index.php\/wp-json\/wp\/v2\/users\/1"}],"replies":[{"embeddable":true,"href":"https:\/\/habermarmaratv.com\/index.php\/wp-json\/wp\/v2\/comments?post=3956"}],"version-history":[{"count":0,"href":"https:\/\/habermarmaratv.com\/index.php\/wp-json\/wp\/v2\/posts\/3956\/revisions"}],"wp:featuredmedia":[{"embeddable":true,"href":"https:\/\/habermarmaratv.com\/index.php\/wp-json\/wp\/v2\/media\/3957"}],"wp:attachment":[{"href":"https:\/\/habermarmaratv.com\/index.php\/wp-json\/wp\/v2\/media?parent=3956"}],"wp:term":[{"taxonomy":"category","embeddable":true,"href":"https:\/\/habermarmaratv.com\/index.php\/wp-json\/wp\/v2\/categories?post=3956"},{"taxonomy":"post_tag","embeddable":true,"href":"https:\/\/habermarmaratv.com\/index.php\/wp-json\/wp\/v2\/tags?post=3956"}],"curies":[{"name":"wp","href":"https:\/\/api.w.org\/{rel}","templated":true}]}}