{"id":3952,"date":"2023-12-19T04:48:42","date_gmt":"2023-12-19T01:48:42","guid":{"rendered":"https:\/\/habermarmaratv.com\/index.php\/2023\/12\/19\/cumhuriyetimizin-100-yilinda-fidanlar-toprakla-bulusturuldu\/"},"modified":"2023-12-19T04:48:42","modified_gmt":"2023-12-19T01:48:42","slug":"cumhuriyetimizin-100-yilinda-fidanlar-toprakla-bulusturuldu","status":"publish","type":"post","link":"https:\/\/habermarmaratv.com\/index.php\/2023\/12\/19\/cumhuriyetimizin-100-yilinda-fidanlar-toprakla-bulusturuldu\/","title":{"rendered":"Cumhuriyetimizin 100. y\u0131l\u0131nda fidanlar toprakla bulu\u015fturuldu"},"content":{"rendered":"<p> [ad_1]<br \/>\n<\/p>\n<div id=\"detaymetin\">\n<p><span class=\"text-big\">\u00d6\u011fretim \u00dcyeleri, idari personel ve lisans\u00fcst\u00fc \u00f6\u011frencilerin kat\u0131l\u0131m\u0131yla ger\u00e7ekle\u015ftirilen etkinlikte fidan dikimi \u00f6ncesinde konu\u015fan Sa\u011fl\u0131k Bilimleri Enstit\u00fcs\u00fc M\u00fcd\u00fcr\u00fc Prof. Dr. Necdet S\u00fct, Cumhuriyetimizin art\u0131k as\u0131rl\u0131k bir \u00e7\u0131nar oldu\u011funu belirterek, \u201cBa\u015fta Gazi Mustafa Kemal Atat\u00fcrk olmak \u00fczere Cumhuriyetin kurulmas\u0131nda eme\u011fi ge\u00e7enlere minnettar\u0131z. \u00dclkemizi daha ileri g\u00f6t\u00fcrmek i\u00e7in de daha \u00e7ok \u00e7al\u0131\u015fmam\u0131z gerekiyor\u201d dedi.\u00a0<\/span><\/p>\n<p>\u00a0<\/p>\n<p>\u00a0<\/p>\n<figure class=\"image\"><img decoding=\"async\" src=\"https:\/\/www.marmarahaber.com.tr\/resimler\/2023-12\/18\/794152043594779.webp\"\/><\/figure>\n<p>\u00a0<\/p>\n<p>\u00a0<\/p>\n<p style=\"text-align:justify;\"><span class=\"text-big\"><strong>CUMHUR\u0130YET \u00c7INARI D\u0130K\u0130LD\u0130<\/strong><\/span><\/p>\n<p style=\"text-align:justify;\">\u00a0<\/p>\n<p><span class=\"text-big\">Daha sonra Cumhuriyetin 100. Kurulu\u015f y\u0131l\u0131 an\u0131s\u0131na \u00f6\u011fretim \u00fcyeleri, idari personel ve \u00f6\u011frenciler taraf\u0131ndan Cumhuriyet \u00c7\u0131nar\u0131 dikimi ger\u00e7ekle\u015ftirildi. Bina bah\u00e7esinde ayr\u0131ca badem, ceviz ve \u00e7am fidanlar\u0131 da toprakla bulu\u015fturuldu.\u00a0<\/span><\/p>\n<p>\u00a0<\/p>\n<p style=\"text-align:justify;\"><span class=\"text-big\"><strong>Haber \/ Men\u015fure KARDE\u015e<\/strong><\/span><\/p>\n<\/p><\/div>\n<p>[ad_2]<br \/>\n<br \/><a href=\"https:\/\/www.marmarahaber.com.tr\/haber\/cumhuriyetimizin_100_yilinda_fidanlar_toprakla_bulusturuldu-86509.html\">Source link <\/a><\/p>\n","protected":false},"excerpt":{"rendered":"<p>[ad_1] \u00d6\u011fretim \u00dcyeleri, idari personel ve lisans\u00fcst\u00fc \u00f6\u011frencilerin kat\u0131l\u0131m\u0131yla ger\u00e7ekle\u015ftirilen etkinlikte fidan dikimi \u00f6ncesinde konu\u015fan Sa\u011fl\u0131k Bilimleri Enstit\u00fcs\u00fc M\u00fcd\u00fcr\u00fc Prof. Dr. Necdet S\u00fct, Cumhuriyetimizin art\u0131k as\u0131rl\u0131k bir \u00e7\u0131nar oldu\u011funu belirterek, \u201cBa\u015fta Gazi Mustafa Kemal Atat\u00fcrk olmak \u00fczere Cumhuriyetin kurulmas\u0131nda eme\u011fi ge\u00e7enlere minnettar\u0131z. \u00dclkemizi daha ileri g\u00f6t\u00fcrmek i\u00e7in de daha \u00e7ok \u00e7al\u0131\u015fmam\u0131z gerekiyor\u201d dedi.\u00a0 \u00a0 \u00a0 [&hellip;]<\/p>\n","protected":false},"author":1,"featured_media":3953,"comment_status":"open","ping_status":"open","sticky":false,"template":"","format":"standard","meta":{"footnotes":""},"categories":[10],"tags":[],"class_list":["post-3952","post","type-post","status-publish","format-standard","has-post-thumbnail","hentry","category-gundem"],"_links":{"self":[{"href":"https:\/\/habermarmaratv.com\/index.php\/wp-json\/wp\/v2\/posts\/3952","targetHints":{"allow":["GET"]}}],"collection":[{"href":"https:\/\/habermarmaratv.com\/index.php\/wp-json\/wp\/v2\/posts"}],"about":[{"href":"https:\/\/habermarmaratv.com\/index.php\/wp-json\/wp\/v2\/types\/post"}],"author":[{"embeddable":true,"href":"https:\/\/habermarmaratv.com\/index.php\/wp-json\/wp\/v2\/users\/1"}],"replies":[{"embeddable":true,"href":"https:\/\/habermarmaratv.com\/index.php\/wp-json\/wp\/v2\/comments?post=3952"}],"version-history":[{"count":0,"href":"https:\/\/habermarmaratv.com\/index.php\/wp-json\/wp\/v2\/posts\/3952\/revisions"}],"wp:featuredmedia":[{"embeddable":true,"href":"https:\/\/habermarmaratv.com\/index.php\/wp-json\/wp\/v2\/media\/3953"}],"wp:attachment":[{"href":"https:\/\/habermarmaratv.com\/index.php\/wp-json\/wp\/v2\/media?parent=3952"}],"wp:term":[{"taxonomy":"category","embeddable":true,"href":"https:\/\/habermarmaratv.com\/index.php\/wp-json\/wp\/v2\/categories?post=3952"},{"taxonomy":"post_tag","embeddable":true,"href":"https:\/\/habermarmaratv.com\/index.php\/wp-json\/wp\/v2\/tags?post=3952"}],"curies":[{"name":"wp","href":"https:\/\/api.w.org\/{rel}","templated":true}]}}