{"id":3946,"date":"2023-12-19T02:37:18","date_gmt":"2023-12-18T23:37:18","guid":{"rendered":"https:\/\/habermarmaratv.com\/index.php\/2023\/12\/19\/trakya-birlik-uretim-tesislerini-genisletiyor\/"},"modified":"2023-12-19T02:37:18","modified_gmt":"2023-12-18T23:37:18","slug":"trakya-birlik-uretim-tesislerini-genisletiyor","status":"publish","type":"post","link":"https:\/\/habermarmaratv.com\/index.php\/2023\/12\/19\/trakya-birlik-uretim-tesislerini-genisletiyor\/","title":{"rendered":"Trakya Birlik, \u00fcretim tesislerini geni\u015fletiyor"},"content":{"rendered":"<p> [ad_1]<br \/>\n<\/p>\n<div id=\"detaymetin\">\n<p><span class=\"text-big\">T\u00fcrk halk\u0131na uygun ve kaliteli ya\u011f sunmak i\u00e7in fabrikalar\u0131n 7 g\u00fcn 24 saat esas\u0131na g\u00f6re \u00e7al\u0131\u015ft\u0131\u011f\u0131n\u0131 ifade etti.<\/span><\/p>\n<p>\u00a0<\/p>\n<p><span class=\"text-big\"><strong>\u201cY\u00dcZDE 50 KAPAS\u0130TE ARTI\u015eINA G\u0130TT\u0130K\u201d\u00a0<\/strong><\/span><\/p>\n<p>\u00a0<\/p>\n<p><span class=\"text-big\">\u201cYeni yat\u0131r\u0131mlarla tesisleri b\u00fcy\u00fctt\u00fck\u201d diyen Trakya Birlik Y\u00f6netim Kurulu Ba\u015fkan\u0131 \u015eafak K\u0131rbi\u00e7, \u201cTekirda\u011f Entegre Tesisleri\u2019nde y\u00fczde 50 kapasite art\u0131\u015f\u0131na gittik. Tesislerimizi daha da geni\u015fletme hedeflerimiz var. Karacabey&#8217;deki fabrikam\u0131zda da b\u00f6yle bir projemiz var ancak bunlar\u0131 piyasa \u015fartlar\u0131na g\u00f6re de\u011ferlendirerek ger\u00e7ekle\u015ftiriyoruz. \u00dcreticilerden al\u0131nan ay\u00e7i\u00e7ekleri, fabrikalara sevk edildikten sonra i\u015fleniyor ve pazara sunuluyor\u201d ifadelerini kulland\u0131.\u00a0<\/span><\/p>\n<p>\u00a0<\/p>\n<p>\u00a0<\/p>\n<figure class=\"image\"><img decoding=\"async\" src=\"https:\/\/www.marmarahaber.com.tr\/resimler\/2023-12\/18\/128577618750712.webp\"\/><\/figure>\n<p>\u00a0<\/p>\n<p>\u00a0<\/p>\n<p><span class=\"text-big\"><strong>\u201c\u00dcLKE \u00dcRET\u0130M\u0130 \u0130\u00c7\u0130N \u00c7OK C\u0130DD\u0130 RAKAMLAR\u201d<\/strong><\/span><\/p>\n<p>\u00a0<\/p>\n<p><span class=\"text-big\">T\u00fcrkiye&#8217;nin en \u00f6nemli ay\u00e7i\u00e7e\u011fi ya\u011f\u0131 \u00fcreticilerinden olduklar\u0131n\u0131 vurgulayan K\u0131rbi\u00e7, \u015funlar\u0131 kaydetti: &#8220;Trakya Birlik olarak her iki fabrikam\u0131zda y\u0131lda yakla\u015f\u0131k 170 bin ton ay\u00e7i\u00e7e\u011fi ya\u011f\u0131 \u00fcretimi yapmaktay\u0131z. Fabrikalar\u0131m\u0131zda y\u0131lda 15 bin ton kadar margarin \u00fcretimi yap\u0131lmakta. Bunun yan\u0131nda 200 bin ton kadar fenni yem \u00fcretimi ger\u00e7ekle\u015ftirilmekte. Bunlar, \u00fclke \u00fcretimi i\u00e7in \u00e7ok ciddi rakamlar. Bug\u00fcn her 5 evden birinde Trakya Birlik&#8217;in \u00fcr\u00fcnleri kullan\u0131l\u0131yor. Kapasite art\u0131\u015f\u0131yla \u00fcretimimiz daha da artacak. Hedefimiz daha yukar\u0131lara \u00e7\u0131kmak, \u00f6n\u00fcm\u00fczdeki s\u00fcre\u00e7te hem \u00fclke \u00fcretimine hem de \u00e7ift\u00e7ilerimize daha y\u00fcksek bir katk\u0131 vermek istiyoruz&#8221;<\/span><\/p>\n<p>\u00a0<\/p>\n<p><span class=\"text-big\"><strong>AA<\/strong><\/span><\/p>\n<\/p><\/div>\n<p>[ad_2]<br \/>\n<br \/><a href=\"https:\/\/www.marmarahaber.com.tr\/haber\/trakya_birlik_uretim_tesislerini_genisletiyor_-86513.html\">Source link <\/a><\/p>\n","protected":false},"excerpt":{"rendered":"<p>[ad_1] T\u00fcrk halk\u0131na uygun ve kaliteli ya\u011f sunmak i\u00e7in fabrikalar\u0131n 7 g\u00fcn 24 saat esas\u0131na g\u00f6re \u00e7al\u0131\u015ft\u0131\u011f\u0131n\u0131 ifade etti. \u00a0 \u201cY\u00dcZDE 50 KAPAS\u0130TE ARTI\u015eINA G\u0130TT\u0130K\u201d\u00a0 \u00a0 \u201cYeni yat\u0131r\u0131mlarla tesisleri b\u00fcy\u00fctt\u00fck\u201d diyen Trakya Birlik Y\u00f6netim Kurulu Ba\u015fkan\u0131 \u015eafak K\u0131rbi\u00e7, \u201cTekirda\u011f Entegre Tesisleri\u2019nde y\u00fczde 50 kapasite art\u0131\u015f\u0131na gittik. Tesislerimizi daha da geni\u015fletme hedeflerimiz var. Karacabey&#8217;deki fabrikam\u0131zda da [&hellip;]<\/p>\n","protected":false},"author":1,"featured_media":3947,"comment_status":"open","ping_status":"open","sticky":false,"template":"","format":"standard","meta":{"footnotes":""},"categories":[10],"tags":[],"class_list":["post-3946","post","type-post","status-publish","format-standard","has-post-thumbnail","hentry","category-gundem"],"_links":{"self":[{"href":"https:\/\/habermarmaratv.com\/index.php\/wp-json\/wp\/v2\/posts\/3946","targetHints":{"allow":["GET"]}}],"collection":[{"href":"https:\/\/habermarmaratv.com\/index.php\/wp-json\/wp\/v2\/posts"}],"about":[{"href":"https:\/\/habermarmaratv.com\/index.php\/wp-json\/wp\/v2\/types\/post"}],"author":[{"embeddable":true,"href":"https:\/\/habermarmaratv.com\/index.php\/wp-json\/wp\/v2\/users\/1"}],"replies":[{"embeddable":true,"href":"https:\/\/habermarmaratv.com\/index.php\/wp-json\/wp\/v2\/comments?post=3946"}],"version-history":[{"count":0,"href":"https:\/\/habermarmaratv.com\/index.php\/wp-json\/wp\/v2\/posts\/3946\/revisions"}],"wp:featuredmedia":[{"embeddable":true,"href":"https:\/\/habermarmaratv.com\/index.php\/wp-json\/wp\/v2\/media\/3947"}],"wp:attachment":[{"href":"https:\/\/habermarmaratv.com\/index.php\/wp-json\/wp\/v2\/media?parent=3946"}],"wp:term":[{"taxonomy":"category","embeddable":true,"href":"https:\/\/habermarmaratv.com\/index.php\/wp-json\/wp\/v2\/categories?post=3946"},{"taxonomy":"post_tag","embeddable":true,"href":"https:\/\/habermarmaratv.com\/index.php\/wp-json\/wp\/v2\/tags?post=3946"}],"curies":[{"name":"wp","href":"https:\/\/api.w.org\/{rel}","templated":true}]}}