{"id":3944,"date":"2023-12-19T01:36:13","date_gmt":"2023-12-18T22:36:13","guid":{"rendered":"https:\/\/habermarmaratv.com\/index.php\/2023\/12\/19\/cumhurbaskanimiza-cerkezkoyu-tekrar-hediye-edecegiz\/"},"modified":"2023-12-19T01:36:13","modified_gmt":"2023-12-18T22:36:13","slug":"cumhurbaskanimiza-cerkezkoyu-tekrar-hediye-edecegiz","status":"publish","type":"post","link":"https:\/\/habermarmaratv.com\/index.php\/2023\/12\/19\/cumhurbaskanimiza-cerkezkoyu-tekrar-hediye-edecegiz\/","title":{"rendered":"\u201cCumhurba\u015fkan\u0131m\u0131za \u00c7erkezk\u00f6y\u2019\u00fc tekrar hediye edece\u011fiz\u201d"},"content":{"rendered":"<p> [ad_1]<br \/>\n<\/p>\n<div id=\"detaymetin\">\n<p><span class=\"text-big\">AK Parti\u2019nin 13 belediye ba\u015fkan aday aday\u0131n\u0131n tan\u0131t\u0131ld\u0131\u011f\u0131 toplant\u0131da konu\u015fan \u0130l Ba\u015fkan\u0131 Ali G\u00fcm\u00fc\u015f, \u201cGe\u00e7mi\u015f d\u00f6nemlerde AK Parti hizmet yaparken CHP, bizi hizmetsizlikle s\u0131nad\u0131. B\u00fcy\u00fck\u015fehir ve \u00c7erkezk\u00f6y\u2019\u00fc hizmetsizlik girdab\u0131ndan kurtarmakt\u0131r murad\u0131m\u0131z. Cumhurba\u015fkan\u0131m\u0131za \u00c7erkezk\u00f6y\u2019\u00fc tekrar hediye edece\u011fiz\u201d dedi.\u00a0<\/span><\/p>\n<p>\u00a0<\/p>\n<p>\u00a0<\/p>\n<p><span class=\"text-big\">AK Parti Tekirda\u011f \u0130l Ba\u015fkan\u0131 Ali G\u00fcm\u00fc\u015f, AK Parti il\u00e7e y\u00f6netimi, belediye meclis \u00fcyeleri, belediye ba\u015fkan aday adaylar\u0131 Hayrettin \u00c7etinkaya, Kamil \u00c7etinta\u015f, Ali \u00c7olak, Ali Ertem, Atakan Dan\u0131\u015f, Ali D\u00f6nmez, Abdurrahman Yekeler, Sinan Meral, Abdullah \u00d6\u011fe, Serdar Hanedaro\u011flu, Ali Bozda\u011f, Recep Biyik, \u0130rfan Tombalak ve partililerin kat\u0131ld\u0131\u011f\u0131 toplant\u0131n\u0131n a\u00e7\u0131l\u0131\u015f\u0131nda konu\u015fan AK Parti \u00c7erkezk\u00f6y \u0130l\u00e7e Ba\u015fkan\u0131 Salih Azbay, AK Parti\u2019nin kadrolar\u0131n\u0131n her zaman yar\u0131n se\u00e7im olacakm\u0131\u015f gibi haz\u0131r oldu\u011funu belirterek, \u201cBelediye ba\u015fkan aday adaylar\u0131m\u0131zla hem te\u015fkilat\u0131m\u0131zda hem de ticaret odas\u0131nda tan\u0131\u015fma toplant\u0131s\u0131 ger\u00e7ekle\u015ftirdik. Te\u015fkilat\u0131m\u0131zla i\u00e7 i\u00e7e olmayan bir iki aday\u0131m\u0131z vard\u0131. Hem onlar\u0131 tan\u0131\u015ft\u0131rma f\u0131rsat\u0131 bulduk hem de bizler tan\u0131\u015ft\u0131k. \u00a010 y\u0131l boyunca itibars\u0131z hale getirilen \u00c7erkezk\u00f6y\u2019\u00fc yeniden itibarl\u0131 hale getirece\u011fimize y\u00fcrekten inan\u0131yorum. Hata yapacak zaman\u0131m\u0131z ya da \u015fans\u0131m\u0131z var. Dolay\u0131s\u0131yla Allah bizi nefsimize uydurmas\u0131n. 2024\u2019te AK Parti ve Cumhur \u0130ttifak\u0131 bayra\u011f\u0131n\u0131 belediyeye dikece\u011fiz in\u015fallah\u201d dedi.\u00a0<\/span><\/p>\n<p>\u00a0<\/p>\n<p>\u00a0<\/p>\n<figure class=\"image\"><img decoding=\"async\" src=\"https:\/\/www.marmarahaber.com.tr\/resimler\/2023-12\/18\/913282111261189.webp\"\/><\/figure>\n<p>\u00a0<\/p>\n<p>\u00a0<\/p>\n<p>\u00a0<\/p>\n<p><span class=\"text-big\"><strong>\u201cGECE G\u00dcND\u00dcZ \u00c7ALI\u015eMALIYIZ\u201d<\/strong><\/span><\/p>\n<p>\u00a0<\/p>\n<p><span class=\"text-big\">Gaziosmanpa\u015fa Mahalle Ba\u015fkan\u0131 Osman \u015eeng\u00fcl\u2019\u00fcn ard\u0131ndan konu\u015fan AK Parti \u00c7erkezk\u00f6y Belediyesi Meclisi Parti S\u00f6zc\u00fcs\u00fc Adem \u0130\u00e7li de, \u201cBu s\u00fcre\u00e7te T\u00fcrkiye Y\u00fczy\u0131l\u0131nda \u00c7erkezk\u00f6y\u2019\u00fc yeniden AK Belediyecilik anlay\u0131\u015f\u0131 ile bulu\u015fturmak i\u00e7in gece g\u00fcnd\u00fcz \u00e7al\u0131\u015fmal\u0131y\u0131z. Kap\u0131m\u0131z\u0131 \u00e7al\u0131p, te\u015fkilat\u0131m\u0131za ziyaretimize gelen, daima yan\u0131m\u0131zda olan hem\u015fehrilerimiz ile birlik ve beraberlik ba\u011flar\u0131 kurup yeni bir lokasyon olu\u015fturaca\u011f\u0131m\u0131z\u0131n inanc\u0131 i\u00e7erisindeyiz\u201d dedi.\u00a0<\/span><\/p>\n<p>\u00a0<\/p>\n<p><span class=\"text-big\"><strong>\u201cTEMAY\u00dcL YOKLAMASINI YAPTIK\u201d<\/strong><\/span><\/p>\n<p>\u00a0<\/p>\n<p><span class=\"text-big\">AK Parti \u00c7erkezk\u00f6y Te\u015fkilatlanma Ba\u015fkan\u0131 Nihat Erim Mert ve \u0130l\u00e7e Gen\u00e7lik Kollar\u0131 Ba\u015fkan\u0131 Muhammed Turgut Karata\u015f\u2019\u0131n ard\u0131ndan AK Parti Tekirda\u011f \u0130l Ba\u015fkan\u0131 Ali G\u00fcm\u00fc\u015f konu\u015fma yapt\u0131. G\u00fcm\u00fc\u015f, \u201cBelediye ba\u015fkan aday adaylar\u0131m\u0131z\u0131 belirledik ve temay\u00fcl yoklamas\u0131n\u0131 da yapt\u0131k. Halen il\u00e7e ba\u015fkanl\u0131klar\u0131m\u0131zda belediye meclis \u00fcyelikleri i\u00e7in aday adayl\u0131\u011f\u0131 m\u00fcracaatlar\u0131 s\u00fcr\u00fcyor. Di\u011fer partilere nazaran bizim parti i\u00e7i aday adayl\u0131k m\u00fccadelesi diye bir \u015fey yok. \u00c7\u00fcnk\u00fc bizler ilerde ger\u00e7ekle\u015fecek mahalli idareler se\u00e7imine nas\u0131l katk\u0131da bulunuruzun aray\u0131\u015f\u0131 i\u00e7erisindeyiz\u201d diye konu\u015ftu.\u00a0<\/span><\/p>\n<p>\u00a0<\/p>\n<p>\u00a0<\/p>\n<figure class=\"image\"><img decoding=\"async\" src=\"https:\/\/www.marmarahaber.com.tr\/resimler\/2023-12\/18\/1049111257896497.webp\"\/><\/figure>\n<p>\u00a0<\/p>\n<p>\u00a0<\/p>\n<p><span class=\"text-big\"><strong>\u201cCHP, B\u0130Z\u0130 H\u0130ZMETS\u0130ZL\u0130KLE SINADI\u201d<\/strong><\/span><\/p>\n<p>\u00a0<\/p>\n<p><span class=\"text-big\">Kimsenin vazge\u00e7ilmez olmad\u0131\u011f\u0131n\u0131 s\u00f6yleyen \u0130l Ba\u015fkan\u0131 Ali G\u00fcm\u00fc\u015f, \u201cBizim partimizde tek vazge\u00e7ilmez ki\u015fisi Genel Ba\u015fkan\u0131m\u0131z Recep Tayyip Erdo\u011fan\u2019d\u0131r. Dolay\u0131s\u0131yla bizim partimizde k\u0131rg\u0131nl\u0131k, k\u00fcsk\u00fcnl\u00fck, \u00e7elme takma gibi hareketler olmaz olmayacak da. Zaten genel se\u00e7imde de yerel se\u00e7imde de di\u011fer partilerde k\u0131rg\u0131nl\u0131klar ayr\u0131lma olur, AK Parti devam eder. 2014 ve 2019\u2019da sizlerin de g\u00f6rd\u00fc\u011f\u00fc \u00fczere belediye meclis \u00fcyemizin de sizlere bilgi verdi\u011fi \u00fczere bir hizmetsizlik durumu ya\u015fand\u0131. Ge\u00e7mi\u015f d\u00f6nemlerde AK Parti hizmet yaparken CHP, bizi hizmetsizlikle s\u0131nad\u0131. B\u00fcy\u00fck\u015fehir ve \u00c7erkezk\u00f6y\u2019\u00fc hizmetsizlik girdab\u0131ndan kurtarmakt\u0131r murad\u0131m\u0131z. Mali idareler se\u00e7iminden beklentimiz de bu\u201d dedi.\u00a0<\/span><\/p>\n<p>\u00a0<\/p>\n<p><span class=\"text-big\"><strong>\u201c\u00c7ERKEZK\u00d6Y\u2019DE 5 SENE DAHA AZAP \u00c7EKEMEY\u0130Z\u201d<\/strong><\/span><\/p>\n<p>\u00a0<\/p>\n<p><span class=\"text-big\">\u00c7erkezk\u00f6y\u2019de bir AK Parti ruhunun oldu\u011funu s\u00f6yleyen G\u00fcm\u00fc\u015f, \u201c\u015eu an Kapakl\u0131, \u00c7erkezk\u00f6y\u2019\u00fc ge\u00e7se de, Cumhurba\u015fkan\u0131m\u0131za en b\u00fcy\u00fck deste\u011fi veren iki il\u00e7e \u00c7erkezk\u00f6y ve Kapakl\u0131 idi. \u00c7erkezk\u00f6yl\u00fc hem\u015fehrilerimizin bu se\u00e7imde deste\u011fini eksiltti\u011fini g\u00f6rd\u00fck. Burada kazanmamay\u0131 akl\u0131m\u0131zdan bile ge\u00e7irmiyoruz. Allah\u2019\u0131n izniyle \u00c7erkezk\u00f6y\u2019\u00fc biz alaca\u011f\u0131z. Aday adaylar\u0131m\u0131zda o heyecan\u0131 da g\u00f6rd\u00fck. Sizlerden yeniden \u00c7erkezk\u00f6y\u2019\u00fc kazanmak i\u00e7in s\u00f6z alabilir miyiz? Kazanmamay\u0131 akl\u0131n\u0131zdan bile ge\u00e7irmeyin. Sizler s\u00f6z verdiniz, aday adaylar\u0131m\u0131z s\u00f6z verdi, biz hep beraber olursak o foto\u011fraf\u0131 korursak ba\u015far\u0131s\u0131zl\u0131k i\u00e7in hi\u00e7bir mazeretimiz olmaz. S\u00f6z\u00fcm\u00fczden d\u00f6nemeyiz. Maazallah kazaya mahal yoktur. \u00c7erkezk\u00f6y\u2019de 5 sene daha azap \u00e7ekemeyiz. Bu i\u015fin telafisi yok. Cumhurba\u015fkan\u0131m\u0131za \u00c7erkezk\u00f6y\u2019\u00fc tekrar hediye edece\u011fiz\u201d ifadelerini kulland\u0131.\u00a0<\/span><\/p>\n<p>\u00a0<\/p>\n<p><span class=\"text-big\"><strong>Haber \/ G\u00fclveren ALTUNO\u011eLU<\/strong><\/span><\/p>\n<\/p><\/div>\n<p>[ad_2]<br \/>\n<br \/><a href=\"https:\/\/www.marmarahaber.com.tr\/haber\/cumhurbaskanimiza_cerkezkoyu_tekrar_hediye_edecegiz_-86515.html\">Source link <\/a><\/p>\n","protected":false},"excerpt":{"rendered":"<p>[ad_1] AK Parti\u2019nin 13 belediye ba\u015fkan aday aday\u0131n\u0131n tan\u0131t\u0131ld\u0131\u011f\u0131 toplant\u0131da konu\u015fan \u0130l Ba\u015fkan\u0131 Ali G\u00fcm\u00fc\u015f, \u201cGe\u00e7mi\u015f d\u00f6nemlerde AK Parti hizmet yaparken CHP, bizi hizmetsizlikle s\u0131nad\u0131. B\u00fcy\u00fck\u015fehir ve \u00c7erkezk\u00f6y\u2019\u00fc hizmetsizlik girdab\u0131ndan kurtarmakt\u0131r murad\u0131m\u0131z. Cumhurba\u015fkan\u0131m\u0131za \u00c7erkezk\u00f6y\u2019\u00fc tekrar hediye edece\u011fiz\u201d dedi.\u00a0 \u00a0 \u00a0 AK Parti Tekirda\u011f \u0130l Ba\u015fkan\u0131 Ali G\u00fcm\u00fc\u015f, AK Parti il\u00e7e y\u00f6netimi, belediye meclis \u00fcyeleri, belediye [&hellip;]<\/p>\n","protected":false},"author":1,"featured_media":3945,"comment_status":"open","ping_status":"open","sticky":false,"template":"","format":"standard","meta":{"footnotes":""},"categories":[10],"tags":[],"class_list":["post-3944","post","type-post","status-publish","format-standard","has-post-thumbnail","hentry","category-gundem"],"_links":{"self":[{"href":"https:\/\/habermarmaratv.com\/index.php\/wp-json\/wp\/v2\/posts\/3944","targetHints":{"allow":["GET"]}}],"collection":[{"href":"https:\/\/habermarmaratv.com\/index.php\/wp-json\/wp\/v2\/posts"}],"about":[{"href":"https:\/\/habermarmaratv.com\/index.php\/wp-json\/wp\/v2\/types\/post"}],"author":[{"embeddable":true,"href":"https:\/\/habermarmaratv.com\/index.php\/wp-json\/wp\/v2\/users\/1"}],"replies":[{"embeddable":true,"href":"https:\/\/habermarmaratv.com\/index.php\/wp-json\/wp\/v2\/comments?post=3944"}],"version-history":[{"count":0,"href":"https:\/\/habermarmaratv.com\/index.php\/wp-json\/wp\/v2\/posts\/3944\/revisions"}],"wp:featuredmedia":[{"embeddable":true,"href":"https:\/\/habermarmaratv.com\/index.php\/wp-json\/wp\/v2\/media\/3945"}],"wp:attachment":[{"href":"https:\/\/habermarmaratv.com\/index.php\/wp-json\/wp\/v2\/media?parent=3944"}],"wp:term":[{"taxonomy":"category","embeddable":true,"href":"https:\/\/habermarmaratv.com\/index.php\/wp-json\/wp\/v2\/categories?post=3944"},{"taxonomy":"post_tag","embeddable":true,"href":"https:\/\/habermarmaratv.com\/index.php\/wp-json\/wp\/v2\/tags?post=3944"}],"curies":[{"name":"wp","href":"https:\/\/api.w.org\/{rel}","templated":true}]}}