{"id":3942,"date":"2023-12-19T00:27:59","date_gmt":"2023-12-18T21:27:59","guid":{"rendered":"https:\/\/habermarmaratv.com\/index.php\/2023\/12\/19\/kibris-gazisi-buyuk-askeri-torenle-sonsuzluga-ugurlandi\/"},"modified":"2023-12-19T00:27:59","modified_gmt":"2023-12-18T21:27:59","slug":"kibris-gazisi-buyuk-askeri-torenle-sonsuzluga-ugurlandi","status":"publish","type":"post","link":"https:\/\/habermarmaratv.com\/index.php\/2023\/12\/19\/kibris-gazisi-buyuk-askeri-torenle-sonsuzluga-ugurlandi\/","title":{"rendered":"K\u0131br\u0131s Gazisi B\u00fcy\u00fck, askeri t\u00f6renle sonsuzlu\u011fa u\u011furland\u0131"},"content":{"rendered":"<p> [ad_1]<br \/>\n<\/p>\n<div id=\"detaymetin\">\n<p><span class=\"text-huge\">K\u0131br\u0131s gazisi Dursun B\u00fcy\u00fck, Pazar g\u00fcn\u00fc d\u00fczenlenen askeri t\u00f6renle sonsuzlu\u011fa u\u011furland\u0131. Cenazeye, \u015eark\u00f6y Kaymakam\u0131 Dr. Ahmet Naci Helvac\u0131, \u015eark\u00f6y Belediye Ba\u015fkan\u0131 Alpay Var, 95.Z\u0131rhl\u0131 Tugay Komutan\u0131 Tank Albay Fatih Solmazlar, Emniyet M\u00fcd\u00fcr\u00fc Bilal Erdem, B\u00fcy\u00fck ailesinin yak\u0131nlar\u0131 ve vatanda\u015flar kat\u0131ld\u0131. Cenaze namaz\u0131 ve t\u00f6renin ard\u0131ndan B\u00fcy\u00fck&#8217;\u00fcn cenazesi, Yeni \u015eark\u00f6y \u0130l\u00e7e Mezarl\u0131\u011f\u0131&#8217;na defnedildi.<\/span><\/p>\n<p>\u00a0<\/p>\n<p><span class=\"text-huge\"><strong>Haber \/ Ercan ERDA\u011e<\/strong><\/span><\/p>\n<p>\u00a0<\/p>\n<figure class=\"image\"><img decoding=\"async\" src=\"https:\/\/www.marmarahaber.com.tr\/resimler\/2023-12\/18\/347291067017320.webp\"\/><\/figure>\n<p>\u00a0<\/p>\n<\/p><\/div>\n<p>[ad_2]<br \/>\n<br \/><a href=\"https:\/\/www.marmarahaber.com.tr\/haber\/kibris_gazisi_buyuk_askeri_torenle_sonsuzluga_ugurlandi-86516.html\">Source link <\/a><\/p>\n","protected":false},"excerpt":{"rendered":"<p>[ad_1] K\u0131br\u0131s gazisi Dursun B\u00fcy\u00fck, Pazar g\u00fcn\u00fc d\u00fczenlenen askeri t\u00f6renle sonsuzlu\u011fa u\u011furland\u0131. Cenazeye, \u015eark\u00f6y Kaymakam\u0131 Dr. Ahmet Naci Helvac\u0131, \u015eark\u00f6y Belediye Ba\u015fkan\u0131 Alpay Var, 95.Z\u0131rhl\u0131 Tugay Komutan\u0131 Tank Albay Fatih Solmazlar, Emniyet M\u00fcd\u00fcr\u00fc Bilal Erdem, B\u00fcy\u00fck ailesinin yak\u0131nlar\u0131 ve vatanda\u015flar kat\u0131ld\u0131. Cenaze namaz\u0131 ve t\u00f6renin ard\u0131ndan B\u00fcy\u00fck&#8217;\u00fcn cenazesi, Yeni \u015eark\u00f6y \u0130l\u00e7e Mezarl\u0131\u011f\u0131&#8217;na defnedildi. \u00a0 Haber [&hellip;]<\/p>\n","protected":false},"author":1,"featured_media":3943,"comment_status":"open","ping_status":"open","sticky":false,"template":"","format":"standard","meta":{"footnotes":""},"categories":[10],"tags":[],"class_list":["post-3942","post","type-post","status-publish","format-standard","has-post-thumbnail","hentry","category-gundem"],"_links":{"self":[{"href":"https:\/\/habermarmaratv.com\/index.php\/wp-json\/wp\/v2\/posts\/3942","targetHints":{"allow":["GET"]}}],"collection":[{"href":"https:\/\/habermarmaratv.com\/index.php\/wp-json\/wp\/v2\/posts"}],"about":[{"href":"https:\/\/habermarmaratv.com\/index.php\/wp-json\/wp\/v2\/types\/post"}],"author":[{"embeddable":true,"href":"https:\/\/habermarmaratv.com\/index.php\/wp-json\/wp\/v2\/users\/1"}],"replies":[{"embeddable":true,"href":"https:\/\/habermarmaratv.com\/index.php\/wp-json\/wp\/v2\/comments?post=3942"}],"version-history":[{"count":0,"href":"https:\/\/habermarmaratv.com\/index.php\/wp-json\/wp\/v2\/posts\/3942\/revisions"}],"wp:featuredmedia":[{"embeddable":true,"href":"https:\/\/habermarmaratv.com\/index.php\/wp-json\/wp\/v2\/media\/3943"}],"wp:attachment":[{"href":"https:\/\/habermarmaratv.com\/index.php\/wp-json\/wp\/v2\/media?parent=3942"}],"wp:term":[{"taxonomy":"category","embeddable":true,"href":"https:\/\/habermarmaratv.com\/index.php\/wp-json\/wp\/v2\/categories?post=3942"},{"taxonomy":"post_tag","embeddable":true,"href":"https:\/\/habermarmaratv.com\/index.php\/wp-json\/wp\/v2\/tags?post=3942"}],"curies":[{"name":"wp","href":"https:\/\/api.w.org\/{rel}","templated":true}]}}