{"id":3940,"date":"2023-12-18T23:18:07","date_gmt":"2023-12-18T20:18:07","guid":{"rendered":"https:\/\/habermarmaratv.com\/index.php\/2023\/12\/18\/genel-baskan-mutlu-cerkezkoyde-partililerle-bir-araya-geldi\/"},"modified":"2023-12-18T23:18:07","modified_gmt":"2023-12-18T20:18:07","slug":"genel-baskan-mutlu-cerkezkoyde-partililerle-bir-araya-geldi","status":"publish","type":"post","link":"https:\/\/habermarmaratv.com\/index.php\/2023\/12\/18\/genel-baskan-mutlu-cerkezkoyde-partililerle-bir-araya-geldi\/","title":{"rendered":"Genel Ba\u015fkan Mutlu, \u00c7erkezk\u00f6y\u2019de partililerle bir araya geldi"},"content":{"rendered":"<p> [ad_1]<br \/>\n<br \/><img decoding=\"async\" src=\"https:\/\/www.marmarahaber.com.tr\/resimler\/2023-12\/18\/643761616615583.webp\" \/><\/p>\n<div id=\"detaymetin\">\n<p><span class=\"text-big\">T\u00fcrkiye De\u011fi\u015fim Partisi (TDP) ve Merkez Parti&#8217;den ayr\u0131lanlar\u0131n bir araya gelmesiyle T\u00fcrkiye&#8217;nin 129. siyasi partisi olarak Temmuz ay\u0131nda kurulan Yerli ve Milli Parti\u2019nin Genel Ba\u015fkan\u0131 Teoman Mutlu, \u00c7erkezk\u00f6y\u2019de partililerle bir araya geldi.\u00a0<\/span><\/p>\n<p>\u00a0<\/p>\n<p><span class=\"text-big\">Ge\u00e7ti\u011fimiz hafta Saadet Partisi Kocaeli Milletvekili Hasan Bitmez&#8217;in hayat\u0131n\u0131 kaybetmesinin ard\u0131ndan Cumhuriyet Halk Partisi K\u00fctahya Milletvekili Ali Faz\u0131l Kasap\u2019\u0131n TBMM\u2019de grubu d\u00fc\u015fen Saadet Partisi\u2019ne ge\u00e7mesini de\u011ferlendiren Yerli ve Milli Parti Genel Ba\u015fkan\u0131 Teoman Mutlu, \u201cBu Halk DEVA Partisi\u2019ne oy verdi mi? Vermedi. Hay\u0131r Kurumu gibi davranan CHP onlar\u0131 meclise soktu.\u00a0 Bu Halk Gelecek Partisi\u2019ne oy verdi mi? Vermedi. Yard\u0131m Derne\u011fi gibi davranan CHP onlar\u0131 da meclise soktu. Bu Halk Saadet Partisi\u2019ne oy verdi mi? Koltuk de\u011fne\u011fi gibi ya\u015fayan CHP onlar\u0131 da meclise soktu. Bu halk Gelecek ve Saadet\u2019e grup kurma izni verdi mi? Vermedi. Onlar keyfi grup kurdular. Bu hafta bir vefat sebebiyle grup d\u00fc\u015f\u00fcnce, Atat\u00fcrk\u2019\u00fcn kurdu\u011fu CHP, i\u00e7inde bir\u00e7ok Atat\u00fcrk d\u00fc\u015fman\u0131 olan Saadet\u2019e bir Sosyal Demokrat vekili ba\u011f\u0131\u015flad\u0131. Tekrar grup kurdurdu\u201d dedi.<\/span><\/p>\n<p><span class=\"text-big\">\u00a0<\/span><\/p>\n<p><span class=\"text-big\"><strong>\u201cARTIK BU MECL\u0130S\u0130N YEN\u0130LENME MECBUR\u0130YET\u0130 VARDIR\u201d<\/strong><\/span><\/p>\n<p>\u00a0<\/p>\n<p><span class=\"text-big\">Ayn\u0131 CHP\u2019nin, se\u00e7ime giremeyen \u0130Y\u0130 Parti\u2019ye de hediye etti\u011fi vekillerle se\u00e7ime girmesini sa\u011flad\u0131\u011f\u0131n\u0131 ifade eden Mutlu, \u201c\u015eimdi akl\u0131 ve vicdan\u0131 olan herkese soruyorum: Bu meclis halk\u0131 temsil edebilir mi? Meclis&#8217;in halk\u0131n deste\u011fini yitirdi. 2025\u2019de acil se\u00e7im yap\u0131lmal\u0131d\u0131r. Demokrasiye inanan, hukuku i\u00e7selle\u015ftirmi\u015f, vicdan sahibi herkese sesleniyorum. Halk\u0131n asla haberi olmayan, iradesi olmayan bu suni olu\u015fumlar\u0131 halka sordunuz mu? Halk\u0131n onaylamad\u0131\u011f\u0131, b\u00f6yle keyfi ve suni birliktelikler demokrasiye uyar m\u0131? B\u00fct\u00fcn bu olaylar\u0131 bir arada g\u00f6z \u00f6n\u00fcne al\u0131nca, art\u0131k bu meclisin yenilenme mecburiyeti vard\u0131r\u201d ifadelerini kulland\u0131. Mutlu, mecliste AK Partili vekillerin yapt\u0131\u011f\u0131 mangal partisini de ele\u015ftirdi.\u00a0<\/span><\/p>\n<p>\u00a0<\/p>\n<p><span class=\"text-big\"><strong>Haber \/ \u0130rem\u00a0BAN\u00c7O<\/strong><\/span><\/p>\n<\/p><\/div>\n<p>[ad_2]<br \/>\n<br \/><a href=\"https:\/\/www.marmarahaber.com.tr\/haber\/genel_baskan_mutlu_cerkezkoyde_partililerle_bir_araya_geldi-86519.html\">Source link <\/a><\/p>\n","protected":false},"excerpt":{"rendered":"<p>[ad_1] T\u00fcrkiye De\u011fi\u015fim Partisi (TDP) ve Merkez Parti&#8217;den ayr\u0131lanlar\u0131n bir araya gelmesiyle T\u00fcrkiye&#8217;nin 129. siyasi partisi olarak Temmuz ay\u0131nda kurulan Yerli ve Milli Parti\u2019nin Genel Ba\u015fkan\u0131 Teoman Mutlu, \u00c7erkezk\u00f6y\u2019de partililerle bir araya geldi.\u00a0 \u00a0 Ge\u00e7ti\u011fimiz hafta Saadet Partisi Kocaeli Milletvekili Hasan Bitmez&#8217;in hayat\u0131n\u0131 kaybetmesinin ard\u0131ndan Cumhuriyet Halk Partisi K\u00fctahya Milletvekili Ali Faz\u0131l Kasap\u2019\u0131n TBMM\u2019de grubu [&hellip;]<\/p>\n","protected":false},"author":1,"featured_media":3941,"comment_status":"open","ping_status":"open","sticky":false,"template":"","format":"standard","meta":{"footnotes":""},"categories":[10],"tags":[],"class_list":["post-3940","post","type-post","status-publish","format-standard","has-post-thumbnail","hentry","category-gundem"],"_links":{"self":[{"href":"https:\/\/habermarmaratv.com\/index.php\/wp-json\/wp\/v2\/posts\/3940","targetHints":{"allow":["GET"]}}],"collection":[{"href":"https:\/\/habermarmaratv.com\/index.php\/wp-json\/wp\/v2\/posts"}],"about":[{"href":"https:\/\/habermarmaratv.com\/index.php\/wp-json\/wp\/v2\/types\/post"}],"author":[{"embeddable":true,"href":"https:\/\/habermarmaratv.com\/index.php\/wp-json\/wp\/v2\/users\/1"}],"replies":[{"embeddable":true,"href":"https:\/\/habermarmaratv.com\/index.php\/wp-json\/wp\/v2\/comments?post=3940"}],"version-history":[{"count":0,"href":"https:\/\/habermarmaratv.com\/index.php\/wp-json\/wp\/v2\/posts\/3940\/revisions"}],"wp:featuredmedia":[{"embeddable":true,"href":"https:\/\/habermarmaratv.com\/index.php\/wp-json\/wp\/v2\/media\/3941"}],"wp:attachment":[{"href":"https:\/\/habermarmaratv.com\/index.php\/wp-json\/wp\/v2\/media?parent=3940"}],"wp:term":[{"taxonomy":"category","embeddable":true,"href":"https:\/\/habermarmaratv.com\/index.php\/wp-json\/wp\/v2\/categories?post=3940"},{"taxonomy":"post_tag","embeddable":true,"href":"https:\/\/habermarmaratv.com\/index.php\/wp-json\/wp\/v2\/tags?post=3940"}],"curies":[{"name":"wp","href":"https:\/\/api.w.org\/{rel}","templated":true}]}}